{"id":2250,"date":"2015-02-05T09:19:47","date_gmt":"2015-02-05T08:19:47","guid":{"rendered":"http:\/\/www.enviroscop.fr\/actu\/?p=2250"},"modified":"2015-02-05T09:22:50","modified_gmt":"2015-02-05T08:22:50","slug":"manuel-valls-et-segolene-royal-presentent-la-feuille-de-route-issue-de-la-conference-environnementale","status":"publish","type":"post","link":"https:\/\/www.enviroscop.fr\/actu\/2015\/02\/manuel-valls-et-segolene-royal-presentent-la-feuille-de-route-issue-de-la-conference-environnementale\/","title":{"rendered":"Manuel Valls et S\u00e9gol\u00e8ne Royal pr\u00e9sentent la feuille de route issue de la conf\u00e9rence environnementale"},"content":{"rendered":"<p>74 mesures pour faire de la France le pays de l\u2019excellence environnementale. C\u2019est l\u2019objectif de la feuille de route issue de la troisi\u00e8me conf\u00e9rence environnementale adopt\u00e9e par le Gouvernement en Conseil des ministres le 4 f\u00e9vrier et pr\u00e9sent\u00e9e ensuite aux membres du Conseil national de la transition \u00e9cologique par le Premier ministre Manuel Valls et la ministre de l\u2019\u00c9cologie S\u00e9gol\u00e8ne Royal.<\/p>\n<p>L&rsquo;int\u00e9gralit\u00e9 de la pr\u00e9sentation sur le site du Minist\u00e8re : <a href=\"http:\/\/www.developpement-durable.gouv.fr\/Manuel-Valls-et-Segolene-Royal.html\">Manuel Valls et S\u00e9gol\u00e8ne Royal pr\u00e9sentent la feuille de route issue de la conf\u00e9rence environnementale &#8211; Minist\u00e8re du D\u00e9veloppement durable<\/a>.<\/p>\n<p><img data-recalc-dims=\"1\" decoding=\"async\" src=\"https:\/\/i0.wp.com\/www.developpement-durable.gouv.fr\/IMG\/15022_10actions-confENV_INFOG_684x1616.jpg?w=750\" alt=\"\" \/><\/p>\n","protected":false},"excerpt":{"rendered":"<p>74 mesures pour faire de la France le pays de l\u2019excellence environnementale. C\u2019est l\u2019objectif de la feuille de route issue de la troisi\u00e8me conf\u00e9rence environnementale adopt\u00e9e par le Gouvernement en Conseil des ministres le 4 f\u00e9vrier et pr\u00e9sent\u00e9e ensuite aux membres du Conseil national de la transition \u00e9cologique par le Premier ministre Manuel Valls et &hellip; <\/p>\n<p><a class=\"more-link btn\" href=\"https:\/\/www.enviroscop.fr\/actu\/2015\/02\/manuel-valls-et-segolene-royal-presentent-la-feuille-de-route-issue-de-la-conference-environnementale\/\">Lire la suite<\/a><\/p>\n","protected":false},"author":1,"featured_media":0,"comment_status":"open","ping_status":"open","sticky":false,"template":"","format":"standard","meta":{"jetpack_post_was_ever_published":false,"_jetpack_newsletter_access":"","_jetpack_dont_email_post_to_subs":false,"_jetpack_newsletter_tier_id":0,"_jetpack_memberships_contains_paywalled_content":false,"_jetpack_memberships_contains_paid_content":false,"footnotes":"","jetpack_publicize_message":"","jetpack_publicize_feature_enabled":true,"jetpack_social_post_already_shared":true,"jetpack_social_options":{"image_generator_settings":{"template":"highway","default_image_id":0,"font":"","enabled":false},"version":2}},"categories":[20,68,38],"tags":[],"class_list":["post-2250","post","type-post","status-publish","format-standard","hentry","category-durable","category-france","category-ministere","item-wrap"],"jetpack_publicize_connections":[],"jetpack_featured_media_url":"","jetpack_shortlink":"https:\/\/wp.me\/p3rXAp-Ai","jetpack_likes_enabled":true,"jetpack-related-posts":[{"id":2156,"url":"https:\/\/www.enviroscop.fr\/actu\/2014\/11\/la-conference-environnementale-2014-27-et-28-novembre-ministere-du-developpement-durable\/","url_meta":{"origin":2250,"position":0},"title":"La Conf\u00e9rence environnementale 2014 : 27 et 28 novembre &#8211; Minist\u00e8re du D\u00e9veloppement durable","author":"Enviroscop","date":"25 novembre 2014","format":false,"excerpt":"En la pla\u00e7ant sous le signe de la transition \u00e9nerg\u00e9tique et de la pr\u00e9paration de la Conf\u00e9rence Paris Climat 2015, S\u00e9gol\u00e8ne Royal, ministre de l\u2019Ecologie, du D\u00e9veloppement durable et de l\u2019Energie lance la Conf\u00e9rence Environnementale 2014 permettant de lancer les chantiers ambitieux pour faire de la France la nation de\u2026","rel":"","context":"Dans &quot;durable&quot;","block_context":{"text":"durable","link":"https:\/\/www.enviroscop.fr\/actu\/category\/durable\/"},"img":{"alt_text":"","src":"","width":0,"height":0},"classes":[]},{"id":1278,"url":"https:\/\/www.enviroscop.fr\/actu\/2013\/07\/etats-generaux-de-la-modernisation-du-droit-de-lenvironnement-bilan-detape-ministere-du-developpement-durable\/","url_meta":{"origin":2250,"position":1},"title":"Etats g\u00e9n\u00e9raux de la modernisation du droit de l\u2019environnement : bilan d&rsquo;\u00e9tape &#8211; Minist\u00e8re du D\u00e9veloppement durable","author":"Enviroscop","date":"18 juillet 2013","format":false,"excerpt":"Philippe Martin a pr\u00e9sent\u00e9 une communication relative au bilan d\u2019\u00e9tape des Etats g\u00e9n\u00e9raux de la modernisation du droit de l\u2019environnement au Conseil des ministres du 17 juillet 2013. La tenue de tels \u00e9tats g\u00e9n\u00e9raux constituait un engagement de la feuille de route pour la transition \u00e9cologique issue de la conf\u00e9rence\u2026","rel":"","context":"Dans &quot;durable&quot;","block_context":{"text":"durable","link":"https:\/\/www.enviroscop.fr\/actu\/category\/durable\/"},"img":{"alt_text":"17141_une","src":"https:\/\/i0.wp.com\/www.enviroscop.fr\/actu\/wp-content\/uploads\/2013\/05\/17141_une-300x152.jpg?resize=350%2C200","width":350,"height":200},"classes":[]},{"id":1825,"url":"https:\/\/www.enviroscop.fr\/actu\/2014\/02\/transition-ecologique-publication-des-lettres-de-cadrage-2014-ministere-du-developpement-durable\/","url_meta":{"origin":2250,"position":2},"title":"Transition \u00e9cologique : publication des lettres de cadrage 2014 &#8211; Minist\u00e8re du D\u00e9veloppement durable","author":"Enviroscop","date":"20 f\u00e9vrier 2014","format":false,"excerpt":"Philippe Martin a pr\u00e9sent\u00e9, le 19 f\u00e9vrier 2014, une communication relative aux lettres de cadrage pour la transition \u00e9cologique au Conseil des ministres. Depuis 20 mois, le Gouvernement a amplifi\u00e9 l\u2019engagement de la France sur la voie de la transition \u00e9cologiqueIl a r\u00e9uni, en septembre 2012 et 2013, deux Conf\u00e9rences\u2026","rel":"","context":"Dans &quot;Climat&quot;","block_context":{"text":"Climat","link":"https:\/\/www.enviroscop.fr\/actu\/category\/climat\/"},"img":{"alt_text":"","src":"","width":0,"height":0},"classes":[]},{"id":1955,"url":"https:\/\/www.enviroscop.fr\/actu\/2014\/06\/loi-de-programmation-sur-la-transition-energetique\/","url_meta":{"origin":2250,"position":3},"title":"Loi de programmation sur la transition \u00e9nerg\u00e9tique","author":"Enviroscop","date":"5 juin 2014","format":false,"excerpt":"Les grandes lignes du\u00a0projet de loi de programmation sur la transition \u00e9nerg\u00e9tique seront pr\u00e9sent\u00e9es par S\u00e9gol\u00e8ne Royal, ministre de l'Ecologie et de l'Energie, lors du Conseil des ministres du 11 juin prochain. Ce texte sera ensuite soumis aux diff\u00e9rentes commissions consultatives : conseil national de la transition \u00e9nerg\u00e9tique (CNTE), conseil\u2026","rel":"","context":"Dans &quot;Economie&quot;","block_context":{"text":"Economie","link":"https:\/\/www.enviroscop.fr\/actu\/category\/activite\/economie\/"},"img":{"alt_text":"","src":"","width":0,"height":0},"classes":[]},{"id":2142,"url":"https:\/\/www.enviroscop.fr\/actu\/2014\/11\/plan-national-sante-environnement-les-nouvelles-mesures-ministere-du-developpement-durable\/","url_meta":{"origin":2250,"position":4},"title":"Plan national sant\u00e9 environnement : les nouvelles mesures &#8211; Minist\u00e8re du D\u00e9veloppement durable","author":"Enviroscop","date":"17 novembre 2014","format":false,"excerpt":"L\u2019environnement joue un r\u00f4le majeur sur la sant\u00e9 et sa d\u00e9gradation entra\u00eene des atteintes parfois tr\u00e8s graves. S\u00e9gol\u00e8ne Royal et Marisol Touraine, Ministre des Affaires sociales, de la Sant\u00e9 et des Droits des femmes ont pr\u00e9sent\u00e9 le nouveau plan sant\u00e9-environnement (PNSE), en Conseil des Ministres le 12 novembre. Il mobilise\u2026","rel":"","context":"Dans &quot;Enviroscop&quot;","block_context":{"text":"Enviroscop","link":"https:\/\/www.enviroscop.fr\/actu\/category\/non-classe\/"},"img":{"alt_text":"","src":"","width":0,"height":0},"classes":[]},{"id":1733,"url":"https:\/\/www.enviroscop.fr\/actu\/2014\/01\/adoption-de-lavis-sur-le-rapport-au-parlement-sur-la-mise-en-oeuvre-de-la-strategie-nationale-de-developpement-durable-ministere-du-developpement-durable\/","url_meta":{"origin":2250,"position":5},"title":"Adoption de l&rsquo;avis sur le rapport au Parlement sur la mise en \u0153uvre de la strat\u00e9gie nationale de d\u00e9veloppement durable &#8211; Minist\u00e8re du D\u00e9veloppement durable","author":"Enviroscop","date":"21 janvier 2014","format":false,"excerpt":"Le conseil national de la transition \u00e9cologique a adopt\u00e9 de fa\u00e7on consensuelle un avis sur le rapport au Parlement sur la mise en \u0153uvre de la Strat\u00e9gie nationale de d\u00e9veloppement durable SNDD. La SNDD 2010-2013 a pos\u00e9 les bases d\u2019un mod\u00e8le de d\u00e9veloppement durable. La prochaine strat\u00e9gie qui lui succ\u00e9dera\u2026","rel":"","context":"Dans &quot;durable&quot;","block_context":{"text":"durable","link":"https:\/\/www.enviroscop.fr\/actu\/category\/durable\/"},"img":{"alt_text":"","src":"","width":0,"height":0},"classes":[]}],"jetpack_sharing_enabled":true,"_links":{"self":[{"href":"https:\/\/www.enviroscop.fr\/actu\/wp-json\/wp\/v2\/posts\/2250","targetHints":{"allow":["GET"]}}],"collection":[{"href":"https:\/\/www.enviroscop.fr\/actu\/wp-json\/wp\/v2\/posts"}],"about":[{"href":"https:\/\/www.enviroscop.fr\/actu\/wp-json\/wp\/v2\/types\/post"}],"author":[{"embeddable":true,"href":"https:\/\/www.enviroscop.fr\/actu\/wp-json\/wp\/v2\/users\/1"}],"replies":[{"embeddable":true,"href":"https:\/\/www.enviroscop.fr\/actu\/wp-json\/wp\/v2\/comments?post=2250"}],"version-history":[{"count":0,"href":"https:\/\/www.enviroscop.fr\/actu\/wp-json\/wp\/v2\/posts\/2250\/revisions"}],"wp:attachment":[{"href":"https:\/\/www.enviroscop.fr\/actu\/wp-json\/wp\/v2\/media?parent=2250"}],"wp:term":[{"taxonomy":"category","embeddable":true,"href":"https:\/\/www.enviroscop.fr\/actu\/wp-json\/wp\/v2\/categories?post=2250"},{"taxonomy":"post_tag","embeddable":true,"href":"https:\/\/www.enviroscop.fr\/actu\/wp-json\/wp\/v2\/tags?post=2250"}],"curies":[{"name":"wp","href":"https:\/\/api.w.org\/{rel}","templated":true}]}}