{"id":2256,"date":"2015-02-06T10:55:04","date_gmt":"2015-02-06T09:55:04","guid":{"rendered":"http:\/\/www.enviroscop.fr\/actu\/?p=2256"},"modified":"2015-02-06T10:55:04","modified_gmt":"2015-02-06T09:55:04","slug":"la-strategie-nationale-de-transition-ecologique-vers-developpement-durable-2015-2020","status":"publish","type":"post","link":"https:\/\/www.enviroscop.fr\/actu\/2015\/02\/la-strategie-nationale-de-transition-ecologique-vers-developpement-durable-2015-2020\/","title":{"rendered":"La strat\u00e9gie nationale de transition \u00e9cologique vers un d\u00e9veloppement durable 2015-2020"},"content":{"rendered":"<p><img data-recalc-dims=\"1\" loading=\"lazy\" decoding=\"async\" class=\"alignleft\" src=\"https:\/\/i0.wp.com\/www.developpement-durable.gouv.fr\/IMG\/SNTEDD%281%29.jpg?resize=150%2C212\" alt=\"\" width=\"150\" height=\"212\" \/>En 2015, la loi de transition \u00e9nerg\u00e9tique pour une croissance verte cr\u00e9e un \u00e9lan d\u2019\u00e9cologie positive qui l\u00e8ve les freins, lib\u00e8re les initiatives et donne \u00e0 chacun le pouvoir d\u2019agir. Ce sont tous les acteurs, collectivit\u00e9s territoriales, associations, entreprises et citoyens qui feront progressivement \u00e9merger un nouveau mod\u00e8le de soci\u00e9t\u00e9 qui allie progr\u00e8s \u00e9conomique, \u00e9cologique et humain.<\/p>\n<p>Cette dynamique va \u00eatre amplifi\u00e9e par la strat\u00e9gie nationale de transition \u00e9cologique vers un d\u00e9veloppement durable (SNTEDD) 2015-2020 que le Gouvernement a adopt\u00e9e en Conseil des ministres le 4 f\u00e9vrier 2015. Elle succ\u00e8de \u00e0 la strat\u00e9gie nationale de d\u00e9veloppement durable 2010-2013 et fixe le nouveau cap en mati\u00e8re de d\u00e9veloppement durable.<\/p>\n<p>Issue des engagements pris au niveau international lors du Sommet de la Terre \u00e0 Rio en 1992, cette troisi\u00e8me strat\u00e9gie innove par son ambition de d\u00e9finir un nouveau mod\u00e8le de soci\u00e9t\u00e9 plus sobre \u00e0 horizon 2020. Ce nouveau mod\u00e8le repose sur des leviers existants \u00e0 amplifier et des opportunit\u00e9s \u00e0 d\u00e9velopper.<\/p>\n<p>L&rsquo;int\u00e9gralit\u00e9 sur le site du Minist\u00e8re :\u00a0<a href=\"http:\/\/www.developpement-durable.gouv.fr\/La-strategie-nationale-de,42115.html\">2020 &#8211; Minist\u00e8re du D\u00e9veloppement durable<\/a>.<\/p>\n","protected":false},"excerpt":{"rendered":"<p>En 2015, la loi de transition \u00e9nerg\u00e9tique pour une croissance verte cr\u00e9e un \u00e9lan d\u2019\u00e9cologie positive qui l\u00e8ve les freins, lib\u00e8re les initiatives et donne \u00e0 chacun le pouvoir d\u2019agir. Ce sont tous les acteurs, collectivit\u00e9s territoriales, associations, entreprises et citoyens qui feront progressivement \u00e9merger un nouveau mod\u00e8le de soci\u00e9t\u00e9 qui allie progr\u00e8s \u00e9conomique, \u00e9cologique &hellip; <\/p>\n<p><a class=\"more-link btn\" href=\"https:\/\/www.enviroscop.fr\/actu\/2015\/02\/la-strategie-nationale-de-transition-ecologique-vers-developpement-durable-2015-2020\/\">Lire la suite<\/a><\/p>\n","protected":false},"author":1,"featured_media":0,"comment_status":"open","ping_status":"open","sticky":false,"template":"","format":"standard","meta":{"jetpack_post_was_ever_published":false,"_jetpack_newsletter_access":"","_jetpack_dont_email_post_to_subs":false,"_jetpack_newsletter_tier_id":0,"_jetpack_memberships_contains_paywalled_content":false,"_jetpack_memberships_contains_paid_content":false,"footnotes":"","jetpack_publicize_message":"","jetpack_publicize_feature_enabled":true,"jetpack_social_post_already_shared":true,"jetpack_social_options":{"image_generator_settings":{"template":"highway","default_image_id":0,"font":"","enabled":false},"version":2}},"categories":[20,68,38],"tags":[],"class_list":["post-2256","post","type-post","status-publish","format-standard","hentry","category-durable","category-france","category-ministere","item-wrap"],"jetpack_publicize_connections":[],"jetpack_featured_media_url":"","jetpack_shortlink":"https:\/\/wp.me\/p3rXAp-Ao","jetpack_likes_enabled":true,"jetpack-related-posts":[{"id":2384,"url":"https:\/\/www.enviroscop.fr\/actu\/2015\/06\/proposition-dindicateurs-de-suivi-de-la-strategie-nationale-de-transition-ecologique-vers-developpement-durable-2015-2020-ministere-du-developpement-durable\/","url_meta":{"origin":2256,"position":0},"title":"Proposition d\u2019indicateurs de suivi de la strat\u00e9gie nationale de transition \u00e9cologique vers un d\u00e9veloppement durable 2015-2020 &#8211; Minist\u00e8re du D\u00e9veloppement durable","author":"Enviroscop","date":"30 juin 2015","format":false,"excerpt":"La commission Indicateurs du Conseil national de la transition \u00e9cologique (CNTE) a \u00e9t\u00e9 charg\u00e9e en 2014 de proposer des indicateurs nationaux pour le suivi de la nouvelle strat\u00e9gie nationale de transition \u00e9cologique vers un d\u00e9veloppement durable 2015-2020. Un tableau de bord des indicateurs essentiels est compos\u00e9 de 22 indicateurs sur\u2026","rel":"","context":"Dans &quot;Climat&quot;","block_context":{"text":"Climat","link":"https:\/\/www.enviroscop.fr\/actu\/category\/climat\/"},"img":{"alt_text":"","src":"https:\/\/i0.wp.com\/www.enviroscop.fr\/actu\/wp-content\/uploads\/2015\/06\/arton41639.png?resize=350%2C200","width":350,"height":200},"classes":[]},{"id":2825,"url":"https:\/\/www.enviroscop.fr\/actu\/2017\/05\/indicateurs-de-la-transition-ecologique-vers-developpement-durable-comparaisons-internationales\/","url_meta":{"origin":2256,"position":1},"title":"Indicateurs de la transition \u00e9cologique vers un d\u00e9veloppement durable &#8211; Comparaisons internationales","author":"Enviroscop","date":"23 mai 2017","format":false,"excerpt":"La strat\u00e9gie nationale de transition \u00e9cologique vers un d\u00e9veloppement durable 2015-2020 (SNTEDD) succ\u00e8de \u00e0 la strat\u00e9gie nationale de d\u00e9veloppement durable 2010-2013. Adopt\u00e9e en Conseil des ministres le 4 f\u00e9vrier 2015, elle identifie quatre enjeux \u00e9cologiques majeurs et 9\u00a0axes strat\u00e9giques. Le suivi de la SNTEDD est assur\u00e9 \u00e0 travers 72\u00a0indicateurs qui\u2026","rel":"","context":"Dans &quot;durable&quot;","block_context":{"text":"durable","link":"https:\/\/www.enviroscop.fr\/actu\/category\/durable\/"},"img":{"alt_text":"","src":"","width":0,"height":0},"classes":[]},{"id":1861,"url":"https:\/\/www.enviroscop.fr\/actu\/2014\/03\/votre-avis-sur-la-strategie-nationale-de-la-transition-ecologique-2014-2020\/","url_meta":{"origin":2256,"position":2},"title":"Votre avis sur la strat\u00e9gie nationale de la transition \u00e9cologique 2014-2020","author":"Enviroscop","date":"24 mars 2014","format":false,"excerpt":"Le minist\u00e8re du d\u00e9veloppement durable organise une consultation publique sur la Strat\u00e9gie nationale de la transition \u00e9cologique vers un d\u00e9veloppement durable (SNTEDD) pour la p\u00e9riode 2014-2020. Jusqu\u2019au 20 avril, les citoyens fran\u00e7ais peuvent soumettre leurs r\u00e9flexions sur les neuf axes prioritaires d\u00e9finis pour les six ann\u00e9es \u00e0 venir\u00a0: d\u00e9velopper des\u2026","rel":"","context":"Dans &quot;biodiversit\u00e9&quot;","block_context":{"text":"biodiversit\u00e9","link":"https:\/\/www.enviroscop.fr\/actu\/category\/nature\/biodiversite\/"},"img":{"alt_text":"","src":"","width":0,"height":0},"classes":[]},{"id":1733,"url":"https:\/\/www.enviroscop.fr\/actu\/2014\/01\/adoption-de-lavis-sur-le-rapport-au-parlement-sur-la-mise-en-oeuvre-de-la-strategie-nationale-de-developpement-durable-ministere-du-developpement-durable\/","url_meta":{"origin":2256,"position":3},"title":"Adoption de l&rsquo;avis sur le rapport au Parlement sur la mise en \u0153uvre de la strat\u00e9gie nationale de d\u00e9veloppement durable &#8211; Minist\u00e8re du D\u00e9veloppement durable","author":"Enviroscop","date":"21 janvier 2014","format":false,"excerpt":"Le conseil national de la transition \u00e9cologique a adopt\u00e9 de fa\u00e7on consensuelle un avis sur le rapport au Parlement sur la mise en \u0153uvre de la Strat\u00e9gie nationale de d\u00e9veloppement durable SNDD. La SNDD 2010-2013 a pos\u00e9 les bases d\u2019un mod\u00e8le de d\u00e9veloppement durable. La prochaine strat\u00e9gie qui lui succ\u00e9dera\u2026","rel":"","context":"Dans &quot;durable&quot;","block_context":{"text":"durable","link":"https:\/\/www.enviroscop.fr\/actu\/category\/durable\/"},"img":{"alt_text":"","src":"","width":0,"height":0},"classes":[]},{"id":3530,"url":"https:\/\/www.enviroscop.fr\/actu\/2019\/10\/agenda-2030-la-france-publie-son-plan\/","url_meta":{"origin":2256,"position":4},"title":"Agenda 2030 : la France publie son plan","author":"Enviroscop","date":"2 octobre 2019","format":false,"excerpt":"La ministre de la Transition \u00e9cologique, \u00c9lisabeth Borne, a pr\u00e9sent\u00e9 le plan national d'actions, devant mettre en \u0153uvre les 17\u00a0objectifs de d\u00e9veloppement durable\u00a0(ODD) d'ici 2030, fix\u00e9s par l'ONU. Cette\u00a0strat\u00e9gie nationale\u00a0fixe six orientations prioritaires\u00a0: une transition juste, une soci\u00e9t\u00e9 bas carbone, la promotion d'\u00e9ducation tout au long de la vie, la\u2026","rel":"","context":"Dans &quot;durable&quot;","block_context":{"text":"durable","link":"https:\/\/www.enviroscop.fr\/actu\/category\/durable\/"},"img":{"alt_text":"\/ENVIROSCOP\/4_BIBLIO\/DD\/news-34134-feuille-de-route-france-agenda2030.pdf","src":"https:\/\/photos-1.dropbox.com\/t\/2\/AAAd3Ssb_mVaGyzBy8R3ICH9yfgutZqNnCIP6oAV1fFuMQ\/12\/426773\/jpeg\/32x32\/1\/1572591600\/1\/9\/news-34134-feuille-de-route-france-agenda2030.pdf\/EI7AxDogBygH\/BWDapbYEVafMQrr8zThPI8RD4pQdFGMrF1GGC3DRQ2PLH37UCtPlKoUVOvmDesImPsxziCt8055HU-I_JOd5i3EhTF2jR_XqAMKun8hLMn8pLCdSD_Z8rNEJUvf-_20oghM?size=256x256&size_mode=2","width":350,"height":200},"classes":[]},{"id":1825,"url":"https:\/\/www.enviroscop.fr\/actu\/2014\/02\/transition-ecologique-publication-des-lettres-de-cadrage-2014-ministere-du-developpement-durable\/","url_meta":{"origin":2256,"position":5},"title":"Transition \u00e9cologique : publication des lettres de cadrage 2014 &#8211; Minist\u00e8re du D\u00e9veloppement durable","author":"Enviroscop","date":"20 f\u00e9vrier 2014","format":false,"excerpt":"Philippe Martin a pr\u00e9sent\u00e9, le 19 f\u00e9vrier 2014, une communication relative aux lettres de cadrage pour la transition \u00e9cologique au Conseil des ministres. Depuis 20 mois, le Gouvernement a amplifi\u00e9 l\u2019engagement de la France sur la voie de la transition \u00e9cologiqueIl a r\u00e9uni, en septembre 2012 et 2013, deux Conf\u00e9rences\u2026","rel":"","context":"Dans &quot;Climat&quot;","block_context":{"text":"Climat","link":"https:\/\/www.enviroscop.fr\/actu\/category\/climat\/"},"img":{"alt_text":"","src":"","width":0,"height":0},"classes":[]}],"jetpack_sharing_enabled":true,"_links":{"self":[{"href":"https:\/\/www.enviroscop.fr\/actu\/wp-json\/wp\/v2\/posts\/2256","targetHints":{"allow":["GET"]}}],"collection":[{"href":"https:\/\/www.enviroscop.fr\/actu\/wp-json\/wp\/v2\/posts"}],"about":[{"href":"https:\/\/www.enviroscop.fr\/actu\/wp-json\/wp\/v2\/types\/post"}],"author":[{"embeddable":true,"href":"https:\/\/www.enviroscop.fr\/actu\/wp-json\/wp\/v2\/users\/1"}],"replies":[{"embeddable":true,"href":"https:\/\/www.enviroscop.fr\/actu\/wp-json\/wp\/v2\/comments?post=2256"}],"version-history":[{"count":0,"href":"https:\/\/www.enviroscop.fr\/actu\/wp-json\/wp\/v2\/posts\/2256\/revisions"}],"wp:attachment":[{"href":"https:\/\/www.enviroscop.fr\/actu\/wp-json\/wp\/v2\/media?parent=2256"}],"wp:term":[{"taxonomy":"category","embeddable":true,"href":"https:\/\/www.enviroscop.fr\/actu\/wp-json\/wp\/v2\/categories?post=2256"},{"taxonomy":"post_tag","embeddable":true,"href":"https:\/\/www.enviroscop.fr\/actu\/wp-json\/wp\/v2\/tags?post=2256"}],"curies":[{"name":"wp","href":"https:\/\/api.w.org\/{rel}","templated":true}]}}