{"id":2259,"date":"2015-02-09T08:51:03","date_gmt":"2015-02-09T07:51:03","guid":{"rendered":"http:\/\/www.enviroscop.fr\/actu\/?p=2259"},"modified":"2015-02-09T08:51:03","modified_gmt":"2015-02-09T07:51:03","slug":"designation-et-delimitation-des-zones-vulnerables-aux-nitrates-dorigine-agricole","status":"publish","type":"post","link":"https:\/\/www.enviroscop.fr\/actu\/2015\/02\/designation-et-delimitation-des-zones-vulnerables-aux-nitrates-dorigine-agricole\/","title":{"rendered":"D\u00e9signation et d\u00e9limitation des zones vuln\u00e9rables aux nitrates d&rsquo;origine agricole"},"content":{"rendered":"<p>D\u00e9cret n\u00b0 2015-126 du 5 f\u00e9vrier 2015 relatif \u00e0 la d\u00e9signation et \u00e0 la d\u00e9limitation des zones vuln\u00e9rables en vue de la protection des eaux contre la pollution par les nitrates d&rsquo;origine agricole<\/p>\n<p>Publics concern\u00e9s : services de l&rsquo;Etat, agences de l&rsquo;eau, organismes consulaires, associations de protection de la nature et de l&rsquo;environnement, profession agricole.<\/p>\n<p>Objet : d\u00e9limitation des zones vuln\u00e9rables en vue de la protection des eaux contre la pollution par les nitrates d&rsquo;origine agricole.<\/p>\n<p>Entr\u00e9e en vigueur : le texte entre en vigueur le lendemain de sa publication, \u00e0 l&rsquo;exception de la proc\u00e9dure de d\u00e9signation des zones vuln\u00e9rables, qui s&rsquo;applique \u00e0 compter du 15 mars 2015.<\/p>\n<p>Notice : le d\u00e9cret modifie les modalit\u00e9s de d\u00e9signation et de d\u00e9limitation des zones vuln\u00e9rables en vue de la protection des eaux contre la pollution par les nitrates d&rsquo;origine agricole. Il assure une meilleure transposition de la directive \u00ab nitrates \u00bb en reprenant les d\u00e9finitions de pollution par les nitrates et d&rsquo;eutrophisation et en identifiant les eaux pollu\u00e9es ou susceptibles de l&rsquo;\u00eatre ainsi que les moyens pour les identifier (programmes de surveillance). Les modalit\u00e9s de d\u00e9signation sont elles-m\u00eames simplifi\u00e9es, gr\u00e2ce notamment au remplacement des consultations d\u00e9partementales par des consultations r\u00e9gionales et \u00e0 la mise en place d&rsquo;une proc\u00e9dure d&rsquo;urgence, en cas de n\u00e9cessit\u00e9.<\/p>\n<p>L&rsquo;int\u00e9gralit\u00e9 du d\u00e9cret sur L\u00e9gifrance : <a href=\"http:\/\/www.legifrance.gouv.fr\/affichTexte.do?cidTexte=JORFTEXT000030199324&amp;dateTexte=&amp;categorieLien=id\">D\u00e9cret n\u00b0 2015-126 du 5 f\u00e9vrier 2015 relatif \u00e0 la d\u00e9signation et \u00e0 la d\u00e9limitation des zones vuln\u00e9rables en vue de la protection des eaux contre la pollution par les nitrates d&rsquo;origine agricole | Legifrance<\/a>.<\/p>\n","protected":false},"excerpt":{"rendered":"<p>D\u00e9cret n\u00b0 2015-126 du 5 f\u00e9vrier 2015 relatif \u00e0 la d\u00e9signation et \u00e0 la d\u00e9limitation des zones vuln\u00e9rables en vue de la protection des eaux contre la pollution par les nitrates d&rsquo;origine agricole Publics concern\u00e9s : services de l&rsquo;Etat, agences de l&rsquo;eau, organismes consulaires, associations de protection de la nature et de l&rsquo;environnement, profession agricole. &hellip; <\/p>\n<p><a class=\"more-link btn\" href=\"https:\/\/www.enviroscop.fr\/actu\/2015\/02\/designation-et-delimitation-des-zones-vulnerables-aux-nitrates-dorigine-agricole\/\">Lire la suite<\/a><\/p>\n","protected":false},"author":1,"featured_media":0,"comment_status":"open","ping_status":"open","sticky":false,"template":"","format":"standard","meta":{"jetpack_post_was_ever_published":false,"_jetpack_newsletter_access":"","_jetpack_dont_email_post_to_subs":false,"_jetpack_newsletter_tier_id":0,"_jetpack_memberships_contains_paywalled_content":false,"_jetpack_memberships_contains_paid_content":false,"footnotes":"","jetpack_publicize_message":"","jetpack_publicize_feature_enabled":true,"jetpack_social_post_already_shared":true,"jetpack_social_options":{"image_generator_settings":{"template":"highway","default_image_id":0,"font":"","enabled":false},"version":2}},"categories":[3,21,68,35],"tags":[],"class_list":["post-2259","post","type-post","status-publish","format-standard","hentry","category-agriculture","category-eau","category-france","category-juridique","item-wrap"],"jetpack_publicize_connections":[],"jetpack_featured_media_url":"","jetpack_shortlink":"https:\/\/wp.me\/p3rXAp-Ar","jetpack_likes_enabled":true,"jetpack-related-posts":[{"id":3251,"url":"https:\/\/www.enviroscop.fr\/actu\/2019\/02\/protection-des-eaux-contre-la-pollution-par-les-nitrates-dorigine-agricole\/","url_meta":{"origin":2259,"position":0},"title":"Protection des eaux contre la pollution par les nitrates d&rsquo;origine agricole","author":"Enviroscop","date":"28 f\u00e9vrier 2019","format":false,"excerpt":"Arr\u00eat\u00e9 du\u00a020 f\u00e9vrier 2019\u00a0modifiant l'arr\u00eat\u00e9 du 7 mai 2012 relatif aux actions renforc\u00e9es \u00e0 mettre en \u0153uvre dans certaines zones ou parties de zones vuln\u00e9rables en vue de la protection des eaux contre la pollution par les nitrates d'origine agricole Publics concern\u00e9s : exploitants agricoles et toute personne physique ou\u2026","rel":"","context":"Dans &quot;Agriculture&quot;","block_context":{"text":"Agriculture","link":"https:\/\/www.enviroscop.fr\/actu\/category\/activite\/agriculture\/"},"img":{"alt_text":"","src":"","width":0,"height":0},"classes":[]},{"id":1391,"url":"https:\/\/www.enviroscop.fr\/actu\/2013\/08\/decret-n-2013-786-du-28-aout-2013-relatif-aux-programmes-dactions-a-mettre-en-oeuvre-en-vue-de-la-protection-des-eaux-contre-la-pollution-par-les-nitrates-dorigine-agricole-legifrance\/","url_meta":{"origin":2259,"position":1},"title":"D\u00e9cret n\u00b0 2013-786 du 28 ao\u00fbt 2013 relatif aux programmes d&rsquo;actions \u00e0 mettre en \u0153uvre en vue de la protection des eaux contre la pollution par les nitrates d&rsquo;origine agricole | Legifrance","author":"Enviroscop","date":"30 ao\u00fbt 2013","format":false,"excerpt":"Ce d\u00e9cret modifie la proc\u00e9dure de consultation de l'APCA et du Comit\u00e9 national de l'eau sur le programme d'actions national pr\u00e9vue \u00e0 l'article R. 211-81-3 du code de l'environnement : ces deux instances disposent d\u00e9sormais d'un d\u00e9lai de deux mois pour faire conna\u00eetre leurs avis, qui seront r\u00e9put\u00e9s favorables \u00e0\u2026","rel":"","context":"Dans &quot;Eau&quot;","block_context":{"text":"Eau","link":"https:\/\/www.enviroscop.fr\/actu\/category\/compartiments\/eau\/"},"img":{"alt_text":"","src":"","width":0,"height":0},"classes":[]},{"id":249,"url":"https:\/\/www.enviroscop.fr\/actu\/2011\/10\/protection-des-eaux-contre-la-pollution-par-l\/","url_meta":{"origin":2259,"position":2},"title":"Protection des eaux contre la pollution par les nitrates d&rsquo;origine agricole","author":"Enviroscop","date":"11 octobre 2011","format":false,"excerpt":"Les programmes d'actions visant lutter contre la pollution par les nitrates comportent des mesures destin??es une bonne ma??trise des fertilisants azot??s et une gestion adapt??e des terres agricoles, dans l'objectif de restaurer et de pr...","rel":"","context":"Dans &quot;Eau&quot;","block_context":{"text":"Eau","link":"https:\/\/www.enviroscop.fr\/actu\/category\/compartiments\/eau\/"},"img":{"alt_text":"","src":"","width":0,"height":0},"classes":[]},{"id":288,"url":"https:\/\/www.enviroscop.fr\/actu\/2011\/06\/un-nouveau-programme-daction-pour-la-protecti\/","url_meta":{"origin":2259,"position":3},"title":"Un nouveau programme d&rsquo;action pour la protection des eaux conforme \u00e0 la directive Nitrates","author":"Enviroscop","date":"8 juin 2011","format":false,"excerpt":"Le minist??re de l'Ecologie organise une consultation publique, jusqu'au 24 juin prochain, sur un projet de d??cret et un projet d'arr??t?? relatifs aux programmes d'actions pour la protection des eaux contre la pollution par les nitrates d'origin...","rel":"","context":"Dans &quot;Eau&quot;","block_context":{"text":"Eau","link":"https:\/\/www.enviroscop.fr\/actu\/category\/compartiments\/eau\/"},"img":{"alt_text":"","src":"","width":0,"height":0},"classes":[]},{"id":2041,"url":"https:\/\/www.enviroscop.fr\/actu\/2014\/09\/pollution-aux-nitrates-nouvelle-condamnation-de-la-france-par-la-justice-europeenne-localtis-info-un-service-caisse-des-depots\/","url_meta":{"origin":2259,"position":4},"title":"Pollution aux nitrates : nouvelle condamnation de la France par la justice europ\u00e9enne &#8211; Localtis.info un service Caisse des D\u00e9p\u00f4ts","author":"Enviroscop","date":"5 septembre 2014","format":false,"excerpt":"La France a de nouveau \u00e9t\u00e9 condamn\u00e9e ce 4 septembre par la Cour de justice de l'Union europ\u00e9enne (CJUE) pour manquement \u00e0 ses obligations de lutte contre la pollution aux nitrates. \"La Cour consid\u00e8re que, dans une tr\u00e8s grande partie, la France n'a pas correctement transpos\u00e9 la directive nitrates, si\u2026","rel":"","context":"Dans &quot;Agriculture&quot;","block_context":{"text":"Agriculture","link":"https:\/\/www.enviroscop.fr\/actu\/category\/activite\/agriculture\/"},"img":{"alt_text":"","src":"","width":0,"height":0},"classes":[]},{"id":2656,"url":"https:\/\/www.enviroscop.fr\/actu\/2016\/09\/compensation-agricole\/","url_meta":{"origin":2259,"position":5},"title":"Compensation agricole","author":"Enviroscop","date":"7 septembre 2016","format":false,"excerpt":"Le d\u00e9cret du 31 ao\u00fbt, pr\u00e9cisant les modalit\u00e9s de compensation agricole collective et les projets qui y sont soumis, est paru le 2 septembre dernier au Journal Officiel. Le texte int\u00e9gral est lisible sur Legifrance \u00a0 Il entre en vigueur pour tout projet soumis \u00e0 \u00e9valuation environnementale d\u00e9pos\u00e9 apr\u00e8s le\u2026","rel":"","context":"Dans &quot;Agriculture&quot;","block_context":{"text":"Agriculture","link":"https:\/\/www.enviroscop.fr\/actu\/category\/activite\/agriculture\/"},"img":{"alt_text":"","src":"","width":0,"height":0},"classes":[]}],"jetpack_sharing_enabled":true,"_links":{"self":[{"href":"https:\/\/www.enviroscop.fr\/actu\/wp-json\/wp\/v2\/posts\/2259","targetHints":{"allow":["GET"]}}],"collection":[{"href":"https:\/\/www.enviroscop.fr\/actu\/wp-json\/wp\/v2\/posts"}],"about":[{"href":"https:\/\/www.enviroscop.fr\/actu\/wp-json\/wp\/v2\/types\/post"}],"author":[{"embeddable":true,"href":"https:\/\/www.enviroscop.fr\/actu\/wp-json\/wp\/v2\/users\/1"}],"replies":[{"embeddable":true,"href":"https:\/\/www.enviroscop.fr\/actu\/wp-json\/wp\/v2\/comments?post=2259"}],"version-history":[{"count":0,"href":"https:\/\/www.enviroscop.fr\/actu\/wp-json\/wp\/v2\/posts\/2259\/revisions"}],"wp:attachment":[{"href":"https:\/\/www.enviroscop.fr\/actu\/wp-json\/wp\/v2\/media?parent=2259"}],"wp:term":[{"taxonomy":"category","embeddable":true,"href":"https:\/\/www.enviroscop.fr\/actu\/wp-json\/wp\/v2\/categories?post=2259"},{"taxonomy":"post_tag","embeddable":true,"href":"https:\/\/www.enviroscop.fr\/actu\/wp-json\/wp\/v2\/tags?post=2259"}],"curies":[{"name":"wp","href":"https:\/\/api.w.org\/{rel}","templated":true}]}}