{"id":2261,"date":"2015-02-10T08:12:33","date_gmt":"2015-02-10T07:12:33","guid":{"rendered":"http:\/\/www.enviroscop.fr\/actu\/?p=2261"},"modified":"2015-02-10T08:12:33","modified_gmt":"2015-02-10T07:12:33","slug":"administration-exemplaire-pour-la-transition-ecologique-administration-zero-gaspillage","status":"publish","type":"post","link":"https:\/\/www.enviroscop.fr\/actu\/2015\/02\/administration-exemplaire-pour-la-transition-ecologique-administration-zero-gaspillage\/","title":{"rendered":"ADMINISTRATION EXEMPLAIRE POUR LA TRANSITION \u00c9COLOGIQUE, administration z\u00e9ro gaspillage"},"content":{"rendered":"<p><span style=\"color: #252525; font-family: Verdana, Arial, sans-serif;\">Conscient que la lutte contre le gaspillage passe bien souvent par des gestes simples et quotidiens, le Minist\u00e8re vient de sortir une liste des diff\u00e9rents \u00e9cogestes qu&rsquo;il conviendra d\u00e9sormais d&rsquo;appliquer dans l&rsquo;administration. Mais ces gestes sont bien entendu valables pour tous<\/span>.<\/p>\n<p>Lire la plaquette d&rsquo;information, <a href=\"http:\/\/www.developpement-durable.gouv.fr\/IMG\/Plan%20d%27action%20administration%20exemplaire%20-%204%20f%C3%A9vrier%202015.pdf\" target=\"_blank\">c&rsquo;est ICI<\/a><\/p>\n","protected":false},"excerpt":{"rendered":"<p>Conscient que la lutte contre le gaspillage passe bien souvent par des gestes simples et quotidiens, le Minist\u00e8re vient de sortir une liste des diff\u00e9rents \u00e9cogestes qu&rsquo;il conviendra d\u00e9sormais d&rsquo;appliquer dans l&rsquo;administration. Mais ces gestes sont bien entendu valables pour tous. Lire la plaquette d&rsquo;information, c&rsquo;est ICI<\/p>\n","protected":false},"author":1,"featured_media":0,"comment_status":"open","ping_status":"open","sticky":false,"template":"","format":"standard","meta":{"jetpack_post_was_ever_published":false,"_jetpack_newsletter_access":"","_jetpack_dont_email_post_to_subs":false,"_jetpack_newsletter_tier_id":0,"_jetpack_memberships_contains_paywalled_content":false,"_jetpack_memberships_contains_paid_content":false,"footnotes":"","jetpack_publicize_message":"","jetpack_publicize_feature_enabled":true,"jetpack_social_post_already_shared":true,"jetpack_social_options":{"image_generator_settings":{"template":"highway","default_image_id":0,"font":"","enabled":false},"version":2}},"categories":[20,7,28,38],"tags":[],"class_list":["post-2261","post","type-post","status-publish","format-standard","hentry","category-durable","category-energie","category-ges","category-ministere","item-wrap"],"jetpack_publicize_connections":[],"jetpack_featured_media_url":"","jetpack_shortlink":"https:\/\/wp.me\/p3rXAp-At","jetpack_likes_enabled":true,"jetpack-related-posts":[{"id":3811,"url":"https:\/\/www.enviroscop.fr\/actu\/2020\/08\/projet-de-decret-portant-diverses-dispositions-dadaptation-et-de-simplification-dans-le-domaine-de-la-prevention-et-de-la-gestion-des-dechets\/","url_meta":{"origin":2261,"position":0},"title":"Projet de d\u00e9cret portant diverses dispositions d\u2019adaptation et de simplification dans le domaine de la pr\u00e9vention et de la gestion des d\u00e9chets","author":"Enviroscop","date":"27 ao\u00fbt 2020","format":false,"excerpt":"Ce projet de d\u00e9cret portant diverses dispositions d\u2019adaptation et de simplification dans le domaine de la pr\u00e9vention et de la gestion des d\u00e9chets est actuellement soumis \u00e0 la consultation du public jusqu\u2019au 6 septembre 2020 sur le site des consultations publiques du Minist\u00e8re de la Transition Ecologique. Il a notamment\u2026","rel":"","context":"Dans &quot;D\u00e9chets&quot;","block_context":{"text":"D\u00e9chets","link":"https:\/\/www.enviroscop.fr\/actu\/category\/activite\/dechets\/"},"img":{"alt_text":"","src":"https:\/\/i0.wp.com\/www.enviroscop.fr\/actu\/wp-content\/uploads\/2013\/04\/carriere2-300x162.jpg?resize=350%2C200","width":350,"height":200},"classes":[]},{"id":1320,"url":"https:\/\/www.enviroscop.fr\/actu\/2013\/07\/prix-entreprises-et-environnement-2013-appel-a-candidatures\/","url_meta":{"origin":2261,"position":1},"title":"Prix Entreprises et Environnement 2013 : appel \u00e0 candidatures","author":"Enviroscop","date":"30 juillet 2013","format":false,"excerpt":"Le minist\u00e8re de l\u2019\u00c9cologie, du D\u00e9veloppement durable et de l\u2019\u00c9nergie lance, en partenariat avec l\u2019ADEME, l\u2019\u00e9dition 2013 des Prix Entreprises et Environnement. Pour cette nouvelle \u00e9dition, une cat\u00e9gorie \u00ab\u00a0\u00c9conomie circulaire\u00a0\u00bb\u00a0voit le jour afin d\u2019encourager la production des biens et des services limitant la consommation et le gaspillage des mati\u00e8res premi\u00e8res,\u2026","rel":"","context":"Dans &quot;durable&quot;","block_context":{"text":"durable","link":"https:\/\/www.enviroscop.fr\/actu\/category\/durable\/"},"img":{"alt_text":"","src":"","width":0,"height":0},"classes":[]},{"id":2517,"url":"https:\/\/www.enviroscop.fr\/actu\/2015\/11\/la-france-exemplaire-pour-le-climat-segolene-royal-presente-lapplication-les-nouvelles-actions-pour-la-transition-energetique-pour-la-croissance-verte-a-15-jours-de-la-cop21\/","url_meta":{"origin":2261,"position":2},"title":"La France exemplaire pour le climat : S\u00e9gol\u00e8ne Royal pr\u00e9sente l\u2019application et les nouvelles actions pour la transition \u00e9nerg\u00e9tique pour la croissance verte \u00e0 15 jours de la COP21","author":"Enviroscop","date":"19 novembre 2015","format":false,"excerpt":"\u00ab\u00a0La France est pleinement mobilis\u00e9e pour obtenir un accord ambitieux sur le climat permettant de contenir le r\u00e9chauffement climatique sous les 2\u00b0C et pr\u00e9parer l\u2019apr\u00e8s-p\u00e9trole.\u00a0\u00bb \u00a0La loi de transition \u00e9nerg\u00e9tique pour la croissance verte permet \u00e0 la France d\u2019\u00eatre \u00e0 la hauteur pour accueillir la Conf\u00e9rence Paris Climat, gr\u00e2ce \u00e0\u2026","rel":"","context":"Dans &quot;ADEME&quot;","block_context":{"text":"ADEME","link":"https:\/\/www.enviroscop.fr\/actu\/category\/source\/ademe\/"},"img":{"alt_text":"","src":"","width":0,"height":0},"classes":[]},{"id":1798,"url":"https:\/\/www.enviroscop.fr\/actu\/2014\/02\/des-indicateurs-de-developpement-durable-pour-les-territoires-ministere-du-developpement-durable\/","url_meta":{"origin":2261,"position":3},"title":"Des indicateurs de d\u00e9veloppement durable pour les territoires &#8211; Minist\u00e8re du D\u00e9veloppement durable","author":"Enviroscop","date":"7 f\u00e9vrier 2014","format":false,"excerpt":"Pour r\u00e9pondre aux enjeux de d\u00e9veloppement durable et permettre aux acteurs publics de les d\u00e9cliner localement, le Commissariat g\u00e9n\u00e9ral au d\u00e9veloppement durable (CGDD) et la D\u00e9l\u00e9gation interminist\u00e9rielle \u00e0 l\u2019am\u00e9nagement du territoire et \u00e0 l\u2019attractivit\u00e9 r\u00e9gionale (Datar) ont construit un r\u00e9f\u00e9rentiel d\u2019indicateurs de d\u00e9veloppement durable territoriaux. Ce r\u00e9f\u00e9rentiel est le fruit\u2026","rel":"","context":"Dans &quot;durable&quot;","block_context":{"text":"durable","link":"https:\/\/www.enviroscop.fr\/actu\/category\/durable\/"},"img":{"alt_text":"","src":"","width":0,"height":0},"classes":[]},{"id":1578,"url":"https:\/\/www.enviroscop.fr\/actu\/2013\/11\/nouvelle-edition-des-chiffres-cles-de-lenvironnement-ministere-du-developpement-durable\/","url_meta":{"origin":2261,"position":4},"title":"Nouvelle \u00e9dition des chiffres cl\u00e9s de l\u2019environnement &#8211; Minist\u00e8re du D\u00e9veloppement durable","author":"Enviroscop","date":"13 novembre 2013","format":false,"excerpt":"En adossant la charte de l\u2019environnement \u00e0 la Constitution, la France a consacr\u00e9 le droit d\u2019acc\u00e8s \u00e0 l\u2019information environnementale pour tous. Elle entend ainsi mobiliser l\u2019ensemble des citoyens pour relever les d\u00e9fis \u00e9cologiques auxquels est confront\u00e9e l\u2019Humanit\u00e9. C\u2019est dans cet objectif que le minist\u00e8re publie une nouvelle \u00e9dition des Chiffres\u2026","rel":"","context":"Dans &quot;durable&quot;","block_context":{"text":"durable","link":"https:\/\/www.enviroscop.fr\/actu\/category\/durable\/"},"img":{"alt_text":"Nouvelle \u00e9dition des chiffres cl\u00e9s de l\u2019environnement - Minist\u00e8re du D\u00e9veloppement durable","src":"https:\/\/i0.wp.com\/www.enviroscop.fr\/actu\/wp-content\/uploads\/2013\/11\/arton350751.jpg?resize=350%2C200","width":350,"height":200},"classes":[]},{"id":2029,"url":"https:\/\/www.enviroscop.fr\/actu\/2014\/08\/consultation-sur-trois-projets-de-decrets-pris-pour-lapplication-de-larticle-21-de-la-loi-n2000-321-du-12-avril-2000-relative-aux-droits-des-citoyens-dans-leurs-relations-avec\/","url_meta":{"origin":2261,"position":5},"title":"Consultation sur trois projets de d\u00e9crets pris pour l\u2019application de l\u2019article 21 de la loi n\u00b02000-321 du 12 avril 2000 relative aux droits des citoyens dans leurs relations avec l\u2019administration (minist\u00e8re de l\u2019\u00e9cologie, du d\u00e9veloppement durable et de l\u2019\u00e9nergie) &#8211; Les consultations publiques du minist\u00e8re du D\u00e9veloppement durable","author":"Enviroscop","date":"27 ao\u00fbt 2014","format":false,"excerpt":"Consultation sur trois projets de d\u00e9crets pris pour l\u2019application de l\u2019article 21 de la loi n\u00b02000-321 du 12 avril 2000 relative aux droits des citoyens dans leurs relations avec l\u2019administration (minist\u00e8re de l\u2019\u00e9cologie, du d\u00e9veloppement durable et de l\u2019\u00e9nergie) Du 08\/08\/2014 au 29\/08\/2014 Nombre de commentaires pour cette consultation :\u2026","rel":"","context":"Dans &quot;durable&quot;","block_context":{"text":"durable","link":"https:\/\/www.enviroscop.fr\/actu\/category\/durable\/"},"img":{"alt_text":"","src":"","width":0,"height":0},"classes":[]}],"jetpack_sharing_enabled":true,"_links":{"self":[{"href":"https:\/\/www.enviroscop.fr\/actu\/wp-json\/wp\/v2\/posts\/2261","targetHints":{"allow":["GET"]}}],"collection":[{"href":"https:\/\/www.enviroscop.fr\/actu\/wp-json\/wp\/v2\/posts"}],"about":[{"href":"https:\/\/www.enviroscop.fr\/actu\/wp-json\/wp\/v2\/types\/post"}],"author":[{"embeddable":true,"href":"https:\/\/www.enviroscop.fr\/actu\/wp-json\/wp\/v2\/users\/1"}],"replies":[{"embeddable":true,"href":"https:\/\/www.enviroscop.fr\/actu\/wp-json\/wp\/v2\/comments?post=2261"}],"version-history":[{"count":0,"href":"https:\/\/www.enviroscop.fr\/actu\/wp-json\/wp\/v2\/posts\/2261\/revisions"}],"wp:attachment":[{"href":"https:\/\/www.enviroscop.fr\/actu\/wp-json\/wp\/v2\/media?parent=2261"}],"wp:term":[{"taxonomy":"category","embeddable":true,"href":"https:\/\/www.enviroscop.fr\/actu\/wp-json\/wp\/v2\/categories?post=2261"},{"taxonomy":"post_tag","embeddable":true,"href":"https:\/\/www.enviroscop.fr\/actu\/wp-json\/wp\/v2\/tags?post=2261"}],"curies":[{"name":"wp","href":"https:\/\/api.w.org\/{rel}","templated":true}]}}