{"id":2264,"date":"2015-02-16T12:11:11","date_gmt":"2015-02-16T11:11:11","guid":{"rendered":"http:\/\/www.enviroscop.fr\/actu\/?p=2264"},"modified":"2015-02-16T12:11:11","modified_gmt":"2015-02-16T11:11:11","slug":"soes-donnees-communales-sur-les-installations-de-production-delectricite-renouvelable","status":"publish","type":"post","link":"https:\/\/www.enviroscop.fr\/actu\/2015\/02\/soes-donnees-communales-sur-les-installations-de-production-delectricite-renouvelable\/","title":{"rendered":"SOeS : donn\u00e9es communales sur les installations de production d\u2019\u00e9lectricit\u00e9 renouvelable"},"content":{"rendered":"<p>Le Soes met \u00e0 jour ses donn\u00e9es :<\/p>\n<p>Les donn\u00e9es communales et d\u00e9partementales relatives aux installations de production d\u2019\u00e9lectricit\u00e9 renouvelable sont diffus\u00e9es dans le cadre de l\u2019arr\u00eat\u00e9 du 14 juin 2011 d\u00e9finissant la diffusion de donn\u00e9es locales sur les \u00e9nergies renouvelables, pris en application de l&rsquo;article 88 de la loi n\u00b02010-788 du 12 juillet 2010 portant engagement national pour l&rsquo;environnement.<\/p>\n<ul style=\"padding-right: 10px; padding-bottom: 10px; padding-left: 10px; margin-top: 0px; margin-bottom: 0px; margin-left: 0px; list-style: none; overflow: hidden; line-height: 1.5em; zoom: 1; color: #333333; font-family: 'trebuchet ms', arial, helvetica, sans-serif; font-size: 13.2880001068115px;\">\n<li style=\"padding-bottom: 2px; padding-left: 10px; margin-bottom: 0px; background: url('http:\/\/www.climats-energies.hautenormandie.fr\/extension\/climats_energies_hautenormandie_fr\/design\/climats_energies_hautenormandie_fr\/images\/background\/puce.gif') 0% 5px no-repeat;\"><a style=\"padding: 0px; margin: 0px; color: #88ad0b; text-decoration: underline;\" href=\"http:\/\/www.statistiques.developpement-durable.gouv.fr\/energie-climat\/r\/energies-renouvelables.html?tx_ttnews[tt_news]=23865&amp;cHash=103c4b14d08e3a8728eea9b75d4fd049\">Donn\u00e9es locales relatives aux installations de production d&rsquo;EnR &#8211; ann\u00e9e 2013\u00a0<\/a>\u00a0<img data-recalc-dims=\"1\" loading=\"lazy\" decoding=\"async\" style=\"margin: 0px;\" src=\"https:\/\/i0.wp.com\/www.climats-energies.hautenormandie.fr\/extension\/rhn\/design\/rhn\/images\/contenu\/lien_externe01.gif?resize=10%2C10\" alt=\"\" width=\"10\" height=\"10\" \/><\/li>\n<li style=\"padding-bottom: 2px; padding-left: 10px; margin-bottom: 0px; background: url('http:\/\/www.climats-energies.hautenormandie.fr\/extension\/climats_energies_hautenormandie_fr\/design\/climats_energies_hautenormandie_fr\/images\/background\/puce.gif') 0% 5px no-repeat;\"><a style=\"padding: 0px; margin: 0px; color: #88ad0b; text-decoration: underline;\" href=\"http:\/\/www.statistiques.developpement-durable.gouv.fr\/energie-climat\/r\/energies-renouvelables.html?cHash=103c4b14d08e3a8728eea9b75d4fd049&amp;tx_ttnews[tt_news]=23310\">Donn\u00e9es locales relatives aux installations de production d&rsquo;EnR &#8211; ann\u00e9e 2012<\/a>\u00a0<img data-recalc-dims=\"1\" loading=\"lazy\" decoding=\"async\" style=\"margin: 0px;\" src=\"https:\/\/i0.wp.com\/www.climats-energies.hautenormandie.fr\/extension\/rhn\/design\/rhn\/images\/contenu\/lien_externe01.gif?resize=10%2C10\" alt=\"\" width=\"10\" height=\"10\" \/><\/li>\n<li style=\"padding-bottom: 2px; padding-left: 10px; margin-bottom: 0px; background: url('http:\/\/www.climats-energies.hautenormandie.fr\/extension\/climats_energies_hautenormandie_fr\/design\/climats_energies_hautenormandie_fr\/images\/background\/puce.gif') 0% 5px no-repeat;\"><a style=\"padding: 0px; margin: 0px; color: #88ad0b; text-decoration: underline;\" href=\"http:\/\/www.statistiques.developpement-durable.gouv.fr\/energie-climat\/r\/energies-renouvelables.html?cHash=103c4b14d08e3a8728eea9b75d4fd049&amp;tx_ttnews[tt_news]=22748\">Donn\u00e9es locales relatives aux installations de production d&rsquo;EnR &#8211; ann\u00e9e 2011<\/a>\u00a0<img data-recalc-dims=\"1\" loading=\"lazy\" decoding=\"async\" style=\"margin: 0px;\" src=\"https:\/\/i0.wp.com\/www.climats-energies.hautenormandie.fr\/extension\/rhn\/design\/rhn\/images\/contenu\/lien_externe01.gif?resize=10%2C10\" alt=\"\" width=\"10\" height=\"10\" \/><\/li>\n<li style=\"padding-bottom: 2px; padding-left: 10px; margin-bottom: 0px; background: url('http:\/\/www.climats-energies.hautenormandie.fr\/extension\/climats_energies_hautenormandie_fr\/design\/climats_energies_hautenormandie_fr\/images\/background\/puce.gif') 0% 5px no-repeat;\"><a style=\"padding: 0px; margin: 0px; color: #88ad0b; text-decoration: underline;\" href=\"http:\/\/www.statistiques.developpement-durable.gouv.fr\/energie-climat\/r\/energies-renouvelables.html?cHash=103c4b14d08e3a8728eea9b75d4fd049&amp;tx_ttnews[tt_news]=22774\">Donn\u00e9es locales relatives aux installations de production d&rsquo;EnR &#8211; ann\u00e9e 2010<\/a>\u00a0<img data-recalc-dims=\"1\" loading=\"lazy\" decoding=\"async\" style=\"margin: 0px;\" src=\"https:\/\/i0.wp.com\/www.climats-energies.hautenormandie.fr\/extension\/rhn\/design\/rhn\/images\/contenu\/lien_externe01.gif?resize=10%2C10\" alt=\"\" width=\"10\" height=\"10\" \/><\/li>\n<li style=\"padding-bottom: 2px; padding-left: 10px; margin-bottom: 0px; background: url('http:\/\/www.climats-energies.hautenormandie.fr\/extension\/climats_energies_hautenormandie_fr\/design\/climats_energies_hautenormandie_fr\/images\/background\/puce.gif') 0% 5px no-repeat;\"><a style=\"padding: 0px; margin: 0px; color: #88ad0b; text-decoration: underline;\" href=\"http:\/\/www.statistiques.developpement-durable.gouv.fr\/energie-climat\/r\/energies-renouvelables.html?cHash=103c4b14d08e3a8728eea9b75d4fd049&amp;tx_ttnews[tt_news]=22775\">Donn\u00e9es locales relatives aux installations de production d&rsquo;EnR &#8211; ann\u00e9e 2009<\/a>\u00a0<img data-recalc-dims=\"1\" loading=\"lazy\" decoding=\"async\" style=\"margin: 0px;\" src=\"https:\/\/i0.wp.com\/www.climats-energies.hautenormandie.fr\/extension\/rhn\/design\/rhn\/images\/contenu\/lien_externe01.gif?resize=10%2C10\" alt=\"\" width=\"10\" height=\"10\" \/><\/li>\n<\/ul>\n<p>via<a href=\"http:\/\/www.climats-energies.hautenormandie.fr\/DONNEES\/Donnees-SOeS\">Donn\u00e9es SOeS &#8211; DONNEES &#8211; Site OCAEHN<\/a>.<\/p>\n","protected":false},"excerpt":{"rendered":"<p>Le Soes met \u00e0 jour ses donn\u00e9es : Les donn\u00e9es communales et d\u00e9partementales relatives aux installations de production d\u2019\u00e9lectricit\u00e9 renouvelable sont diffus\u00e9es dans le cadre de l\u2019arr\u00eat\u00e9 du 14 juin 2011 d\u00e9finissant la diffusion de donn\u00e9es locales sur les \u00e9nergies renouvelables, pris en application de l&rsquo;article 88 de la loi n\u00b02010-788 du 12 juillet 2010 &hellip; <\/p>\n<p><a class=\"more-link btn\" href=\"https:\/\/www.enviroscop.fr\/actu\/2015\/02\/soes-donnees-communales-sur-les-installations-de-production-delectricite-renouvelable\/\">Lire la suite<\/a><\/p>\n","protected":false},"author":1,"featured_media":0,"comment_status":"open","ping_status":"open","sticky":false,"template":"","format":"standard","meta":{"jetpack_post_was_ever_published":false,"_jetpack_newsletter_access":"","_jetpack_dont_email_post_to_subs":false,"_jetpack_newsletter_tier_id":0,"_jetpack_memberships_contains_paywalled_content":false,"_jetpack_memberships_contains_paid_content":false,"footnotes":"","jetpack_publicize_message":"","jetpack_publicize_feature_enabled":true,"jetpack_social_post_already_shared":true,"jetpack_social_options":{"image_generator_settings":{"template":"highway","default_image_id":0,"font":"","enabled":false},"version":2}},"categories":[7,33],"tags":[],"class_list":["post-2264","post","type-post","status-publish","format-standard","hentry","category-energie","category-indicateur","item-wrap"],"jetpack_publicize_connections":[],"jetpack_featured_media_url":"","jetpack_shortlink":"https:\/\/wp.me\/p3rXAp-Aw","jetpack_likes_enabled":true,"jetpack-related-posts":[{"id":5285,"url":"https:\/\/www.enviroscop.fr\/actu\/2023\/07\/arrete-du-11-juillet-2023-modifiant-larrete-du-26-aout-2011-relatif-aux-installations-de-production-delectricite-utilisant-lenergie-mecanique-du-vent-au-sein-dune-installation-soumise-a-autori\/","url_meta":{"origin":2264,"position":0},"title":"Arr\u00eat\u00e9 du 11 juillet 2023 modifiant l&rsquo;arr\u00eat\u00e9 du 26 ao\u00fbt 2011 relatif aux installations de production d&rsquo;\u00e9lectricit\u00e9 utilisant l&rsquo;\u00e9nergie m\u00e9canique du vent au sein d&rsquo;une installation soumise \u00e0 autorisation au titre de la rubrique 2980 de la l\u00e9gislation des installations class\u00e9es pour la protection de l&rsquo;environnemen","author":"Enviroscop","date":"19 juillet 2023","format":false,"excerpt":"Publics concern\u00e9s : exploitants d'installations terrestres de production d'\u00e9lectricit\u00e9 utilisant l'\u00e9nergie m\u00e9canique du vent relevant du r\u00e9gime de l'autorisation. Objet : modification de l'arr\u00eat\u00e9 minist\u00e9riel du 26 ao\u00fbt 2011 relatif aux installations de production d'\u00e9lectricit\u00e9 utilisant l'\u00e9nergie m\u00e9canique du vent au sein d'une installation soumise \u00e0 autorisation au titre de\u2026","rel":"","context":"Dans &quot;Arr\u00eat\u00e9&quot;","block_context":{"text":"Arr\u00eat\u00e9","link":"https:\/\/www.enviroscop.fr\/actu\/category\/juridique\/arrete\/"},"img":{"alt_text":"","src":"https:\/\/i0.wp.com\/www.enviroscop.fr\/actu\/wp-content\/uploads\/2013\/05\/17141_une.jpg?resize=350%2C200&ssl=1","width":350,"height":200},"classes":[]},{"id":4533,"url":"https:\/\/www.enviroscop.fr\/actu\/2021\/12\/panorama-de-lelectricite-renouvelable-au-30-septembre-2021\/","url_meta":{"origin":2264,"position":1},"title":"Panorama de l&rsquo;\u00e9lectricit\u00e9 renouvelable au 30 septembre 2021","author":"Enviroscop","date":"10 d\u00e9cembre 2021","format":false,"excerpt":"La puissance totale du parc \u00e9lectrique EnR \u2013 \u00e9olien, solaire, hydro\u00e9lectricit\u00e9 et bio\u00e9nergies \u2013 s\u2019\u00e9l\u00e8ve, au 30 septembre 2021, \u00e0 58 759 MW, en hausse de 2 876 MW sur les trois premiers trimestres de l\u2019ann\u00e9e 2021 (3 543 MW sur les douze derniers mois), chiffre d\u00e9j\u00e0 sup\u00e9rieur au record\u2026","rel":"","context":"Dans &quot;Energie&quot;","block_context":{"text":"Energie","link":"https:\/\/www.enviroscop.fr\/actu\/category\/energie\/"},"img":{"alt_text":"RTE","src":"https:\/\/i0.wp.com\/ccibusiness.fr\/sites\/default\/files\/styles\/article_detail_620_320\/public\/2021-12\/RTE_logo.svg_.png?resize=350%2C200&ssl=1","width":350,"height":200},"classes":[]},{"id":2278,"url":"https:\/\/www.enviroscop.fr\/actu\/2015\/03\/chiffres-cles-du-transport-edition-2015\/","url_meta":{"origin":2264,"position":2},"title":"Chiffres cl\u00e9s du transport &#8211; \u00e9dition 2015","author":"Enviroscop","date":"30 mars 2015","format":false,"excerpt":"Ce fascicule rassemble dans un format pratique les donn\u00e9es r\u00e9centes utiles \u00e0 la connaissance des transports et de leurs effets. L\u2019essentiel des s\u00e9ries est issu de la publication \u00ab M\u00e9mento \u00bb t\u00e9l\u00e9chargeable en .xls sur le site du SOeS et du rapport sur les comptes des transports en 2013, publi\u00e9\u2026","rel":"","context":"Dans &quot;D\u00e9placements&quot;","block_context":{"text":"D\u00e9placements","link":"https:\/\/www.enviroscop.fr\/actu\/category\/activite\/transport\/deplacements\/"},"img":{"alt_text":"","src":"https:\/\/i0.wp.com\/www.statistiques.developpement-durable.gouv.fr\/typo3temp\/pics\/3a9862721e.png?resize=350%2C200","width":350,"height":200},"classes":[]},{"id":199,"url":"https:\/\/www.enviroscop.fr\/actu\/2012\/10\/le-dossier-developpement-durable-senrichit-de\/","url_meta":{"origin":2264,"position":3},"title":"Le dossier D\u00e9veloppement Durable s&rsquo;enrichit de donn\u00e9es territoriales","author":"Enviroscop","date":"26 octobre 2012","format":false,"excerpt":"Pour aider la prise en compte des questions de d??veloppement durable dans les diagnostics de territoires, permettre des comparaisons entre territoires, et suivre leur ??volution, l???Insee et le SOeS ont d??velopp?? une offre d???indicateurs r...","rel":"","context":"Dans &quot;Indicateur&quot;","block_context":{"text":"Indicateur","link":"https:\/\/www.enviroscop.fr\/actu\/category\/evaluation\/indicateur\/"},"img":{"alt_text":"","src":"","width":0,"height":0},"classes":[]},{"id":2662,"url":"https:\/\/www.enviroscop.fr\/actu\/2016\/09\/nouveau-panorama-de-lelectricite-renouvelable\/","url_meta":{"origin":2264,"position":4},"title":"Nouveau panorama de l&rsquo;\u00e9lectricit\u00e9 renouvelable","author":"Enviroscop","date":"13 septembre 2016","format":false,"excerpt":"Panorama de l\u2019\u00e9lectricit\u00e9 renouvelable au 30 juin 2016 : les objectifs nationaux pour 2018 atteints \u00e0 87% Sur les douze derniers mois, le parc de production d\u2019\u00e9lectricit\u00e9 renouvelable a progress\u00e9 de plus de 2,1 GW. Ce volume se r\u00e9partit \u00e0 90% sur les fili\u00e8res \u00e9olienne et solaire. Au total, la\u2026","rel":"","context":"Dans &quot;Energie&quot;","block_context":{"text":"Energie","link":"https:\/\/www.enviroscop.fr\/actu\/category\/energie\/"},"img":{"alt_text":"","src":"","width":0,"height":0},"classes":[]},{"id":228,"url":"https:\/\/www.enviroscop.fr\/actu\/2011\/07\/insee-chiffres-2008\/","url_meta":{"origin":2264,"position":5},"title":"INSEE : chiffres 2008","author":"Enviroscop","date":"4 juillet 2011","format":false,"excerpt":"Les r??sultats statistiques du recensement de 2008 sont en ligne. Les chiffres cl??s, les tableaux d??taill??s, les bases associ??es et les bases sur les flux de mobilit?? sont maintenant disponibles sur ce dernier mill??sime. Les fichiers d??tail et les ...","rel":"","context":"Dans &quot;Indicateur&quot;","block_context":{"text":"Indicateur","link":"https:\/\/www.enviroscop.fr\/actu\/category\/evaluation\/indicateur\/"},"img":{"alt_text":"","src":"","width":0,"height":0},"classes":[]}],"jetpack_sharing_enabled":true,"_links":{"self":[{"href":"https:\/\/www.enviroscop.fr\/actu\/wp-json\/wp\/v2\/posts\/2264","targetHints":{"allow":["GET"]}}],"collection":[{"href":"https:\/\/www.enviroscop.fr\/actu\/wp-json\/wp\/v2\/posts"}],"about":[{"href":"https:\/\/www.enviroscop.fr\/actu\/wp-json\/wp\/v2\/types\/post"}],"author":[{"embeddable":true,"href":"https:\/\/www.enviroscop.fr\/actu\/wp-json\/wp\/v2\/users\/1"}],"replies":[{"embeddable":true,"href":"https:\/\/www.enviroscop.fr\/actu\/wp-json\/wp\/v2\/comments?post=2264"}],"version-history":[{"count":0,"href":"https:\/\/www.enviroscop.fr\/actu\/wp-json\/wp\/v2\/posts\/2264\/revisions"}],"wp:attachment":[{"href":"https:\/\/www.enviroscop.fr\/actu\/wp-json\/wp\/v2\/media?parent=2264"}],"wp:term":[{"taxonomy":"category","embeddable":true,"href":"https:\/\/www.enviroscop.fr\/actu\/wp-json\/wp\/v2\/categories?post=2264"},{"taxonomy":"post_tag","embeddable":true,"href":"https:\/\/www.enviroscop.fr\/actu\/wp-json\/wp\/v2\/tags?post=2264"}],"curies":[{"name":"wp","href":"https:\/\/api.w.org\/{rel}","templated":true}]}}