{"id":2266,"date":"2015-02-18T08:01:03","date_gmt":"2015-02-18T07:01:03","guid":{"rendered":"http:\/\/www.enviroscop.fr\/actu\/?p=2266"},"modified":"2015-02-18T08:01:03","modified_gmt":"2015-02-18T07:01:03","slug":"linsertion-des-clauses-environnementales-dans-les-operations-de-travaux","status":"publish","type":"post","link":"https:\/\/www.enviroscop.fr\/actu\/2015\/02\/linsertion-des-clauses-environnementales-dans-les-operations-de-travaux\/","title":{"rendered":"L\u2019insertion des clauses environnementales dans les op\u00e9rations de travaux"},"content":{"rendered":"<p>La prise en compte des enjeux du d\u00e9veloppement durable conduit tout un chacun \u00e0 consid\u00e9rer de fa\u00e7on plus responsable les modes de production et de consommation de quantit\u00e9s de biens mat\u00e9riels dont les effets sur la pollution des milieux, l\u2019\u00e9puisement des ressources, la sant\u00e9 des hommes, et sur l\u2019\u00e9conomie elle-m\u00eame ne sont pas neutres.<\/p>\n<p>Le montant des achats publics repr\u00e9sente en France environ 15% du Produit Int\u00e9rieur Brut soit un poids \u00e9conomique important. Ce constat illustre l\u2019ampleur du levier que peuvent exercer les collectivit\u00e9s territoriales dans les choix qu\u2019elles engagent en mati\u00e8re d\u2019investissement.<\/p>\n<p>Tous les march\u00e9s semblent propices \u00e0 l\u2019insertion des clauses environnementales ou sociales mais selon une enqu\u00eate men\u00e9e par l\u2019Observatoire \u00e9conomique de l\u2019Achat public aupr\u00e8s des collectivit\u00e9s territoriales, il ressort que les march\u00e9s de travaux ou de construction arrivent en t\u00eate de l\u2019utilisation des clauses sociales ou environnementales.<\/p>\n<p>Le Conseil g\u00e9n\u00e9ral de la Somme, en adoptant sa strat\u00e9gie de d\u00e9veloppement durable, puis son Plan Climat Energie D\u00e9partemental, a fait le choix d\u2019inscrire, dans son Agenda 21, un certain nombre d\u2019objectifs dont la mise en \u0153uvre d\u2019une politique d\u2019achats responsables et une gestion de son patrimoine int\u00e9grant des crit\u00e8res de performances environnementales. Il s\u2019assure ainsi de la mise en coh\u00e9rence de sa politique patrimoniale avec les exigences de d\u00e9veloppement durable.<\/p>\n<p>Vous pouvez t\u00e9l\u00e9charger<a href=\"http:\/\/www.developpement-durable.gouv.fr\/IMG\/pdf\/Les_clauses_environnementales_dans_les_operations_de_travaux_CG_Somme_decembre_2014.pdf\"> le guide ICI<\/a><\/p>\n","protected":false},"excerpt":{"rendered":"<p>La prise en compte des enjeux du d\u00e9veloppement durable conduit tout un chacun \u00e0 consid\u00e9rer de fa\u00e7on plus responsable les modes de production et de consommation de quantit\u00e9s de biens mat\u00e9riels dont les effets sur la pollution des milieux, l\u2019\u00e9puisement des ressources, la sant\u00e9 des hommes, et sur l\u2019\u00e9conomie elle-m\u00eame ne sont pas neutres. Le &hellip; <\/p>\n<p><a class=\"more-link btn\" href=\"https:\/\/www.enviroscop.fr\/actu\/2015\/02\/linsertion-des-clauses-environnementales-dans-les-operations-de-travaux\/\">Lire la suite<\/a><\/p>\n","protected":false},"author":1,"featured_media":0,"comment_status":"open","ping_status":"open","sticky":false,"template":"","format":"standard","meta":{"jetpack_post_was_ever_published":false,"_jetpack_newsletter_access":"","_jetpack_dont_email_post_to_subs":false,"_jetpack_newsletter_tier_id":0,"_jetpack_memberships_contains_paywalled_content":false,"_jetpack_memberships_contains_paid_content":false,"footnotes":"","jetpack_publicize_message":"","jetpack_publicize_feature_enabled":true,"jetpack_social_post_already_shared":true,"jetpack_social_options":{"image_generator_settings":{"template":"highway","default_image_id":0,"font":"","enabled":false},"version":2}},"categories":[20,22,75,89,76],"tags":[],"class_list":["post-2266","post","type-post","status-publish","format-standard","hentry","category-durable","category-economie","category-picardie","category-management","category-rse","item-wrap"],"jetpack_publicize_connections":[],"jetpack_featured_media_url":"","jetpack_shortlink":"https:\/\/wp.me\/p3rXAp-Ay","jetpack_likes_enabled":true,"jetpack-related-posts":[{"id":4600,"url":"https:\/\/www.enviroscop.fr\/actu\/2022\/01\/loi-climat-et-resilience-le-decret-sur-le-verdissement-de-la-commande-publique-en-consultation\/","url_meta":{"origin":2266,"position":0},"title":"Loi Climat et R\u00e9silience : le d\u00e9cret sur le verdissement de la commande publique en consultation","author":"Enviroscop","date":"18 janvier 2022","format":false,"excerpt":"La direction des affaires juridiques (DAJ) du minist\u00e8re de l'\u00c9conomie a mis en consultation jusqu'au 27 janvier prochain le projet de d\u00e9cret portant diverses modifications du code de la commande publique pr\u00e9voyant des dispositions d\u2019application de la\u00a0loi Climat et R\u00e9silience ainsi que diverses autres mesures ayant une incidence sur les\u2026","rel":"","context":"Dans &quot;Concertation&quot;","block_context":{"text":"Concertation","link":"https:\/\/www.enviroscop.fr\/actu\/category\/concertation\/"},"img":{"alt_text":"","src":"https:\/\/i0.wp.com\/www.enviroscop.fr\/actu\/wp-content\/uploads\/2013\/05\/17141_une.jpg?resize=350%2C200","width":350,"height":200},"classes":[]},{"id":2128,"url":"https:\/\/www.enviroscop.fr\/actu\/2014\/11\/monetarisation-des-biens-services-impacts-environnementaux-en-appui-a-la-decision-les-nouveautes-methodologiques\/","url_meta":{"origin":2266,"position":1},"title":"Mon\u00e9tarisation des biens, services et impacts environnementaux en appui \u00e0 la d\u00e9cision : les nouveaut\u00e9s m\u00e9thodologiques","author":"Enviroscop","date":"4 novembre 2014","format":false,"excerpt":"Le Service de l\u2019\u00e9conomie, de l\u2019\u00e9valuation et de l\u2019int\u00e9gration du d\u00e9veloppement durable, au sein du Commissariat g\u00e9n\u00e9ral au d\u00e9veloppement durable, a pour mission de d\u00e9velopper et diffuser les m\u00e9thodes de valorisation \u00e9conomique des politiques, r\u00e9gulations, biens et services environnementaux, sur la biodiversit\u00e9, les patrimoines naturels et am\u00e9nit\u00e9s environnementales. C\u2019est \u00e0\u2026","rel":"","context":"Dans &quot;biodiversit\u00e9&quot;","block_context":{"text":"biodiversit\u00e9","link":"https:\/\/www.enviroscop.fr\/actu\/category\/nature\/biodiversite\/"},"img":{"alt_text":"mon\u00e9tarisation des biens, services et impacts environnementaux en appui \u00e0 la d\u00e9cision : les nouveaut\u00e9s m\u00e9thodologiques - ","src":"https:\/\/i0.wp.com\/www.developpement-durable.gouv.fr\/IMG\/arton41321.jpg?resize=350%2C200","width":350,"height":200},"classes":[]},{"id":4247,"url":"https:\/\/www.enviroscop.fr\/actu\/2021\/05\/construction-de-batiments-neufs-projets-de-textes-sur-les-donnees-environnementales\/","url_meta":{"origin":2266,"position":2},"title":"Construction de b\u00e2timents neufs : Projets de textes sur les donn\u00e9es environnementales","author":"Enviroscop","date":"20 mai 2021","format":false,"excerpt":"\u00a0 En signant l\u2019Accord de Paris en 2015, la France a pris un engagement important dans la lutte contre le changement climatique. Cette ambition a \u00e9t\u00e9 r\u00e9affirm\u00e9e dans la loi \u00e9nergie-climat qui pr\u00e9voit d\u2019atteindre la neutralit\u00e9 carbone en 2050\u00a0; l\u2019am\u00e9lioration des performances \u00e9nerg\u00e9tiques et environnementales des b\u00e2timents neufs est un\u2026","rel":"","context":"Dans &quot;Climat&quot;","block_context":{"text":"Climat","link":"https:\/\/www.enviroscop.fr\/actu\/category\/climat\/"},"img":{"alt_text":"","src":"https:\/\/i0.wp.com\/www.enviroscop.fr\/actu\/wp-content\/uploads\/2021\/05\/re2020.png?resize=350%2C200","width":350,"height":200},"classes":[]},{"id":5439,"url":"https:\/\/www.enviroscop.fr\/actu\/2024\/05\/note-relative-a-la-prise-en-compte-des-emissions-de-gaz-a-effet-de-serre-et-du-changement-climatique\/","url_meta":{"origin":2266,"position":3},"title":"Note relative \u00e0 la prise en compte des \u00e9missions de gaz \u00e0 effet de serre et du changement climatique","author":"Enviroscop","date":"6 mai 2024","format":false,"excerpt":"Cette note a pour objectif de pr\u00e9ciser ce qui est attendu par les autorit\u00e9s environnementales en mati\u00e8re d\u2019\u00e9valuation des effets sur le climat, et d\u2019adaptation au changement climatique. Les recommandations formul\u00e9es s\u2019appuient sur les contributions de l\u2019Ae et des MRAe, dans le cadre d\u2019un groupe de travail commun lanc\u00e9 en\u2026","rel":"","context":"Dans &quot;Activit\u00e9&quot;","block_context":{"text":"Activit\u00e9","link":"https:\/\/www.enviroscop.fr\/actu\/category\/activite\/"},"img":{"alt_text":"","src":"https:\/\/i0.wp.com\/www.enviroscop.fr\/actu\/wp-content\/uploads\/2024\/05\/Capture-decran-2024-05-06-101946.png?resize=350%2C200&ssl=1","width":350,"height":200,"srcset":"https:\/\/i0.wp.com\/www.enviroscop.fr\/actu\/wp-content\/uploads\/2024\/05\/Capture-decran-2024-05-06-101946.png?resize=350%2C200&ssl=1 1x, https:\/\/i0.wp.com\/www.enviroscop.fr\/actu\/wp-content\/uploads\/2024\/05\/Capture-decran-2024-05-06-101946.png?resize=525%2C300&ssl=1 1.5x, https:\/\/i0.wp.com\/www.enviroscop.fr\/actu\/wp-content\/uploads\/2024\/05\/Capture-decran-2024-05-06-101946.png?resize=700%2C400&ssl=1 2x"},"classes":[]},{"id":2480,"url":"https:\/\/www.enviroscop.fr\/actu\/2015\/09\/les-formations-initiales-en-environnement\/","url_meta":{"origin":2266,"position":4},"title":"Les formations initiales en environnement","author":"Enviroscop","date":"15 septembre 2015","format":false,"excerpt":"\u00a0 L\u2019\u00e9conomie verte est consid\u00e9r\u00e9e comme un levier de croissance pour l\u2019emploi avec le d\u00e9veloppement d\u2019activit\u00e9s existantes ou l\u2019apparition de nouvelles activit\u00e9s. L\u2019adaptation de l\u2019appareil de formation est n\u00e9cessaire pour soutenir cette croissance et r\u00e9pondre aux exigences techniques requises par les m\u00e9tiers du domaine de l\u2019environnement ou int\u00e9grant des probl\u00e9matiques\u2026","rel":"","context":"Dans &quot;durable&quot;","block_context":{"text":"durable","link":"https:\/\/www.enviroscop.fr\/actu\/category\/durable\/"},"img":{"alt_text":"","src":"","width":0,"height":0},"classes":[]},{"id":5262,"url":"https:\/\/www.enviroscop.fr\/actu\/2023\/06\/transition-ecologique-une-etude-met-en-lumiere-le-role-de-leconomie-sociale-et-solidaire-dans-les-quartiers-populaires\/","url_meta":{"origin":2266,"position":5},"title":"Transition \u00e9cologique : une \u00e9tude met en lumi\u00e8re le r\u00f4le de l\u2019\u00e9conomie sociale et solidaire dans les quartiers populaires","author":"Enviroscop","date":"20 juin 2023","format":false,"excerpt":"R\u00e9cemment publi\u00e9e par l\u2019Agence nationale de la coh\u00e9sion des territoires, une \u00e9tude appelle \u00e0 d\u00e9velopper les synergies entre l\u2019\u00e9conomie sociale et solidaire, la transition \u00e9cologique et les quartiers prioritaires de la politique de la ville. Dans trois fili\u00e8res - la cyclologistique, l\u2019alimentation durable et le r\u00e9emploi de mat\u00e9riel informatique -,\u2026","rel":"","context":"Dans &quot;Activit\u00e9&quot;","block_context":{"text":"Activit\u00e9","link":"https:\/\/www.enviroscop.fr\/actu\/category\/activite\/"},"img":{"alt_text":"","src":"https:\/\/i0.wp.com\/www.enviroscop.fr\/actu\/wp-content\/uploads\/2023\/06\/couv.jpg?resize=350%2C200&ssl=1","width":350,"height":200},"classes":[]}],"jetpack_sharing_enabled":true,"_links":{"self":[{"href":"https:\/\/www.enviroscop.fr\/actu\/wp-json\/wp\/v2\/posts\/2266","targetHints":{"allow":["GET"]}}],"collection":[{"href":"https:\/\/www.enviroscop.fr\/actu\/wp-json\/wp\/v2\/posts"}],"about":[{"href":"https:\/\/www.enviroscop.fr\/actu\/wp-json\/wp\/v2\/types\/post"}],"author":[{"embeddable":true,"href":"https:\/\/www.enviroscop.fr\/actu\/wp-json\/wp\/v2\/users\/1"}],"replies":[{"embeddable":true,"href":"https:\/\/www.enviroscop.fr\/actu\/wp-json\/wp\/v2\/comments?post=2266"}],"version-history":[{"count":0,"href":"https:\/\/www.enviroscop.fr\/actu\/wp-json\/wp\/v2\/posts\/2266\/revisions"}],"wp:attachment":[{"href":"https:\/\/www.enviroscop.fr\/actu\/wp-json\/wp\/v2\/media?parent=2266"}],"wp:term":[{"taxonomy":"category","embeddable":true,"href":"https:\/\/www.enviroscop.fr\/actu\/wp-json\/wp\/v2\/categories?post=2266"},{"taxonomy":"post_tag","embeddable":true,"href":"https:\/\/www.enviroscop.fr\/actu\/wp-json\/wp\/v2\/tags?post=2266"}],"curies":[{"name":"wp","href":"https:\/\/api.w.org\/{rel}","templated":true}]}}