{"id":2268,"date":"2015-02-18T16:05:40","date_gmt":"2015-02-18T15:05:40","guid":{"rendered":"http:\/\/www.enviroscop.fr\/actu\/?p=2268"},"modified":"2015-02-18T16:05:40","modified_gmt":"2015-02-18T15:05:40","slug":"eoliennes-1000-m-minimum-des-habitations","status":"publish","type":"post","link":"https:\/\/www.enviroscop.fr\/actu\/2015\/02\/eoliennes-1000-m-minimum-des-habitations\/","title":{"rendered":"Eoliennes : 1000 m minimum des habitations"},"content":{"rendered":"<p>Le S\u00e9nat a fix\u00e9 \u00e0 1 000 m\u00e8tres, dans la nuit de mardi \u00e0 mercredi, la distance entre une \u00e9olienne et des habitations contre 500 m\u00e8tres actuellement afin de prot\u00e9ger les riverains, une d\u00e9cision vivement critiqu\u00e9e par les professionnels du secteur.<\/p>\n<p>\u00ab\u00a0Allez donc vous promener pr\u00e8s d&rsquo;une \u00e9olienne g\u00e9ante: le bruit est infernal\u00a0\u00bb, a dit l&rsquo;auteur de l&rsquo;amendement Jean Germain (PS) \u00e0 l&rsquo;occasion de l&rsquo;examen du projet de loi de transition \u00e9nerg\u00e9tique.<\/p>\n<p>\u00ab\u00a0De loin, un citadin qui passe, trouvera cela beau et majestueux. Pour les ruraux, \u00e7a l&rsquo;est moins\u00a0\u00bb, a-t-il ajout\u00e9. \u00ab\u00a0Pour des raisons m\u00e9dicales, la Grande-Bretagne et l&rsquo;Allemagne ont fix\u00e9 une distance minimale de 1,5 kilom\u00e8tre; les \u00c9tats-Unis qui ne sont gu\u00e8re connus pour appliquer le principe de pr\u00e9caution, 2 kilom\u00e8tres\u00a0\u00bb, a poursuivi l&rsquo;\u00e9lu. \u00ab\u00a0Avec mon amendement, on concentrera les \u00e9oliennes dans des zones inhabit\u00e9es et les parcs atteindront une taille critique. Le monde rural ne veut pas passer par pertes et profits\u00a0\u00bb.<\/p>\n<p>Source \u00a0: AFP<\/p>\n","protected":false},"excerpt":{"rendered":"<p>Le S\u00e9nat a fix\u00e9 \u00e0 1 000 m\u00e8tres, dans la nuit de mardi \u00e0 mercredi, la distance entre une \u00e9olienne et des habitations contre 500 m\u00e8tres actuellement afin de prot\u00e9ger les riverains, une d\u00e9cision vivement critiqu\u00e9e par les professionnels du secteur. \u00ab\u00a0Allez donc vous promener pr\u00e8s d&rsquo;une \u00e9olienne g\u00e9ante: le bruit est infernal\u00a0\u00bb, a dit &hellip; <\/p>\n<p><a class=\"more-link btn\" href=\"https:\/\/www.enviroscop.fr\/actu\/2015\/02\/eoliennes-1000-m-minimum-des-habitations\/\">Lire la suite<\/a><\/p>\n","protected":false},"author":1,"featured_media":0,"comment_status":"open","ping_status":"open","sticky":false,"template":"","format":"standard","meta":{"jetpack_post_was_ever_published":false,"_jetpack_newsletter_access":"","_jetpack_dont_email_post_to_subs":false,"_jetpack_newsletter_tier_id":0,"_jetpack_memberships_contains_paywalled_content":false,"_jetpack_memberships_contains_paid_content":false,"footnotes":"","jetpack_publicize_message":"","jetpack_publicize_feature_enabled":true,"jetpack_social_post_already_shared":true,"jetpack_social_options":{"image_generator_settings":{"template":"highway","default_image_id":0,"font":"","enabled":false},"version":2}},"categories":[7,8,68,65],"tags":[],"class_list":["post-2268","post","type-post","status-publish","format-standard","hentry","category-energie","category-eolien","category-france","category-senat","item-wrap"],"jetpack_publicize_connections":[],"jetpack_featured_media_url":"","jetpack_shortlink":"https:\/\/wp.me\/p3rXAp-AA","jetpack_likes_enabled":true,"jetpack-related-posts":[{"id":2306,"url":"https:\/\/www.enviroscop.fr\/actu\/2015\/04\/moins-de-contraintes-pour-les-eoliennes\/","url_meta":{"origin":2268,"position":0},"title":"Moins de contraintes pour les \u00e9oliennes","author":"Enviroscop","date":"19 avril 2015","format":false,"excerpt":"Lors de l'\u00e9laboration du projet de loi sur la transition \u00e9nerg\u00e9tique, le S\u00e9nat avait pris plusieurs mesures limitant fortement\u00a0le d\u00e9veloppement de l'\u00e9olien mesures sur lesquelles les d\u00e9put\u00e9s viennent de revenir. L'\u00e9l\u00e9ment le plus marquant est bien s\u00fbr le\u00a0r\u00e9tablissement de la\u00a0distance minimale de 500 m\u00e8tres, contre\u00a01 km, entre les \u00e9oliennes et\u2026","rel":"","context":"Dans &quot;Enviroscop&quot;","block_context":{"text":"Enviroscop","link":"https:\/\/www.enviroscop.fr\/actu\/category\/non-classe\/"},"img":{"alt_text":"","src":"","width":0,"height":0},"classes":[]},{"id":2343,"url":"https:\/\/www.enviroscop.fr\/actu\/2015\/05\/adoption-de-la-loi-de-transition-energetique\/","url_meta":{"origin":2268,"position":1},"title":"Adoption de la loi de transition \u00e9nerg\u00e9tique","author":"Enviroscop","date":"27 mai 2015","format":false,"excerpt":"La loi relative \u00e0 la \"transition \u00e9nerg\u00e9tique pour la croissance verte\"\u00a0vient d'\u00eatre\u00a0adopt\u00e9e, ce mardi 26 mai, suite \u00e0 sa seconde lecture par l'Assembl\u00e9e\u00a0par 314 voix contre 219. Ce texte de 66 articles a pour ambition de faire de la France un fer de lance de la lutte\u00a0contre le d\u00e9r\u00e8glement climatique,\u2026","rel":"","context":"Dans &quot;Climat&quot;","block_context":{"text":"Climat","link":"https:\/\/www.enviroscop.fr\/actu\/category\/climat\/"},"img":{"alt_text":"","src":"","width":0,"height":0},"classes":[]},{"id":2300,"url":"https:\/\/www.enviroscop.fr\/actu\/2015\/04\/sondage-exclusif-csa-demontre-la-large-acceptation-des-eoliennes-par-les-francais-habitant-a-proximite\/","url_meta":{"origin":2268,"position":2},"title":"Sondage exclusif CSA d\u00e9montre la large acceptation des \u00e9oliennes par les Fran\u00e7ais habitant \u00e0 proximit\u00e9","author":"Enviroscop","date":"14 avril 2015","format":false,"excerpt":"Transition \u00e9nerg\u00e9tique : alors que les d\u00e9put\u00e9s se penchent cette semaine sur un amendement proposant de multiplier par deux la distance minimale entre \u00e9oliennes et premi\u00e8res habitations, un sondage exclusif CSA d\u00e9montre l\u2019aberration d\u2019une telle mesure. Selon les riverains eux-m\u00eames, interrog\u00e9s, la r\u00e9glementation actuelle garantit d\u2019ores et d\u00e9j\u00e0 l\u2019acceptation des\u2026","rel":"","context":"Dans &quot;Energie&quot;","block_context":{"text":"Energie","link":"https:\/\/www.enviroscop.fr\/actu\/category\/energie\/"},"img":{"alt_text":"","src":"","width":0,"height":0},"classes":[]},{"id":1591,"url":"https:\/\/www.enviroscop.fr\/actu\/2013\/11\/les-avis-de-lademe-la-production-eolienne-delectricite\/","url_meta":{"origin":2268,"position":3},"title":"Les avis de l&rsquo;ADEME : la production \u00e9olienne d&rsquo;\u00e9lectricit\u00e9","author":"Enviroscop","date":"18 novembre 2013","format":false,"excerpt":"Nouvelle parution des \"avis de l'ADEME\" Si l\u2019hydraulique constitue aujourd\u2019hui la principale source\u00a0d\u2019\u00e9nergie renouvelable pour l\u2019\u00e9lectricit\u00e9 en France (environ\u00a012%), elle pr\u00e9sente peu de possibilit\u00e9s d\u2019accroissement de\u00a0production. L\u2019\u00e9nergie \u00e9olienne offre, pour le syst\u00e8me\u00a0\u00e9lectrique fran\u00e7ais, un potentiel technique important et\u00a0encore largement sous-exploit\u00e9 (en 2012, moins de 1% du\u00a0potentiel technique fran\u00e7ais estim\u00e9 par\u2026","rel":"","context":"Dans &quot;ADEME&quot;","block_context":{"text":"ADEME","link":"https:\/\/www.enviroscop.fr\/actu\/category\/source\/ademe\/"},"img":{"alt_text":"","src":"","width":0,"height":0},"classes":[]},{"id":5136,"url":"https:\/\/www.enviroscop.fr\/actu\/2023\/01\/energies-renouvelables-eolien-en-mer-et-solaire-les-principales-mesures-du-texte\/","url_meta":{"origin":2268,"position":4},"title":"Energies renouvelables : \u00e9olien en mer et solaire, les principales mesures du texte","author":"Enviroscop","date":"11 janvier 2023","format":false,"excerpt":"All\u00e9ger les proc\u00e9dures administratives, installer des panneaux solaires en bord d'autoroute et sur les parkings, d\u00e9velopper massivement l'\u00e9olien en mer: le projet de loi d'acc\u00e9l\u00e9ration des \u00e9nergies renouvelables doit permettre \u00e0 la France de rattraper son retard. - Des objectifs ambitieux - En France, qui s'est longtemps repos\u00e9e sur la\u2026","rel":"","context":"Dans &quot;AFP&quot;","block_context":{"text":"AFP","link":"https:\/\/www.enviroscop.fr\/actu\/category\/source\/afp\/"},"img":{"alt_text":"Eoliennes \u00e0 Campigny, dans l'Eure, le 23 d\u00e9cembre 2022","src":"https:\/\/i0.wp.com\/www.sciencesetavenir.fr\/assets\/img\/2023\/01\/10\/cover-r4x3w1000-63bcd785450b0-62950727228e6b0996d5f41743f12442a54c3775-jpg.jpg?resize=350%2C200&ssl=1","width":350,"height":200,"srcset":"https:\/\/i0.wp.com\/www.sciencesetavenir.fr\/assets\/img\/2023\/01\/10\/cover-r4x3w1000-63bcd785450b0-62950727228e6b0996d5f41743f12442a54c3775-jpg.jpg?resize=350%2C200&ssl=1 1x, https:\/\/i0.wp.com\/www.sciencesetavenir.fr\/assets\/img\/2023\/01\/10\/cover-r4x3w1000-63bcd785450b0-62950727228e6b0996d5f41743f12442a54c3775-jpg.jpg?resize=525%2C300&ssl=1 1.5x, https:\/\/i0.wp.com\/www.sciencesetavenir.fr\/assets\/img\/2023\/01\/10\/cover-r4x3w1000-63bcd785450b0-62950727228e6b0996d5f41743f12442a54c3775-jpg.jpg?resize=700%2C400&ssl=1 2x"},"classes":[]},{"id":1604,"url":"https:\/\/www.enviroscop.fr\/actu\/2013\/11\/alstom-installe-son-eolienne-geante-sur-le-site-de-belwind-en-belgique-eolien-enerzine-com\/","url_meta":{"origin":2268,"position":5},"title":"Alstom installe son \u00e9olienne g\u00e9ante sur le site de Belwind en Belgique > Eolien &#8211; Enerzine.com","author":"Enviroscop","date":"21 novembre 2013","format":false,"excerpt":"Alstom a annonc\u00e9 mercredi avoir finalis\u00e9 ce week-end l'installation en mer de son \u00e9olienne offshore nouvelle g\u00e9n\u00e9ration Haliade 150 - 6MW, au large des c\u00f4tes d'Ostende sur le site de Belwind en Belgique. Il s'agit selon l'industriel fran\u00e7ais de la plus grande \u00e9olienne jamais install\u00e9e en mer. Avec un rotor\u2026","rel":"","context":"Dans &quot;Eolien&quot;","block_context":{"text":"Eolien","link":"https:\/\/www.enviroscop.fr\/actu\/category\/energie\/renouvelable\/eolien\/"},"img":{"alt_text":"","src":"","width":0,"height":0},"classes":[]}],"jetpack_sharing_enabled":true,"_links":{"self":[{"href":"https:\/\/www.enviroscop.fr\/actu\/wp-json\/wp\/v2\/posts\/2268","targetHints":{"allow":["GET"]}}],"collection":[{"href":"https:\/\/www.enviroscop.fr\/actu\/wp-json\/wp\/v2\/posts"}],"about":[{"href":"https:\/\/www.enviroscop.fr\/actu\/wp-json\/wp\/v2\/types\/post"}],"author":[{"embeddable":true,"href":"https:\/\/www.enviroscop.fr\/actu\/wp-json\/wp\/v2\/users\/1"}],"replies":[{"embeddable":true,"href":"https:\/\/www.enviroscop.fr\/actu\/wp-json\/wp\/v2\/comments?post=2268"}],"version-history":[{"count":0,"href":"https:\/\/www.enviroscop.fr\/actu\/wp-json\/wp\/v2\/posts\/2268\/revisions"}],"wp:attachment":[{"href":"https:\/\/www.enviroscop.fr\/actu\/wp-json\/wp\/v2\/media?parent=2268"}],"wp:term":[{"taxonomy":"category","embeddable":true,"href":"https:\/\/www.enviroscop.fr\/actu\/wp-json\/wp\/v2\/categories?post=2268"},{"taxonomy":"post_tag","embeddable":true,"href":"https:\/\/www.enviroscop.fr\/actu\/wp-json\/wp\/v2\/tags?post=2268"}],"curies":[{"name":"wp","href":"https:\/\/api.w.org\/{rel}","templated":true}]}}