{"id":2271,"date":"2015-02-19T16:47:48","date_gmt":"2015-02-19T15:47:48","guid":{"rendered":"http:\/\/www.enviroscop.fr\/actu\/?p=2271"},"modified":"2015-02-19T16:47:48","modified_gmt":"2015-02-19T15:47:48","slug":"le-projet-de-loi-sur-la-biodiversite-examine-a-lassemblee-du-16-au-19-mars","status":"publish","type":"post","link":"https:\/\/www.enviroscop.fr\/actu\/2015\/02\/le-projet-de-loi-sur-la-biodiversite-examine-a-lassemblee-du-16-au-19-mars\/","title":{"rendered":"Le projet de loi sur la biodiversit\u00e9 examin\u00e9 \u00e0 l&rsquo;Assembl\u00e9e du 16 au 19 mars"},"content":{"rendered":"<p>D\u00e9p\u00eache AFP :<\/p>\n<p>L&rsquo;Assembl\u00e9e nationale examinera du 16 au 19 mars, en premi\u00e8re lecture, le projet de loi sur la biodiversit\u00e9, a pr\u00e9cis\u00e9, mercredi 18 f\u00e9vrier, Jean-Marie Le Guen, secr\u00e9taire d&rsquo;Etat aux relations avec le Parlement.<\/p>\n<p>&nbsp;<\/p>\n","protected":false},"excerpt":{"rendered":"<p>D\u00e9p\u00eache AFP : L&rsquo;Assembl\u00e9e nationale examinera du 16 au 19 mars, en premi\u00e8re lecture, le projet de loi sur la biodiversit\u00e9, a pr\u00e9cis\u00e9, mercredi 18 f\u00e9vrier, Jean-Marie Le Guen, secr\u00e9taire d&rsquo;Etat aux relations avec le Parlement. &nbsp;<\/p>\n","protected":false},"author":1,"featured_media":0,"comment_status":"open","ping_status":"open","sticky":false,"template":"","format":"standard","meta":{"jetpack_post_was_ever_published":false,"_jetpack_newsletter_access":"","_jetpack_dont_email_post_to_subs":false,"_jetpack_newsletter_tier_id":0,"_jetpack_memberships_contains_paywalled_content":false,"_jetpack_memberships_contains_paid_content":false,"footnotes":"","jetpack_publicize_message":"","jetpack_publicize_feature_enabled":true,"jetpack_social_post_already_shared":true,"jetpack_social_options":{"image_generator_settings":{"template":"highway","default_image_id":0,"font":"","enabled":false},"version":2}},"categories":[11,35],"tags":[],"class_list":["post-2271","post","type-post","status-publish","format-standard","hentry","category-biodiversite","category-juridique","item-wrap"],"jetpack_publicize_connections":[],"jetpack_featured_media_url":"","jetpack_shortlink":"https:\/\/wp.me\/p3rXAp-AD","jetpack_likes_enabled":true,"jetpack-related-posts":[{"id":2275,"url":"https:\/\/www.enviroscop.fr\/actu\/2015\/03\/lassemblee-vote-en-faveur-du-projet-de-loi-sur-la-biodiversite\/","url_meta":{"origin":2271,"position":0},"title":"L&rsquo;assembl\u00e9e vote en faveur du projet de loi sur la biodiversit\u00e9","author":"Enviroscop","date":"25 mars 2015","format":false,"excerpt":"Ce 24 mars, la premi\u00e8re lecture par l'Assembl\u00e9e nationale a \u00e9t\u00e9 adopt\u00e9e \u00e0 325 voix contre 189. Cette loi pour la reconqu\u00eate de la biodiversit\u00e9, de la nature et des paysages, adopt\u00e9e a ensuite vu\u00a0la proposition de loi organique sur la nomination par le pr\u00e9sident de la R\u00e9publique du pr\u00e9sident\u2026","rel":"","context":"Dans &quot;biodiversit\u00e9&quot;","block_context":{"text":"biodiversit\u00e9","link":"https:\/\/www.enviroscop.fr\/actu\/category\/nature\/biodiversite\/"},"img":{"alt_text":"","src":"","width":0,"height":0},"classes":[]},{"id":2626,"url":"https:\/\/www.enviroscop.fr\/actu\/2016\/06\/projet-de-loi-biodiversite-a-lassemblee-nationale\/","url_meta":{"origin":2271,"position":1},"title":"Projet de loi biodiversit\u00e9 \u00e0 l&rsquo;Assembl\u00e9e Nationale","author":"Enviroscop","date":"27 juin 2016","format":false,"excerpt":"En nouvelle\u00a0lecture, l'Assembl\u00e9e Nationale vient d'adopter les diff\u00e9rents volets de ce projet de loi : r\u00e9alit\u00e9 du\u00a0pr\u00e9judice \u00e9cologique, compensation \u00e9cologique, cr\u00e9ation de l'Agence fran\u00e7aise pour la biodiversit\u00e9, nouvelle gouvernance de l'eau, sortie des n\u00e9onicotino\u00efdes...\u00a0sans oublier la non-r\u00e9gression du droit de l'Environnement et les principes fondamentaux de la Loi. 74 amendements\u2026","rel":"","context":"Dans &quot;France&quot;","block_context":{"text":"France","link":"https:\/\/www.enviroscop.fr\/actu\/category\/europe\/france\/"},"img":{"alt_text":"","src":"","width":0,"height":0},"classes":[]},{"id":2017,"url":"https:\/\/www.enviroscop.fr\/actu\/2014\/08\/projet-de-loi-biodiversite-le-parlement-debat-des-principes-fondamentaux-du-droit-de-lenvironnement-arnaud-gossement-avocat\/","url_meta":{"origin":2271,"position":2},"title":"Projet de loi Biodiversit\u00e9 : le Parlement d\u00e9bat des principes fondamentaux du droit de l&rsquo;environnement : Arnaud Gossement &#8211; Avocat","author":"Enviroscop","date":"11 ao\u00fbt 2014","format":false,"excerpt":"Aussi discret qu\u2019important, le projet de loi relatif \u00e0 la biodiversit\u00e9 sera prochainement discut\u00e9 au Parlement apr\u00e8s avoir \u00e9t\u00e9 examin\u00e9 en Commission. Cette note\u00a0est la premi\u00e8re d'une s\u00e9rie consacr\u00e9e \u00e0 ce texte important. Elle est consacr\u00e9e au Titre Ier du projet de loi, relatif aux principes fondamentaux du projet de\u2026","rel":"","context":"Dans &quot;biodiversit\u00e9&quot;","block_context":{"text":"biodiversit\u00e9","link":"https:\/\/www.enviroscop.fr\/actu\/category\/nature\/biodiversite\/"},"img":{"alt_text":"","src":"","width":0,"height":0},"classes":[]},{"id":1674,"url":"https:\/\/www.enviroscop.fr\/actu\/2013\/12\/biodiversite-lavant-projet-de-loi-presente-au-conseil-national-de-la-transition-ecologique-arnaud-gossement\/","url_meta":{"origin":2271,"position":3},"title":"Biodiversit\u00e9 : l&rsquo;avant-projet de loi pr\u00e9sent\u00e9 au Conseil national de la transition \u00e9cologique : Arnaud Gossement","author":"Enviroscop","date":"17 d\u00e9cembre 2013","format":false,"excerpt":"Le Minist\u00e8re de l'\u00e9cologie pr\u00e9sente aujourd'hui, aux membres du Conseil national de la transition \u00e9cologique, l'avant-projet de loi relatif \u00e0 la Biodiversit\u00e9. Vous pouvez t\u00e9l\u00e9charger, en cliquant sur ce lien suivant, le fichier qui comporte les diff\u00e9rents \u00e9l\u00e9ments de ce projet de loi : loi_biodiversit\u00e9.zip. via :\u00a0Biodiversit\u00e9 : l'avant-projet de\u2026","rel":"","context":"Dans &quot;biodiversit\u00e9&quot;","block_context":{"text":"biodiversit\u00e9","link":"https:\/\/www.enviroscop.fr\/actu\/category\/nature\/biodiversite\/"},"img":{"alt_text":"","src":"","width":0,"height":0},"classes":[]},{"id":1868,"url":"https:\/\/www.enviroscop.fr\/actu\/2014\/03\/biodiversite-presentation-du-projet-de-loi-en-conseil-des-ministres\/","url_meta":{"origin":2271,"position":4},"title":"Biodiversit\u00e9 : pr\u00e9sentation du projet de loi en conseil des ministres","author":"Enviroscop","date":"26 mars 2014","format":false,"excerpt":"Le Ministre de l'\u00e9cologie vient de pr\u00e9senter ce matin en Conseil des ministres un texte tr\u00e8s important et int\u00e9ressant: le projet de loi relatif \u00e0 la biodiversit\u00e9. L'\u00e9quipe de notre conf\u00e8re Arnaud Gossement vous propose le texte et son d\u00e9cryptage sur :\u00a0Biodiversit\u00e9 : pr\u00e9sentation du projet de loi en conseil\u2026","rel":"","context":"Dans &quot;biodiversit\u00e9&quot;","block_context":{"text":"biodiversit\u00e9","link":"https:\/\/www.enviroscop.fr\/actu\/category\/nature\/biodiversite\/"},"img":{"alt_text":"","src":"","width":0,"height":0},"classes":[]},{"id":2687,"url":"https:\/\/www.enviroscop.fr\/actu\/2016\/10\/consultation-publique-concernant-le-texte-dapplication-de-la-loi-biodiversite-projet-de-decret-relatif-aux-zones-prioritaires-pour-la-biodiversite\/","url_meta":{"origin":2271,"position":5},"title":"Consultation publique\u00a0concernant le texte d\u2019application de la loi biodiversit\u00e9 : projet de d\u00e9cret relatif aux zones prioritaires pour la biodiversit\u00e9","author":"Enviroscop","date":"27 octobre 2016","format":false,"excerpt":"Du 26\/10\/2016 au 19\/11\/2016, le Minist\u00e8re consulte l'avis du public sur ce texte concernant les esp\u00e8ces menac\u00e9es.\u00a0 Les menaces qui p\u00e8sent sur dces esp\u00e8ces peuvent conduire \u00e0 leur rar\u00e9faction voire \u00e0 leur extinction sur tout ou partie des territoires qui les h\u00e9bergent. L\u2019\u00e9tat de conservation de telles esp\u00e8ces est consid\u00e9r\u00e9\u2026","rel":"","context":"Dans &quot;biodiversit\u00e9&quot;","block_context":{"text":"biodiversit\u00e9","link":"https:\/\/www.enviroscop.fr\/actu\/category\/nature\/biodiversite\/"},"img":{"alt_text":"","src":"","width":0,"height":0},"classes":[]}],"jetpack_sharing_enabled":true,"_links":{"self":[{"href":"https:\/\/www.enviroscop.fr\/actu\/wp-json\/wp\/v2\/posts\/2271","targetHints":{"allow":["GET"]}}],"collection":[{"href":"https:\/\/www.enviroscop.fr\/actu\/wp-json\/wp\/v2\/posts"}],"about":[{"href":"https:\/\/www.enviroscop.fr\/actu\/wp-json\/wp\/v2\/types\/post"}],"author":[{"embeddable":true,"href":"https:\/\/www.enviroscop.fr\/actu\/wp-json\/wp\/v2\/users\/1"}],"replies":[{"embeddable":true,"href":"https:\/\/www.enviroscop.fr\/actu\/wp-json\/wp\/v2\/comments?post=2271"}],"version-history":[{"count":0,"href":"https:\/\/www.enviroscop.fr\/actu\/wp-json\/wp\/v2\/posts\/2271\/revisions"}],"wp:attachment":[{"href":"https:\/\/www.enviroscop.fr\/actu\/wp-json\/wp\/v2\/media?parent=2271"}],"wp:term":[{"taxonomy":"category","embeddable":true,"href":"https:\/\/www.enviroscop.fr\/actu\/wp-json\/wp\/v2\/categories?post=2271"},{"taxonomy":"post_tag","embeddable":true,"href":"https:\/\/www.enviroscop.fr\/actu\/wp-json\/wp\/v2\/tags?post=2271"}],"curies":[{"name":"wp","href":"https:\/\/api.w.org\/{rel}","templated":true}]}}