{"id":2298,"date":"2015-04-13T11:11:57","date_gmt":"2015-04-13T10:11:57","guid":{"rendered":"http:\/\/www.enviroscop.fr\/actu\/?p=2298"},"modified":"2015-04-13T11:11:57","modified_gmt":"2015-04-13T10:11:57","slug":"consequences-socio-economiques-de-la-periurbanisation-sur-les-menages-dreal-champagne-ardenne","status":"publish","type":"post","link":"https:\/\/www.enviroscop.fr\/actu\/2015\/04\/consequences-socio-economiques-de-la-periurbanisation-sur-les-menages-dreal-champagne-ardenne\/","title":{"rendered":"Cons\u00e9quences socio-\u00e9conomiques de la p\u00e9riurbanisation sur les m\u00e9nages &#8211; DREAL Champagne-Ardenne"},"content":{"rendered":"<h2 style=\"margin-top: 0px; margin-bottom: 0px; padding-top: 15px; font-size: 18px; color: #484848; font-weight: bold; font-family: arial, verdana, helvetica, sans-serif; line-height: 18px;\"><\/h2>\n<div class=\"texteart\" style=\"margin: 0px; padding: 0px; color: #484848; text-align: justify; font-family: arial, verdana, helvetica, sans-serif;\">\n<p style=\"margin-bottom: 15px;\">\u00a0Dans sa publication INSEE Flash n\u00b0\u00a0140 de janvier 2012, l\u2019Insee indique que le mouvement de p\u00e9riurbanisation en r\u00e9gion Champagne-Ardenne, amorc\u00e9 dans le courant des ann\u00e9es soixante-dix, se poursuit. Il traduit \u00e0 la fois l\u2019installation de populations de plus en plus loin des villes et le maintien d\u2019une forte concentration de l\u2019emploi dans les agglom\u00e9rations. Ainsi les couronnes se peuplent essentiellement au d\u00e9triment des c\u0153urs d\u2019agglom\u00e9rations et de bourgs.<\/p>\n<p style=\"margin-top: 0px; margin-bottom: 15px;\">La confrontation des caract\u00e9ristiques de la p\u00e9riurbanisation, des motivations et du ressenti des m\u00e9nages et de l\u2019estimation des cons\u00e9quences \u00e9conomiques de l\u2019\u00e9loignement pour les m\u00e9nages a conduit \u00e0 interroger la p\u00e9rennit\u00e9 de la p\u00e9riurbanisation et de ses cons\u00e9quences pour les communes les plus \u00e9loign\u00e9es en prenant en compte les \u00e9volutions \u00e0 venir possibles.<\/p>\n<h3 class=\"spip\" style=\"margin-top: 0px; margin-bottom: 0.25em; padding-top: 1em; padding-bottom: 0.2em; color: #484848; font-weight: bold; font-size: 1.25em;\">\u00c9tat des lieux de la p\u00e9riurbanisation en Champagne-Ardenne<\/h3>\n<p style=\"margin-top: 0px; margin-bottom: 15px;\">Fond\u00e9 sur un solide \u00e9tat des lieux, le rapport de phase 1 met en \u00e9vidence l\u2019\u00e9loignement des fonctions d\u2019emploi et d\u2019habitat\u00a0: les p\u00f4les concentrent les fonctions \u00e9conomiques et de services et les fonctions r\u00e9sidentielles se d\u00e9ploient dans les couronnes p\u00e9riurbaines. Cela se traduit par des mobilit\u00e9s nombreuses. L\u2019organisation du territoire soul\u00e8ve ainsi deux premiers enjeux\u00a0:\u00a0<strong class=\"spip\" style=\"margin: 0px; padding: 0px;\">le faible acc\u00e8s aux services les plus \u00e9l\u00e9mentaires et la d\u00e9pendance \u00e0 la voiture sur l\u2019ensemble des espaces p\u00e9ri-urbains pour tous les d\u00e9placements<\/strong>.<\/p>\n<p style=\"margin-top: 0px; margin-bottom: 15px;\">La p\u00e9riurbanisation constitue de plus un ph\u00e9nom\u00e8ne de spatialisation des dynamiques d\u00e9mographiques. En Champagne-Ardenne,\u00a0<strong class=\"spip\" style=\"margin: 0px; padding: 0px;\">l\u2019enjeu du vieillissement de la population se posera progressivement mais massivement dans les couronnes successives<\/strong>.<\/p>\n<p style=\"margin-top: 0px; margin-bottom: 15px;\">Enfin, l\u2019impact de la p\u00e9riurbanisation sur le parc de logements et la consommation d\u2019espace interroge l\u2019existence de\u00a0<strong class=\"spip\" style=\"margin: 0px; padding: 0px;\">strat\u00e9gies d\u2019am\u00e9nagement \u00e0 long terme des collectivit\u00e9s<\/strong>.<\/p>\n<h3 class=\"spip\" style=\"margin-top: 0px; margin-bottom: 0.25em; padding-top: 1em; padding-bottom: 0.2em; color: #484848; font-weight: bold; font-size: 1.25em;\">La p\u00e9riurbanisation v\u00e9cue par les m\u00e9nages champardennais<\/h3>\n<p style=\"margin-top: 0px; margin-bottom: 15px;\">Un sondage r\u00e9alis\u00e9 aupr\u00e8s d\u2019un panel de m\u00e9nages des aires urbaines de Reims, Charleville-M\u00e9zi\u00e8res et Troyes a permis d\u2019appr\u00e9hender les motivations ayant entra\u00een\u00e9 le d\u00e9sir de migration vers le p\u00e9riurbain, et les \u00e9ventuels \u00e9l\u00e9ments d\u00e9clencheurs ayant pouss\u00e9 \u00e0 la concr\u00e9tisation du projet.\u00a0<br style=\"margin: 0px; padding: 0px;\" \/>Les m\u00e9nages faisant le choix du p\u00e9riurbain sont \u00e0 la recherche d\u2019une qualit\u00e9 de vie et d\u2019un environnement (calme, paysage, jardin, s\u00e9curit\u00e9) que la ville ne leur offre pas \u00e0 un co\u00fbt acceptable. Ils parviennent \u00e0 concr\u00e9tiser leur projet gr\u00e2ce aux nombreuses opportunit\u00e9s offertes dans les couronnes \u00e9loign\u00e9es.\u00a0<br style=\"margin: 0px; padding: 0px;\" \/>La satisfaction des m\u00e9nages p\u00e9riurbains est sans appel\u00a0:\u00a0<strong class=\"spip\" style=\"margin: 0px; padding: 0px;\">97\u00a0% des m\u00e9nages interrog\u00e9s trouvent que leur d\u00e9m\u00e9nagement a r\u00e9pondu \u00e0 leurs attentes<\/strong>.<\/p>\n<h3 class=\"spip\" style=\"margin-top: 0px; margin-bottom: 0.25em; padding-top: 1em; padding-bottom: 0.2em; color: #484848; font-weight: bold; font-size: 1.25em;\">\u00c9valuation de l\u2019impact \u00e9conomique de la p\u00e9riubanisation sur le budget des m\u00e9nages<\/h3>\n<p style=\"margin-top: 0px; margin-bottom: 15px;\">L\u2019analyse \u00e9conomique du co\u00fbt de l\u2019\u00e9loignement d\u00e9montre que, pour un m\u00e9nage propri\u00e9taire r\u00e9sidant en 1\u00e8re ou 2e couronne et travaillant en ville-centre, le co\u00fbt li\u00e9 aux d\u00e9placements et au logement est 2 \u00e0 3 fois plus \u00e9lev\u00e9 que pour un m\u00e9nage locataire dans le p\u00f4le urbain. Le budget logement et taxes augmente de 1,4 \u00e0 1,8 fois avec l\u2019\u00e9loignement quand le budget mobilit\u00e9 est multipli\u00e9 par 3 \u00e0 10 selon les agglom\u00e9rations et le nombre de v\u00e9hicules utilis\u00e9s par le m\u00e9nage.\u00a0<br style=\"margin: 0px; padding: 0px;\" \/>Ainsi, dans plus de 200 communes des couronnes p\u00e9riurbaines, le budget cumul\u00e9 du logement et des mobilit\u00e9s courantes d\u00e9passe 50\u00a0% du revenu alors qu\u2019il ne repr\u00e9sente que 25 \u00e0 30\u00a0% du revenu en ville-centre.\u00a0<strong class=\"spip\" style=\"margin: 0px; padding: 0px;\">Ce constat questionne la soutenabilit\u00e9 pour les m\u00e9nages, notamment dans les couronnes les plus \u00e9loign\u00e9es<\/strong>.<\/p>\n<h3 class=\"spip\" style=\"margin-top: 0px; margin-bottom: 0.25em; padding-top: 1em; padding-bottom: 0.2em; color: #484848; font-weight: bold; font-size: 1.25em;\">Une situation qui interroge sur l\u2019avenir<\/h3>\n<p style=\"margin-top: 0px; margin-bottom: 15px;\">Les territoires observant les plus fortes croissances d\u00e9mographiques ces derni\u00e8res ann\u00e9es sont dans les 2e voire 3e couronnes. Le niveau d\u2019\u00e9quipement et de service ainsi que la densit\u00e9 et la dynamique des emplois y sont particuli\u00e8rement faibles. Si les m\u00e9nages semblent ne pas tenir compte de ces facteurs dans leur choix initial de migration, une partie d\u2019entre eux les citent comme inconv\u00e9nients apr\u00e8s leur installation.\u00a0<strong class=\"spip\" style=\"margin: 0px; padding: 0px;\">L\u2019\u00e9quipement<\/strong>\u00a0de ces territoires et\/ou leur proximit\u00e9 \u00e0 des\u00a0<strong class=\"spip\" style=\"margin: 0px; padding: 0px;\">p\u00f4les secondaires structurants<\/strong>\u00a0est un enjeu pour leur avenir.\u00a0<br style=\"margin: 0px; padding: 0px;\" \/>Le ph\u00e9nom\u00e8ne de diminution de population dans les villes-centres commence \u00e0 gagner les premi\u00e8res couronnes vieillissantes. Ce ph\u00e9nom\u00e8ne de\u00a0<strong class=\"spip\" style=\"margin: 0px; padding: 0px;\">vieillissement<\/strong>\u00a0qui devrait s\u2019amplifier interroge les strat\u00e9gies de renouvellement, de redynamisation et d\u2019adaptation de ces espaces au d\u00e9fi de la lutte contre la<strong class=\"spip\" style=\"margin: 0px; padding: 0px;\">\u00a0d\u00e9pendance<\/strong>.<\/p>\n<p style=\"margin-top: 0px; margin-bottom: 15px;\"><strong class=\"spip\" style=\"margin: 0px; padding: 0px;\">Cette situation doit conduire les acteurs de l\u2019am\u00e9nagement du territoire \u00e0 d\u00e9velopper une vision prospective du territoire pour mettre en place des strat\u00e9gies pour un d\u00e9veloppement durable des espaces urbains, p\u00e9riurbains et ruraux.<\/strong><\/p>\n<p style=\"margin-top: 0px; margin-bottom: 15px;\">Acc\u00e8s aux rapports d\u2019\u00e9tude\u00a0:\u00a0<br style=\"margin: 0px; padding: 0px;\" \/><a class=\"LienTelecharg\" style=\"margin: 0px; padding: 0px; text-decoration: underline; color: #79b51c;\" title=\"Ouvrir le document Synthese dans une nouvelle fen\u00eatre\" href=\"http:\/\/www.champagne-ardenne.developpement-durable.gouv.fr\/IMG\/pdf\/PERIURBANISATION_-_Synthese_cle239f13-1.pdf\" target=\"_blank\">Synthese<\/a>\u00a0(format pdf &#8211; 8 Mo &#8211; 25\/02\/2015)<\/p>\n<p style=\"margin-top: 0px; margin-bottom: 15px;\"><a class=\"LienTelecharg\" style=\"margin: 0px; padding: 0px; text-decoration: underline; color: #79b51c;\" title=\"Ouvrir le document Rapport_Phase_1_Diagnostic_1_sur_2_ dans une nouvelle fen\u00eatre\" href=\"http:\/\/www.champagne-ardenne.developpement-durable.gouv.fr\/IMG\/pdf\/DREAL_CHAMPAGNE-ARDENNE_-_PERIURBANISATION_-_Rapport_de_Phase_1_-_DiagnosticV1_1_sur_2__cle2a59f8.pdf\" target=\"_blank\">Rapport_Phase_1_Diagnostic_1_sur_2_<\/a>\u00a0(format pdf &#8211; 16 Mo &#8211; 04\/03\/2015)<\/p>\n<p style=\"margin-top: 0px; margin-bottom: 15px;\"><a class=\"LienTelecharg\" style=\"margin: 0px; padding: 0px; text-decoration: underline; color: #79b51c;\" title=\"Ouvrir le document Rapport_Phase_1_Diagnostic_2_sur_2_ dans une nouvelle fen\u00eatre\" href=\"http:\/\/www.champagne-ardenne.developpement-durable.gouv.fr\/IMG\/pdf\/DREAL_CHAMPAGNE-ARDENNE_-_PERIURBANISATION_-_Rapport_de_Phase_1_-_DiagnosticV1_2_sur_2__cle267251.pdf\" target=\"_blank\">Rapport_Phase_1_Diagnostic_2_sur_2_<\/a>\u00a0(format pdf &#8211; 20.7 Mo &#8211; 04\/03\/2015)<\/p>\n<p style=\"margin-top: 0px; margin-bottom: 15px;\"><a class=\"LienTelecharg\" style=\"margin: 0px; padding: 0px; text-decoration: underline; color: #79b51c;\" title=\"Ouvrir le document Rapport_Phase_2_Modelisation dans une nouvelle fen\u00eatre\" href=\"http:\/\/www.champagne-ardenne.developpement-durable.gouv.fr\/IMG\/pdf\/PERIURBANISATION_-_Rapport_de_Phase_2_-_Modelisation_light_cle541fb5.pdf\" target=\"_blank\">Rapport_Phase_2_Modelisation<\/a>\u00a0(format pdf &#8211; 14.3 Mo &#8211; 25\/02\/2015)<\/p>\n<p style=\"margin-top: 0px; margin-bottom: 15px;\"><a class=\"LienTelecharg\" style=\"margin: 0px; padding: 0px; text-decoration: underline; color: #79b51c;\" title=\"Ouvrir le document Rapport_Phase_3_Mise_en_Perspective dans une nouvelle fen\u00eatre\" href=\"http:\/\/www.champagne-ardenne.developpement-durable.gouv.fr\/IMG\/pdf\/Rapport_de_Phase_3_-_Mise_en_Perspective_cle74c1c7.pdf\" target=\"_blank\">Rapport_Phase_3_Mise_en_Perspective<\/a>\u00a0(format pdf &#8211; 10.9 Mo &#8211; 25\/02\/2015)<\/p>\n<p style=\"margin-top: 0px; margin-bottom: 15px;\">\n<\/div>\n<p><a class=\"LienTelecharg\" style=\"font-family: arial, verdana, helvetica, sans-serif; text-align: justify; margin: 0px; padding: 0px; text-decoration: underline; color: #79b51c;\" title=\"Ouvrir le document Resultats_enquete_menages dans une nouvelle fen\u00eatre\" href=\"http:\/\/www.champagne-ardenne.developpement-durable.gouv.fr\/IMG\/pdf\/Etude_DREAL_Champagne_Ardenne_-_principaux_resultats_enquete_2209_cle22bd39.pdf\" target=\"_blank\">Resultats_enquete_menages<\/a><span style=\"color: #484848; font-family: arial, verdana, helvetica, sans-serif; text-align: justify;\">\u00a0<\/span><span style=\"color: #484848; font-family: arial, verdana, helvetica, sans-serif; text-align: justify;\">(format pdf &#8211; 3.2 Mo &#8211; 25\/02\/2015)<\/span><a href=\"http:\/\/www.champagne-ardenne.developpement-durable.gouv.fr\/consequences-socio-economiques-de-la-a4360.html\">onomiques de la p\u00e9riurbanisation sur les m\u00e9nages &#8211; DREAL Champagne-Ardenne<\/a>.<\/p>\n","protected":false},"excerpt":{"rendered":"<p>\u00a0Dans sa publication INSEE Flash n\u00b0\u00a0140 de janvier 2012, l\u2019Insee indique que le mouvement de p\u00e9riurbanisation en r\u00e9gion Champagne-Ardenne, amorc\u00e9 dans le courant des ann\u00e9es soixante-dix, se poursuit. Il traduit \u00e0 la fois l\u2019installation de populations de plus en plus loin des villes et le maintien d\u2019une forte concentration de l\u2019emploi dans les agglom\u00e9rations. Ainsi &hellip; <\/p>\n<p><a class=\"more-link btn\" href=\"https:\/\/www.enviroscop.fr\/actu\/2015\/04\/consequences-socio-economiques-de-la-periurbanisation-sur-les-menages-dreal-champagne-ardenne\/\">Lire la suite<\/a><\/p>\n","protected":false},"author":1,"featured_media":0,"comment_status":"open","ping_status":"open","sticky":false,"template":"","format":"standard","meta":{"jetpack_post_was_ever_published":false,"_jetpack_newsletter_access":"","_jetpack_dont_email_post_to_subs":false,"_jetpack_newsletter_tier_id":0,"_jetpack_memberships_contains_paywalled_content":false,"_jetpack_memberships_contains_paid_content":false,"footnotes":"","jetpack_publicize_message":"","jetpack_publicize_feature_enabled":true,"jetpack_social_post_already_shared":true,"jetpack_social_options":{"image_generator_settings":{"template":"highway","default_image_id":0,"font":"","enabled":false},"version":2}},"categories":[5,18,20,22,69,54,56,57],"tags":[],"class_list":["post-2298","post","type-post","status-publish","format-standard","hentry","category-amenagement","category-deplacements","category-durable","category-economie","category-regions","category-transport","category-urbanisation","category-urbanisme","item-wrap"],"jetpack_publicize_connections":[],"jetpack_featured_media_url":"","jetpack_shortlink":"https:\/\/wp.me\/p3rXAp-B4","jetpack_likes_enabled":true,"jetpack-related-posts":[{"id":341,"url":"https:\/\/www.enviroscop.fr\/actu\/2011\/06\/letalement-urbain-enjeu-societal-et-environne\/","url_meta":{"origin":2298,"position":0},"title":"L&rsquo;??talement urbain, enjeu soci??tal et environnemental, ??tude de la FNAUT","author":"Enviroscop","date":"16 juin 2011","format":false,"excerpt":"L???Etalement urbain, enjeu soci??tal et environnemental??? Etude de la FNAUT Une r??cente ??tude initi??e par la f??d??ration nationale des associations d'usagers des transports (FNAUT) et financ??e par l???Ademe aborde le th??me de l?????talemen...","rel":"","context":"Dans &quot;Energie&quot;","block_context":{"text":"Energie","link":"https:\/\/www.enviroscop.fr\/actu\/category\/energie\/"},"img":{"alt_text":"FNAUT.jpg","src":"https:\/\/i0.wp.com\/img.over-blog.com\/458x600\/3\/90\/58\/51\/Environnement\/Ecoquartier\/FNAUT.jpg?resize=350%2C200","width":350,"height":200},"classes":[]},{"id":4456,"url":"https:\/\/www.enviroscop.fr\/actu\/2021\/10\/vers-une-societe-plus-durable-plus-equitable-le-scenario-negawatt-2022\/","url_meta":{"origin":2298,"position":1},"title":"Vers une soci\u00e9t\u00e9 plus durable, plus \u00e9quitable : le sc\u00e9nario N\u00e9gawatt 2022","author":"Enviroscop","date":"20 octobre 2021","format":false,"excerpt":"Le sc\u00e9nario n\u00e9gaWatt s\u2019inscrit dans une d\u00e9marche globale de soutenabilit\u00e9. Il vise \u00e0 r\u00e9pondre aux imp\u00e9ratifs \u00e9nerg\u00e9tiques et climatiques, tout en nous orientant vers une soci\u00e9t\u00e9 plus durable, plus \u00e9quitable et plus r\u00e9siliente, en traitant \u00e9galement les enjeux de biodiversit\u00e9, de pr\u00e9carit\u00e9, de pollution de l\u2019air, etc. Par sa dimension\u2026","rel":"","context":"Dans &quot;Air&quot;","block_context":{"text":"Air","link":"https:\/\/www.enviroscop.fr\/actu\/category\/compartiments\/air\/"},"img":{"alt_text":"","src":"https:\/\/i0.wp.com\/www.enviroscop.fr\/actu\/wp-content\/uploads\/2021\/10\/Capture-decran-2021-10-20-083410.jpg?resize=350%2C200","width":350,"height":200,"srcset":"https:\/\/i0.wp.com\/www.enviroscop.fr\/actu\/wp-content\/uploads\/2021\/10\/Capture-decran-2021-10-20-083410.jpg?resize=350%2C200 1x, https:\/\/i0.wp.com\/www.enviroscop.fr\/actu\/wp-content\/uploads\/2021\/10\/Capture-decran-2021-10-20-083410.jpg?resize=525%2C300 1.5x, https:\/\/i0.wp.com\/www.enviroscop.fr\/actu\/wp-content\/uploads\/2021\/10\/Capture-decran-2021-10-20-083410.jpg?resize=700%2C400 2x"},"classes":[]},{"id":2234,"url":"https:\/\/www.enviroscop.fr\/actu\/2015\/01\/vulnerabilite-energetique-des-menages-ruraux\/","url_meta":{"origin":2298,"position":2},"title":"Vuln\u00e9rabilit\u00e9 \u00e9nerg\u00e9tique des m\u00e9nages ruraux","author":"Enviroscop","date":"28 janvier 2015","format":false,"excerpt":"Loin des p\u00f4les urbains, chauffage et carburant p\u00e8sent fortement dans le budget des m\u00e9nages. Pour 15% des m\u00e9nages r\u00e9sidant en France m\u00e9tropolitaine, la part des revenus consacr\u00e9s au chauffage du logement et \u00e0 l\u2019eau chaude est \u00e9lev\u00e9e, au sens o\u00f9 elle atteint le double de l\u2019effort m\u00e9dian. Avec le m\u00eame\u2026","rel":"","context":"Dans &quot;Economie&quot;","block_context":{"text":"Economie","link":"https:\/\/www.enviroscop.fr\/actu\/category\/activite\/economie\/"},"img":{"alt_text":"le point sur la vuln\u00e9rabilit\u00e9 \u00e9nerg\u00e9tique - ","src":"https:\/\/i0.wp.com\/www.developpement-durable.gouv.fr\/IMG\/arton42055.jpg?resize=350%2C200","width":350,"height":200},"classes":[]},{"id":1278,"url":"https:\/\/www.enviroscop.fr\/actu\/2013\/07\/etats-generaux-de-la-modernisation-du-droit-de-lenvironnement-bilan-detape-ministere-du-developpement-durable\/","url_meta":{"origin":2298,"position":3},"title":"Etats g\u00e9n\u00e9raux de la modernisation du droit de l\u2019environnement : bilan d&rsquo;\u00e9tape &#8211; Minist\u00e8re du D\u00e9veloppement durable","author":"Enviroscop","date":"18 juillet 2013","format":false,"excerpt":"Philippe Martin a pr\u00e9sent\u00e9 une communication relative au bilan d\u2019\u00e9tape des Etats g\u00e9n\u00e9raux de la modernisation du droit de l\u2019environnement au Conseil des ministres du 17 juillet 2013. La tenue de tels \u00e9tats g\u00e9n\u00e9raux constituait un engagement de la feuille de route pour la transition \u00e9cologique issue de la conf\u00e9rence\u2026","rel":"","context":"Dans &quot;durable&quot;","block_context":{"text":"durable","link":"https:\/\/www.enviroscop.fr\/actu\/category\/durable\/"},"img":{"alt_text":"17141_une","src":"https:\/\/i0.wp.com\/www.enviroscop.fr\/actu\/wp-content\/uploads\/2013\/05\/17141_une-300x152.jpg?resize=350%2C200","width":350,"height":200},"classes":[]},{"id":1495,"url":"https:\/\/www.enviroscop.fr\/actu\/2013\/10\/assouplissement-des-regles-a-linstallation-deoliennes-terrestres\/","url_meta":{"origin":2298,"position":4},"title":"Assouplissement des r\u00e8gles \u00e0 l&rsquo;installation d&rsquo;\u00e9oliennes terrestres","author":"Enviroscop","date":"3 octobre 2013","format":false,"excerpt":"L'Assembl\u00e9e nationale a adopt\u00e9 dans la nuit de lundi, l'article 14 du projet de loi d'habilitation \u00e0 prendre par ordonnances diverses mesures de simplification et de s\u00e9curisation de la vie des entreprises. Cet article habilite le Gouvernement \u00e0 exp\u00e9rimenter une \u00ab autorisation unique \u00bb pour les parcs \u00e9oliens dans les\u2026","rel":"","context":"Dans &quot;Energie&quot;","block_context":{"text":"Energie","link":"https:\/\/www.enviroscop.fr\/actu\/category\/energie\/"},"img":{"alt_text":"eole3","src":"https:\/\/i0.wp.com\/www.enviroscop.fr\/actu\/wp-content\/uploads\/2013\/04\/eole3.jpg?resize=350%2C200","width":350,"height":200},"classes":[]},{"id":1918,"url":"https:\/\/www.enviroscop.fr\/actu\/2014\/05\/decret-n-2014-450-du-2-mai-2014-relatif-a-lexperimentation-dune-autorisation-unique-en-matiere-dinstallations-classees-pour-la-protection-de-lenvironnement\/","url_meta":{"origin":2298,"position":5},"title":"D\u00e9cret n\u00b0 2014-450 du 2 mai 2014 relatif \u00e0 l&rsquo;exp\u00e9rimentation d&rsquo;une autorisation unique en mati\u00e8re d&rsquo;installations class\u00e9es pour la protection de l&rsquo;environnement","author":"Enviroscop","date":"5 mai 2014","format":false,"excerpt":"Objet : exp\u00e9rimentation d'une autorisation unique en mati\u00e8re d'installations class\u00e9es pour la protection de l'environnement (ICPE) dans les r\u00e9gions Basse-Normandie, Bretagne, Champagne-Ardenne, Franche-Comt\u00e9, Midi-Pyr\u00e9n\u00e9es, Nord - Pas-de-Calais et Picardie. Entr\u00e9e en vigueur : le texte entre en vigueur le lendemain de sa publication, \u00e0 l'exception de la r\u00e9gion Bretagne, o\u00f9\u2026","rel":"","context":"Dans &quot;Eolien&quot;","block_context":{"text":"Eolien","link":"https:\/\/www.enviroscop.fr\/actu\/category\/energie\/renouvelable\/eolien\/"},"img":{"alt_text":"","src":"","width":0,"height":0},"classes":[]}],"jetpack_sharing_enabled":true,"_links":{"self":[{"href":"https:\/\/www.enviroscop.fr\/actu\/wp-json\/wp\/v2\/posts\/2298","targetHints":{"allow":["GET"]}}],"collection":[{"href":"https:\/\/www.enviroscop.fr\/actu\/wp-json\/wp\/v2\/posts"}],"about":[{"href":"https:\/\/www.enviroscop.fr\/actu\/wp-json\/wp\/v2\/types\/post"}],"author":[{"embeddable":true,"href":"https:\/\/www.enviroscop.fr\/actu\/wp-json\/wp\/v2\/users\/1"}],"replies":[{"embeddable":true,"href":"https:\/\/www.enviroscop.fr\/actu\/wp-json\/wp\/v2\/comments?post=2298"}],"version-history":[{"count":0,"href":"https:\/\/www.enviroscop.fr\/actu\/wp-json\/wp\/v2\/posts\/2298\/revisions"}],"wp:attachment":[{"href":"https:\/\/www.enviroscop.fr\/actu\/wp-json\/wp\/v2\/media?parent=2298"}],"wp:term":[{"taxonomy":"category","embeddable":true,"href":"https:\/\/www.enviroscop.fr\/actu\/wp-json\/wp\/v2\/categories?post=2298"},{"taxonomy":"post_tag","embeddable":true,"href":"https:\/\/www.enviroscop.fr\/actu\/wp-json\/wp\/v2\/tags?post=2298"}],"curies":[{"name":"wp","href":"https:\/\/api.w.org\/{rel}","templated":true}]}}