{"id":2300,"date":"2015-04-14T16:55:26","date_gmt":"2015-04-14T15:55:26","guid":{"rendered":"http:\/\/www.enviroscop.fr\/actu\/?p=2300"},"modified":"2015-04-14T16:55:26","modified_gmt":"2015-04-14T15:55:26","slug":"sondage-exclusif-csa-demontre-la-large-acceptation-des-eoliennes-par-les-francais-habitant-a-proximite","status":"publish","type":"post","link":"https:\/\/www.enviroscop.fr\/actu\/2015\/04\/sondage-exclusif-csa-demontre-la-large-acceptation-des-eoliennes-par-les-francais-habitant-a-proximite\/","title":{"rendered":"Sondage exclusif CSA d\u00e9montre la large acceptation des \u00e9oliennes par les Fran\u00e7ais habitant \u00e0 proximit\u00e9"},"content":{"rendered":"<p>Transition \u00e9nerg\u00e9tique : alors que les d\u00e9put\u00e9s se penchent cette semaine sur un amendement proposant de multiplier par deux la distance minimale entre \u00e9oliennes et premi\u00e8res habitations, un sondage exclusif CSA d\u00e9montre l\u2019aberration d\u2019une telle mesure. Selon les riverains eux-m\u00eames, interrog\u00e9s, la r\u00e9glementation actuelle garantit d\u2019ores et d\u00e9j\u00e0 l\u2019acceptation des \u00e9oliennes par les habitants et leur int\u00e9gration dans le paysage. France \u00c9nergie \u00c9olienne appelle les d\u00e9put\u00e9s \u00e0 entendre l\u2019avis des sond\u00e9s et \u00e0 maintenir la distance minimale actuelle de 500 m\u00e8tres. En jeu : la capacit\u00e9 de la France \u00e0 atteindre ses objectifs en termes d\u2019\u00e9nergies renouvelables.<\/p>\n<p>Plus de 2\/3 des riverains en ont une image positive et 71% d\u2019entre eux les consid\u00e8rent bien implant\u00e9es dans le paysage.<\/p>\n<p>via<a href=\"http:\/\/fee.asso.fr\/actu\/sondage-exclusif-csa-demontre-la-large-acceptation-des-eoliennes-par-les-francais-habitant-a-proximite\/\">Sondage exclusif CSA d\u00e9montre la large acceptation des \u00e9oliennes par les Fran\u00e7ais habitant \u00e0 proximit\u00e9<\/a>.<\/p>\n","protected":false},"excerpt":{"rendered":"<p>Transition \u00e9nerg\u00e9tique : alors que les d\u00e9put\u00e9s se penchent cette semaine sur un amendement proposant de multiplier par deux la distance minimale entre \u00e9oliennes et premi\u00e8res habitations, un sondage exclusif CSA d\u00e9montre l\u2019aberration d\u2019une telle mesure. Selon les riverains eux-m\u00eames, interrog\u00e9s, la r\u00e9glementation actuelle garantit d\u2019ores et d\u00e9j\u00e0 l\u2019acceptation des \u00e9oliennes par les habitants et &hellip; <\/p>\n<p><a class=\"more-link btn\" href=\"https:\/\/www.enviroscop.fr\/actu\/2015\/04\/sondage-exclusif-csa-demontre-la-large-acceptation-des-eoliennes-par-les-francais-habitant-a-proximite\/\">Lire la suite<\/a><\/p>\n","protected":false},"author":1,"featured_media":0,"comment_status":"open","ping_status":"open","sticky":false,"template":"","format":"standard","meta":{"jetpack_post_was_ever_published":false,"_jetpack_newsletter_access":"","_jetpack_dont_email_post_to_subs":false,"_jetpack_newsletter_tier_id":0,"_jetpack_memberships_contains_paywalled_content":false,"_jetpack_memberships_contains_paid_content":false,"footnotes":"","jetpack_publicize_message":"","jetpack_publicize_feature_enabled":true,"jetpack_social_post_already_shared":true,"jetpack_social_options":{"image_generator_settings":{"template":"highway","default_image_id":0,"font":"","enabled":false},"version":2}},"categories":[7,8,68,33],"tags":[],"class_list":["post-2300","post","type-post","status-publish","format-standard","hentry","category-energie","category-eolien","category-france","category-indicateur","item-wrap"],"jetpack_publicize_connections":[],"jetpack_featured_media_url":"","jetpack_shortlink":"https:\/\/wp.me\/p3rXAp-B6","jetpack_likes_enabled":true,"jetpack-related-posts":[{"id":2268,"url":"https:\/\/www.enviroscop.fr\/actu\/2015\/02\/eoliennes-1000-m-minimum-des-habitations\/","url_meta":{"origin":2300,"position":0},"title":"Eoliennes : 1000 m minimum des habitations","author":"Enviroscop","date":"18 f\u00e9vrier 2015","format":false,"excerpt":"Le S\u00e9nat a fix\u00e9 \u00e0 1 000 m\u00e8tres, dans la nuit de mardi \u00e0 mercredi, la distance entre une \u00e9olienne et des habitations contre 500 m\u00e8tres actuellement afin de prot\u00e9ger les riverains, une d\u00e9cision vivement critiqu\u00e9e par les professionnels du secteur. \"Allez donc vous promener pr\u00e8s d'une \u00e9olienne g\u00e9ante: le\u2026","rel":"","context":"Dans &quot;Energie&quot;","block_context":{"text":"Energie","link":"https:\/\/www.enviroscop.fr\/actu\/category\/energie\/"},"img":{"alt_text":"","src":"","width":0,"height":0},"classes":[]},{"id":4089,"url":"https:\/\/www.enviroscop.fr\/actu\/2021\/02\/enquete-harris-lopinion-des-francais-sur-leolien-tres-stable-et-largement-favorable\/","url_meta":{"origin":2300,"position":1},"title":"Enqu\u00eate Harris : l\u2019opinion des Fran\u00e7ais sur l\u2019\u00e9olien tr\u00e8s stable et largement favorable","author":"Enviroscop","date":"1 f\u00e9vrier 2021","format":false,"excerpt":"Harris Interactive a r\u00e9alis\u00e9 en novembre 2020 pour France Energie Eolienne une vaste enqu\u00eate sur la perception de l\u2019\u00e9olien par les Fran\u00e7ais \u2013 et plus particuli\u00e8rement ceux habitant \u00e0 moins de 5 kilom\u00e8tres d\u2019un parc \u00e9olien. Cette \u00e9tude d\u00e9montre une nouvelle fois que les Fran\u00e7ais ont une opinion positive de\u2026","rel":"","context":"Dans &quot;Air&quot;","block_context":{"text":"Air","link":"https:\/\/www.enviroscop.fr\/actu\/category\/compartiments\/air\/"},"img":{"alt_text":"Enqu\u00eate Harris : l'opinion des Fran\u00e7ais sur l'\u00e9olien tr\u00e8s stable et largement favorable | Veille | Scoop.it","src":"https:\/\/img.scoop.it\/Ru8JChAp-C2Wr71rE8jQBjl72eJkfbmt4t8yenImKBVvK0kTmF0xjctABnaLJIm9","width":350,"height":200},"classes":[]},{"id":2306,"url":"https:\/\/www.enviroscop.fr\/actu\/2015\/04\/moins-de-contraintes-pour-les-eoliennes\/","url_meta":{"origin":2300,"position":2},"title":"Moins de contraintes pour les \u00e9oliennes","author":"Enviroscop","date":"19 avril 2015","format":false,"excerpt":"Lors de l'\u00e9laboration du projet de loi sur la transition \u00e9nerg\u00e9tique, le S\u00e9nat avait pris plusieurs mesures limitant fortement\u00a0le d\u00e9veloppement de l'\u00e9olien mesures sur lesquelles les d\u00e9put\u00e9s viennent de revenir. L'\u00e9l\u00e9ment le plus marquant est bien s\u00fbr le\u00a0r\u00e9tablissement de la\u00a0distance minimale de 500 m\u00e8tres, contre\u00a01 km, entre les \u00e9oliennes et\u2026","rel":"","context":"Dans &quot;Enviroscop&quot;","block_context":{"text":"Enviroscop","link":"https:\/\/www.enviroscop.fr\/actu\/category\/non-classe\/"},"img":{"alt_text":"","src":"","width":0,"height":0},"classes":[]},{"id":5136,"url":"https:\/\/www.enviroscop.fr\/actu\/2023\/01\/energies-renouvelables-eolien-en-mer-et-solaire-les-principales-mesures-du-texte\/","url_meta":{"origin":2300,"position":3},"title":"Energies renouvelables : \u00e9olien en mer et solaire, les principales mesures du texte","author":"Enviroscop","date":"11 janvier 2023","format":false,"excerpt":"All\u00e9ger les proc\u00e9dures administratives, installer des panneaux solaires en bord d'autoroute et sur les parkings, d\u00e9velopper massivement l'\u00e9olien en mer: le projet de loi d'acc\u00e9l\u00e9ration des \u00e9nergies renouvelables doit permettre \u00e0 la France de rattraper son retard. - Des objectifs ambitieux - En France, qui s'est longtemps repos\u00e9e sur la\u2026","rel":"","context":"Dans &quot;AFP&quot;","block_context":{"text":"AFP","link":"https:\/\/www.enviroscop.fr\/actu\/category\/source\/afp\/"},"img":{"alt_text":"Eoliennes \u00e0 Campigny, dans l'Eure, le 23 d\u00e9cembre 2022","src":"https:\/\/i0.wp.com\/www.sciencesetavenir.fr\/assets\/img\/2023\/01\/10\/cover-r4x3w1000-63bcd785450b0-62950727228e6b0996d5f41743f12442a54c3775-jpg.jpg?resize=350%2C200&ssl=1","width":350,"height":200,"srcset":"https:\/\/i0.wp.com\/www.sciencesetavenir.fr\/assets\/img\/2023\/01\/10\/cover-r4x3w1000-63bcd785450b0-62950727228e6b0996d5f41743f12442a54c3775-jpg.jpg?resize=350%2C200&ssl=1 1x, https:\/\/i0.wp.com\/www.sciencesetavenir.fr\/assets\/img\/2023\/01\/10\/cover-r4x3w1000-63bcd785450b0-62950727228e6b0996d5f41743f12442a54c3775-jpg.jpg?resize=525%2C300&ssl=1 1.5x, https:\/\/i0.wp.com\/www.sciencesetavenir.fr\/assets\/img\/2023\/01\/10\/cover-r4x3w1000-63bcd785450b0-62950727228e6b0996d5f41743f12442a54c3775-jpg.jpg?resize=700%2C400&ssl=1 2x"},"classes":[]},{"id":1529,"url":"https:\/\/www.enviroscop.fr\/actu\/2013\/10\/beganne-premier-parc-eolien-citoyen-en-france\/","url_meta":{"origin":2300,"position":4},"title":"B\u00e9ganne, premier parc \u00e9olien citoyen en France","author":"Enviroscop","date":"14 octobre 2013","format":false,"excerpt":"La filiale du Groupe indien Suzlon, REpower Systems SE a r\u00e9cemment annonc\u00e9 avoir remport\u00e9 un contrat pour la fourniture \u00e0 la soci\u00e9t\u00e9 fran\u00e7aise B\u00e9gawatts des turbines \u00e9oliennes \u00e0 destination du 1er parc \u00e9olien citoyen en France : B\u00e9ganne. Le parc \u00e9olien de B\u00e9ganne, situ\u00e9 dans le d\u00e9partement du Morbihan en\u2026","rel":"","context":"Dans &quot;durable&quot;","block_context":{"text":"durable","link":"https:\/\/www.enviroscop.fr\/actu\/category\/durable\/"},"img":{"alt_text":"","src":"","width":0,"height":0},"classes":[]},{"id":2787,"url":"https:\/\/www.enviroscop.fr\/actu\/2017\/04\/exposition-aux-basses-frequences-infrasons-des-parcs-eoliens-renforcer-linformation-des-riverains-la-surveillance-de-lexposition-aux-bruits\/","url_meta":{"origin":2300,"position":5},"title":"Exposition aux basses fr\u00e9quences et infrasons des parcs \u00e9oliens : renforcer l\u2019information des riverains et la surveillance de l\u2019exposition aux bruits","author":"Enviroscop","date":"3 avril 2017","format":false,"excerpt":"L\u2019Anses publie ce jour les r\u00e9sultats de son \u00e9valuation des effets sanitaires li\u00e9s aux basses fr\u00e9quences sonores (20\u00a0Hz \u00e0 200\u00a0Hz) et infrasons (inf\u00e9rieurs \u00e0 20\u00a0Hz) \u00e9mis par les parcs \u00e9oliens. L\u2019expertise men\u00e9e par l\u2019Agence a permis d\u2019une part de mesurer et caract\u00e9riser en situation r\u00e9elle les infrasons \u00e9mis par des\u2026","rel":"","context":"Dans &quot;Energie&quot;","block_context":{"text":"Energie","link":"https:\/\/www.enviroscop.fr\/actu\/category\/energie\/"},"img":{"alt_text":"","src":"https:\/\/i0.wp.com\/www.enviroscop.fr\/actu\/wp-content\/uploads\/2015\/07\/20150702_121207_img0014-150x150.jpg?resize=350%2C200","width":350,"height":200},"classes":[]}],"jetpack_sharing_enabled":true,"_links":{"self":[{"href":"https:\/\/www.enviroscop.fr\/actu\/wp-json\/wp\/v2\/posts\/2300","targetHints":{"allow":["GET"]}}],"collection":[{"href":"https:\/\/www.enviroscop.fr\/actu\/wp-json\/wp\/v2\/posts"}],"about":[{"href":"https:\/\/www.enviroscop.fr\/actu\/wp-json\/wp\/v2\/types\/post"}],"author":[{"embeddable":true,"href":"https:\/\/www.enviroscop.fr\/actu\/wp-json\/wp\/v2\/users\/1"}],"replies":[{"embeddable":true,"href":"https:\/\/www.enviroscop.fr\/actu\/wp-json\/wp\/v2\/comments?post=2300"}],"version-history":[{"count":0,"href":"https:\/\/www.enviroscop.fr\/actu\/wp-json\/wp\/v2\/posts\/2300\/revisions"}],"wp:attachment":[{"href":"https:\/\/www.enviroscop.fr\/actu\/wp-json\/wp\/v2\/media?parent=2300"}],"wp:term":[{"taxonomy":"category","embeddable":true,"href":"https:\/\/www.enviroscop.fr\/actu\/wp-json\/wp\/v2\/categories?post=2300"},{"taxonomy":"post_tag","embeddable":true,"href":"https:\/\/www.enviroscop.fr\/actu\/wp-json\/wp\/v2\/tags?post=2300"}],"curies":[{"name":"wp","href":"https:\/\/api.w.org\/{rel}","templated":true}]}}