{"id":232,"date":"2011-12-22T07:36:00","date_gmt":"2011-12-22T07:36:00","guid":{"rendered":"http:\/\/actu.enviroscop.com\/leolien-soutient-le-developpement-economique"},"modified":"2013-03-01T22:00:54","modified_gmt":"2013-03-01T21:00:54","slug":"leolien-soutient-le-developpement-economique","status":"publish","type":"post","link":"https:\/\/www.enviroscop.fr\/actu\/2011\/12\/leolien-soutient-le-developpement-economique\/","title":{"rendered":"L&rsquo;\u00e9olien soutient le d\u00e9veloppement \u00e9conomique et social du canton de Fruges"},"content":{"rendered":"<p><strong>Avez-vous eu vent de cette histoire\u00a0? Jean-Jacques Hilmoine est maire de Fruges et pr\u00e9sident de la Communaut\u00e9 de communes du canton de Fruges (Nord Pas de Calais). Il a initi\u00e9 en 2001, la cr\u00e9ation d\u2019un parc \u00e9olien sur son territoire. En parall\u00e8le, sa collaboration avec RTE a permis le raccordement des \u00e9oliennes au r\u00e9seau \u00e9lectrique \u00e0 haute tension. Aujourd\u2019hui, l\u2019activit\u00e9 \u00e9olienne repr\u00e9sente un tremplin \u00e9conomique durable pour les projets sociaux et culturels \u00a0de ce territoire rural.<\/strong><\/p>\n<p><strong>Pour en savoir plus sur ce parc auquel nous avons particip\u00e9\u2026<\/strong><\/p>\n<p><strong><!--more--><span>\u00a0<\/span><\/strong><\/p>\n<p>&nbsp;<\/p>\n<p>Nous sommes au Nord d\u2019Arras, dans les collines de l\u2019Artois. \u00ab\u00a0<strong>Le pays des arbres pench\u00e9s<\/strong> \u00bb, dit-on, \u00e0 cause du vent qui souffle r\u00e9guli\u00e8rement\u2026<\/p>\n<p><a class=\"lightbox alignright\"><span class=\"lightbox\">\u00a0<\/span><img data-recalc-dims=\"1\" loading=\"lazy\" decoding=\"async\" class=\" size-full wp-image-12431\" title=\"JJ Hilmoine-eolien-fruges\" alt=\"JJ Hilmoine-eolien-fruges\" src=\"https:\/\/i0.wp.com\/www.audeladeslignes.com\/wp-content\/uploads\/2011\/12\/JJ-Hilmoine-eolien-fruges.jpg?resize=100%2C124\" width=\"100\" height=\"124\" \/><\/a>Sur 20 km&amp;sup2;, <strong>70 \u00e9oliennes<\/strong> tournent depuis fin 2008 produisant jusqu\u2019\u00e0 140 M\u00e9gaWatts d\u2019\u00e9lectricit\u00e9. Ce parc \u00e9olien, actuellement le plus grand de France, a \u00e9t\u00e9 d\u00e9cid\u00e9 en 2001, par Jean-Jacques Hilmoine et le Conseil communautaire du canton de Fruges, afin de servir le <a href=\"http:\/\/www.audeladeslignes.com\/ademe-rte-travailler-lutte-changement-climatique-%C2%BBnord-pas-de-calais-7166\">d\u00e9veloppement durable<\/a> du territoire.<br \/>\n\u00ab\u00a0L\u2019activit\u00e9 de <strong>production \u00e9olienne<\/strong> est un levier financier important, gr\u00e2ce aux redevances des exploitants \u00e9oliens (budget de la communaut\u00e9 de communes multipli\u00e9 par 3). Il permet le d\u00e9veloppement \u00e9conomique et social des 25 communes concern\u00e9es. Soutien au commerce local, construction d\u2019une maison de la petite enfance en milieu rural, d\u2019un b\u00e9guinage pour personnes \u00e2g\u00e9es, d\u2019une maison de sant\u00e9 pluridisciplinaire, de centres culturels et sportifs\u2026\u00a0Ce projet \u00e9olien est un levier formidable pour apporter le <strong>progr\u00e8s sur le territoire<\/strong> \u00bb, explique JJ Hilmoine.<br \/>\nL\u2019\u00e9olien a cr\u00e9\u00e9 des emplois directs et indirects dans cette communaut\u00e9 rurale de 8 000 habitants. \u00ab\u00a0On compte aujourd\u2019hui 80 salari\u00e9s contre 18 en 2001 \u00bb, pr\u00e9cise son pr\u00e9sident. \u00ab\u00a0Quant aux agriculteurs, qui louent une partie de leur terre aux exploitants \u00e9oliens\u00a0 \u2013 1 000 m&amp;sup2; pour une machine \u2013 ils per\u00e7oivent une redevance substantielle \u00bb.<\/p>\n<p><strong>2001 \u2013 2008\u00a0: <\/strong>pour se construire, le <strong>parc \u00e9olien <\/strong>a sollicit\u00e9, pendant plusieurs ann\u00e9es, l\u2019\u00e9nergie de la Communaut\u00e9 de communes de Fruges, celle d\u2019investisseurs priv\u00e9s et du gestionnaire de r\u00e9seau RTE.<br \/>\nEn 2001, quand tout commence, \u00ab\u00a0le parc \u00e9olien compte 136 machines au lieu de 70. Puis, le projet de production \u00e9olienne a \u00e9t\u00e9 adapt\u00e9 aux capacit\u00e9s d\u2019accueil du r\u00e9seau \u00e9lectrique existant\u00a0\u00bb, raconte le pr\u00e9sident de la Communaut\u00e9 de communes. Ainsi, le parc de <a href=\"http:\/\/www.audeladeslignes.com\/clients-raccordes-reseau-transport-electricite-3283\">70 \u00e9oliennes a \u00e9t\u00e9 reli\u00e9<\/a> aux 4 postes \u00e0 haute tension de RTE situ\u00e9s \u00e0 20 km de distance. Les investisseurs ont alors \u00e9valu\u00e9 que cette solution \u00e9tait la plus rentable et rapide. Les 4 liaisons de <strong>raccordement HT <\/strong>ont \u00e9t\u00e9 pos\u00e9es en <a href=\"http:\/\/www.audeladeslignes.com\/sous-terrain-sous-marin-defis-technologiques-reseau-transport-electricite-10166\">souterrain<\/a>.<\/p>\n<p><a class=\"lightbox\" style=\"display: inline-block;\"><img data-recalc-dims=\"1\" loading=\"lazy\" decoding=\"async\" class=\"alignnone size-full wp-image-12429\" title=\"eolien-eoliennes-fruges-reseau-electrique-rte-2\" alt=\"eolien-eoliennes-fruges-reseau-electrique-rte\" src=\"https:\/\/i0.wp.com\/www.audeladeslignes.com\/wp-content\/uploads\/2011\/12\/eolien-eoliennes-fruges-reseau-electrique-rte-2.jpg?resize=500%2C375\" width=\"500\" height=\"375\" \/><\/a><\/p>\n<p>Aujourd\u2019hui, \u00ab\u00a0nos 70 machines sont raccord\u00e9es mais la capacit\u00e9 d\u2019accueil des <strong>postes \u00e9lectriques HT<\/strong> existants est utilis\u00e9e au maximum\u00a0\u00bb, constate Jean-Jacques Hilmoine. \u00ab\u00a0Or ce premier <strong>parc \u00e9olien<\/strong> est le pilote d\u2019un d\u00e9veloppement plus global. Une nouvelle zone \u00e9olienne d\u2019une trentaine de machines devrait notamment voir le jour d\u2019ici 3 ou 4 ans, et il faudra bien la relier au r\u00e9seau\u00a0! Ainsi, pour accompagner les prochains projets \u00e9oliens, j\u2019ai soutenu la construction d\u2019un nouveau poste \u00e9lectrique \u00e0 Coupelle Neuve, petit village voisin de Fruges \u00bb, t\u00e9moigne Jean-Jacques Hilmoine.<\/p>\n<p>Bruno Baronian, directeur de projet RTE, pr\u00e9cise\u00a0\u00e0 propos du <strong>projet \u00e9lectrique<\/strong> : \u00ab\u00a0il est n\u00e9cessaire de construire une nouvelle infrastructure dimensionn\u00e9e pour accueillir l\u2019\u00e9nergie produite. Un nouveau poste 400\u00a0000 \/ 90\u00a0000 volts situ\u00e9 sur la commune de Coupelle Neuve, est donc en cours de construction. Il sera mis en service d\u00e9but 2013. La conception de ce nouveau poste est modulaire afin d\u2019adapter sa capacit\u00e9 aux besoins r\u00e9els du d\u00e9veloppement des parcs \u00e9oliens\u00a0\u00bb. L\u2019\u00e9troite <a href=\"http:\/\/www.audeladeslignes.com\/construction-ligne-poste-electrique-etapes-8435\">concertation<\/a> men\u00e9e avec la Communaut\u00e9 de communes de Fruges a facilit\u00e9 la n\u00e9gociation pour l\u2019emplacement de ce <strong>nouveau poste THT <\/strong>et a permis sa bonne<strong> int\u00e9gration environnementale<\/strong>.<\/p>\n<p>Et Jean-Jacques Hilmoine de dire\u00a0: \u00ab\u00a0avec RTE, nous avons tiss\u00e9 des liens de confiance lors des premiers projets de raccordement. Ainsi, je me suis investi dans la concertation du nouveau poste THT pour gagner du temps, et faciliter les proc\u00e9dures administratives. Aujourd\u2019hui, notre collaboration avec RTE permet de <strong>dynamiser la 1<sup>\u00e8re<\/sup> grande centrale \u00e9olienne<\/strong>, et de<strong> construire le 1<sup>er<\/sup> poste \u00e9lectrique THT d\u00e9di\u00e9 \u00e0 l\u2019\u00e9olien en France <\/strong>! \u00bb<\/p>\n<p>&nbsp;<\/p>\n<p>Par <a href=\"http:\/\/www.audeladeslignes.com\/author\/jean-jacques-hilmoine\/\" target=\"_blank\">Jean-Jacques Hilmoine<\/a> pr\u00e9sident communaut\u00e9 Fruges<\/p>\n<p>Article original sur le blog <a href=\"http:\/\/www.audeladeslignes.com\/eolien-developpement-economique-social-canton-fruges-12416?utm_source=feedburner&amp;utm_medium=feed&amp;utm_campaign=Feed%3A+AuDelaDesLignes+%28Au+del%C3%A0+des+lignes%29&amp;utm_content=Netvibes\" target=\"_blank\">\u00ab\u00a0Au del\u00e0 des lignes\u00a0\u00bb<\/a><\/p>\n","protected":false},"excerpt":{"rendered":"<p>Avez-vous eu vent de cette histoire ? Jean-Jacques Hilmoine est maire de Fruges et pr??sident de la Communaut?? de communes du canton de Fruges (Nord Pas de Calais). Il a initi?? en 2001, la cr??ation d???un parc ??olien sur son territoire. En par&#8230;<\/p>\n","protected":false},"author":1,"featured_media":0,"comment_status":"open","ping_status":"open","sticky":false,"template":"","format":"standard","meta":{"jetpack_post_was_ever_published":false,"_jetpack_newsletter_access":"","_jetpack_dont_email_post_to_subs":false,"_jetpack_newsletter_tier_id":0,"_jetpack_memberships_contains_paywalled_content":false,"_jetpack_memberships_contains_paid_content":false,"footnotes":"","jetpack_publicize_message":"","jetpack_publicize_feature_enabled":true,"jetpack_social_post_already_shared":false,"jetpack_social_options":{"image_generator_settings":{"template":"highway","default_image_id":0,"font":"","enabled":false},"version":2}},"categories":[25,8,9],"tags":[],"class_list":["post-232","post","type-post","status-publish","format-standard","hentry","category-enviroscop","category-eolien","category-etude-dimpact","item-wrap"],"jetpack_publicize_connections":[],"jetpack_featured_media_url":"","jetpack_shortlink":"https:\/\/wp.me\/p3rXAp-3K","jetpack_likes_enabled":true,"jetpack-related-posts":[{"id":1529,"url":"https:\/\/www.enviroscop.fr\/actu\/2013\/10\/beganne-premier-parc-eolien-citoyen-en-france\/","url_meta":{"origin":232,"position":0},"title":"B\u00e9ganne, premier parc \u00e9olien citoyen en France","author":"Enviroscop","date":"14 octobre 2013","format":false,"excerpt":"La filiale du Groupe indien Suzlon, REpower Systems SE a r\u00e9cemment annonc\u00e9 avoir remport\u00e9 un contrat pour la fourniture \u00e0 la soci\u00e9t\u00e9 fran\u00e7aise B\u00e9gawatts des turbines \u00e9oliennes \u00e0 destination du 1er parc \u00e9olien citoyen en France : B\u00e9ganne. Le parc \u00e9olien de B\u00e9ganne, situ\u00e9 dans le d\u00e9partement du Morbihan en\u2026","rel":"","context":"Dans &quot;durable&quot;","block_context":{"text":"durable","link":"https:\/\/www.enviroscop.fr\/actu\/category\/durable\/"},"img":{"alt_text":"","src":"","width":0,"height":0},"classes":[]},{"id":5197,"url":"https:\/\/www.enviroscop.fr\/actu\/2023\/03\/rwe-sengage-localement-pour-reduire-la-facture-des-riverains-de-ses-parcs-eoliens-et-solaires\/","url_meta":{"origin":232,"position":1},"title":"RWE s\u2019engage localement pour r\u00e9duire la facture des riverains de ses parcs \u00e9oliens et solaires","author":"Enviroscop","date":"27 mars 2023","format":false,"excerpt":"RWE a d\u00e9velopp\u00e9 une offre attractive allant jusqu\u2019\u00e0 50 % de la facture annuelle d\u2019\u00e9lectricit\u00e9 des foyers situ\u00e9s sur les communes d\u2019implantation d\u2019\u00e9nergies renouvelables solaire ou \u00e9olien, permettant d\u2019associer directement les riverains aux retomb\u00e9es de la production locale d\u2019\u00e9lectricit\u00e9. \u00a0 \u00a0 RWE, acteur majeur de la transition \u00e9nerg\u00e9tique, est \u00e0\u2026","rel":"","context":"Dans &quot;Consommation&quot;","block_context":{"text":"Consommation","link":"https:\/\/www.enviroscop.fr\/actu\/category\/energie\/consommation\/"},"img":{"alt_text":"RWE","src":"https:\/\/tecsol.blogs.com\/.a\/6a00d8341bfe5d53ef02b75177ec5f200b-580wi","width":350,"height":200},"classes":[]},{"id":5247,"url":"https:\/\/www.enviroscop.fr\/actu\/2023\/06\/projet-darrete-modifiant-larrete-du-26-aout-2011-relatif-aux-installations-de-production-delectricite-utilisant-lenergie-mecanique-du-vent\/","url_meta":{"origin":232,"position":2},"title":"Projet d\u2019arr\u00eat\u00e9 modifiant l\u2019arr\u00eat\u00e9 du 26 ao\u00fbt 2011 relatif aux installations de production d\u2019\u00e9lectricit\u00e9 utilisant l\u2019\u00e9nergie m\u00e9canique du vent","author":"Enviroscop","date":"5 juin 2023","format":false,"excerpt":"Projet d\u2019arr\u00eat\u00e9 modifiant l\u2019arr\u00eat\u00e9 du 26 ao\u00fbt 2011 relatif aux installations de production d\u2019\u00e9lectricit\u00e9 utilisant l\u2019\u00e9nergie m\u00e9canique du vent au sein d\u2019une installation soumise \u00e0 autorisation au titre de la rubrique 2980 de la l\u00e9gislation des installations class\u00e9es pour la protection de l\u2019environnement Consultation du 24\/05\/2023 au 13\/06\/2023 - aucune\u2026","rel":"","context":"Dans &quot;Arnaud Gossement&quot;","block_context":{"text":"Arnaud Gossement","link":"https:\/\/www.enviroscop.fr\/actu\/category\/source\/arnaud-gossement\/"},"img":{"alt_text":"","src":"https:\/\/i0.wp.com\/www.enviroscop.fr\/actu\/wp-content\/uploads\/2013\/05\/17141_une.jpg?resize=350%2C200&ssl=1","width":350,"height":200},"classes":[]},{"id":209,"url":"https:\/\/www.enviroscop.fr\/actu\/2010\/04\/le-parc-olien-franais-gagne-en-puissance\/","url_meta":{"origin":232,"position":3},"title":"Le parc \u00e9olien fran\u00e7ais gagne en puissance","author":"Enviroscop","date":"7 avril 2010","format":false,"excerpt":"La production d?????nergie ??olienne a continu?? d???augmenter en France en 2009, mesure que se sont ??toff??s les parcs et leur puissance install??e. La puissance ??olienne raccord??e au r??seau ??tait de 4.400 MW l???an pass??, soit pr??s d...","rel":"","context":"Dans &quot;Eolien&quot;","block_context":{"text":"Eolien","link":"https:\/\/www.enviroscop.fr\/actu\/category\/energie\/renouvelable\/eolien\/"},"img":{"alt_text":"Moz-screenshot","src":"https:\/\/i0.wp.com\/www.enviroscop.fr\/actu\/wp-content\/uploads\/2013\/02\/moz-screenshot.png?resize=350%2C200","width":350,"height":200},"classes":[]},{"id":1510,"url":"https:\/\/www.enviroscop.fr\/actu\/2013\/10\/demolition-deoliennes-la-compagnie-du-vent-se-defend\/","url_meta":{"origin":232,"position":4},"title":"D\u00e9molition d&rsquo;\u00e9oliennes : la Compagnie du Vent se d\u00e9fend","author":"Enviroscop","date":"7 octobre 2013","format":false,"excerpt":"La Compagnie du Vent, filiale du groupe GDF Suez, a \u00e9t\u00e9 condamn\u00e9e par le tribunal de grande instance de Montpellier \u00e0 d\u00e9molir 10 \u00e9oliennes de deux parcs dans le Pas-de-Calais, suite \u00e0 un recours d\u00e9pos\u00e9 par les propri\u00e9taires du ch\u00e2teau de Flers, \u00e0 Boubers-sur-Canche. La Compagnie du Vent \"va faire\u2026","rel":"","context":"Dans &quot;Economie&quot;","block_context":{"text":"Economie","link":"https:\/\/www.enviroscop.fr\/actu\/category\/activite\/economie\/"},"img":{"alt_text":"","src":"","width":0,"height":0},"classes":[]},{"id":3698,"url":"https:\/\/www.enviroscop.fr\/actu\/2020\/04\/cetait-il-y-a-dix-ans\/","url_meta":{"origin":232,"position":5},"title":"C&rsquo;\u00e9tait il y a dix ans !","author":"Enviroscop","date":"8 avril 2020","format":false,"excerpt":"En Avril 2009, nous refondions totalement notre site (statique) pour en faire un blog dynamique.Et le premier article paru nous parlait d'\u00e9olien. Vous pouvez, si vous \u00eates nostalgique, le relire ICI. Sinon, vous trouverez ci-apr\u00e8s sa mise \u00e0 jour. Bonne lecture ! Le parc \u00e9olien fran\u00e7ais continue de s'\u00e9tendre sur\u2026","rel":"","context":"Dans &quot;Energie&quot;","block_context":{"text":"Energie","link":"https:\/\/www.enviroscop.fr\/actu\/category\/energie\/"},"img":{"alt_text":"","src":"https:\/\/i0.wp.com\/www.enviroscop.fr\/actu\/wp-content\/uploads\/2020\/04\/image-1.png?resize=350%2C200&ssl=1","width":350,"height":200,"srcset":"https:\/\/i0.wp.com\/www.enviroscop.fr\/actu\/wp-content\/uploads\/2020\/04\/image-1.png?resize=350%2C200&ssl=1 1x, https:\/\/i0.wp.com\/www.enviroscop.fr\/actu\/wp-content\/uploads\/2020\/04\/image-1.png?resize=525%2C300&ssl=1 1.5x, https:\/\/i0.wp.com\/www.enviroscop.fr\/actu\/wp-content\/uploads\/2020\/04\/image-1.png?resize=700%2C400&ssl=1 2x, https:\/\/i0.wp.com\/www.enviroscop.fr\/actu\/wp-content\/uploads\/2020\/04\/image-1.png?resize=1050%2C600&ssl=1 3x"},"classes":[]}],"jetpack_sharing_enabled":true,"_links":{"self":[{"href":"https:\/\/www.enviroscop.fr\/actu\/wp-json\/wp\/v2\/posts\/232","targetHints":{"allow":["GET"]}}],"collection":[{"href":"https:\/\/www.enviroscop.fr\/actu\/wp-json\/wp\/v2\/posts"}],"about":[{"href":"https:\/\/www.enviroscop.fr\/actu\/wp-json\/wp\/v2\/types\/post"}],"author":[{"embeddable":true,"href":"https:\/\/www.enviroscop.fr\/actu\/wp-json\/wp\/v2\/users\/1"}],"replies":[{"embeddable":true,"href":"https:\/\/www.enviroscop.fr\/actu\/wp-json\/wp\/v2\/comments?post=232"}],"version-history":[{"count":0,"href":"https:\/\/www.enviroscop.fr\/actu\/wp-json\/wp\/v2\/posts\/232\/revisions"}],"wp:attachment":[{"href":"https:\/\/www.enviroscop.fr\/actu\/wp-json\/wp\/v2\/media?parent=232"}],"wp:term":[{"taxonomy":"category","embeddable":true,"href":"https:\/\/www.enviroscop.fr\/actu\/wp-json\/wp\/v2\/categories?post=232"},{"taxonomy":"post_tag","embeddable":true,"href":"https:\/\/www.enviroscop.fr\/actu\/wp-json\/wp\/v2\/tags?post=232"}],"curies":[{"name":"wp","href":"https:\/\/api.w.org\/{rel}","templated":true}]}}