{"id":2355,"date":"2015-06-03T12:35:50","date_gmt":"2015-06-03T11:35:50","guid":{"rendered":"http:\/\/www.enviroscop.fr\/actu\/?p=2355"},"modified":"2015-06-03T12:35:50","modified_gmt":"2015-06-03T11:35:50","slug":"parution-du-tableau-de-bord-eolien-photovoltaique-juin-2015","status":"publish","type":"post","link":"https:\/\/www.enviroscop.fr\/actu\/2015\/06\/parution-du-tableau-de-bord-eolien-photovoltaique-juin-2015\/","title":{"rendered":"Parution du Tableau de bord \u00e9olien-photovolta\u00efque, juin 2015"},"content":{"rendered":"<p>Le parc \u00e9olien fran\u00e7ais atteint une puissance install\u00e9e de 9 482 MW \u00e0 fin mars 2015. Sur l\u2019ensemble de l\u2019ann\u00e9e 2014, la puissance raccord\u00e9e a \u00e9t\u00e9 r\u00e9\u00e9valu\u00e9e \u00e0 la hausse, \u00e0 1 071 MW, soit un niveau in\u00e9gal\u00e9 depuis 2010. Par rapport \u00e0 2013, la puissance raccord\u00e9e en 2014 a ainsi augment\u00e9 de 84 %. De plus, les raccordements du premier trimestre 2015 s\u2019inscrivent en nette hausse, par rapport au premier trimestre 2014. Cette hausse devrait \u00eatre sup\u00e9rieure \u00e0 50 % une fois les chiffres r\u00e9vis\u00e9s. La production \u00e9olienne atteint 5,9 TWh sur le premier trimestre 2015, \u00e9tablissant un nouveau record. La fili\u00e8re \u00e9olienne fournit ainsi 4,0 % de la consommation \u00e9lectrique nationale.<\/p>\n<p>Le parc solaire photovolta\u00efque atteint une puissance install\u00e9e de 5 860 MW fin mars 2015. La puissance raccord\u00e9e sur l\u2019ensemble de l\u2019ann\u00e9e 2014 est \u00e0 peine sup\u00e9rieure \u00e0 la premi\u00e8re estimation, pour un total de 939 MW. Apr\u00e8s 2011 et 2012, 2014 constitue ainsi la troisi\u00e8me ann\u00e9e la plus dynamique en termes de raccordements depuis le d\u00e9but de la fili\u00e8re. Au premier trimestre 2015, la puissance raccord\u00e9e a \u00e9t\u00e9 sup\u00e9rieure \u00e0 celle du trimestre pr\u00e9c\u00e9dent et \u00e0 celle du premier trimestre 2014. Le nombre d\u2019installations raccord\u00e9es a cependant chut\u00e9 par rapport au premier trimestre 2014. Seule la puissance des plus grandes installations (d\u2019une taille sup\u00e9rieure \u00e0 250 kW) progresse. Sur le premier trimestre 2015, la production de la fili\u00e8re solaire photovolta\u00efque s\u2019est \u00e9lev\u00e9e \u00e0 1,1 TWh, soit une augmentation de 26 % par rapport au premier trimestre 2014.<\/p>\n<p>Pour lire l&rsquo;int\u00e9gralit\u00e9 de cette publication du Minist\u00e8re, <a href=\"http:\/\/www.statistiques.developpement-durable.gouv.fr\/fileadmin\/documents\/Produits_editoriaux\/Publications\/Chiffres_et_statistiques\/2015\/chiffres-stats644-eolien2015t1-jiuin2015.pdf\" target=\"_blank\">c&rsquo;est ICI.<\/a><\/p>\n","protected":false},"excerpt":{"rendered":"<p>Le parc \u00e9olien fran\u00e7ais atteint une puissance install\u00e9e de 9 482 MW \u00e0 fin mars 2015. Sur l\u2019ensemble de l\u2019ann\u00e9e 2014, la puissance raccord\u00e9e a \u00e9t\u00e9 r\u00e9\u00e9valu\u00e9e \u00e0 la hausse, \u00e0 1 071 MW, soit un niveau in\u00e9gal\u00e9 depuis 2010. Par rapport \u00e0 2013, la puissance raccord\u00e9e en 2014 a ainsi augment\u00e9 de 84 %. &hellip; <\/p>\n<p><a class=\"more-link btn\" href=\"https:\/\/www.enviroscop.fr\/actu\/2015\/06\/parution-du-tableau-de-bord-eolien-photovoltaique-juin-2015\/\">Lire la suite<\/a><\/p>\n","protected":false},"author":1,"featured_media":0,"comment_status":"open","ping_status":"open","sticky":false,"template":"","format":"standard","meta":{"jetpack_post_was_ever_published":false,"_jetpack_newsletter_access":"","_jetpack_dont_email_post_to_subs":false,"_jetpack_newsletter_tier_id":0,"_jetpack_memberships_contains_paywalled_content":false,"_jetpack_memberships_contains_paid_content":false,"footnotes":"","jetpack_publicize_message":"","jetpack_publicize_feature_enabled":true,"jetpack_social_post_already_shared":true,"jetpack_social_options":{"image_generator_settings":{"template":"highway","default_image_id":0,"font":"","enabled":false},"version":2}},"categories":[1],"tags":[],"class_list":["post-2355","post","type-post","status-publish","format-standard","hentry","category-non-classe","item-wrap"],"jetpack_publicize_connections":[],"jetpack_featured_media_url":"","jetpack_shortlink":"https:\/\/wp.me\/p3rXAp-BZ","jetpack_likes_enabled":true,"jetpack-related-posts":[{"id":2160,"url":"https:\/\/www.enviroscop.fr\/actu\/2014\/12\/tableau-de-bord-eolien-photovoltaique-2\/","url_meta":{"origin":2355,"position":0},"title":"Tableau de bord \u00e9olien-photovolta\u00efque","author":"Enviroscop","date":"1 d\u00e9cembre 2014","format":false,"excerpt":"La puissance du parc \u00e9olien fran\u00e7ais s\u2019\u00e9l\u00e8ve \u00e0 8\u00a0807\u00a0MW\u00a0fin septembre 2014. L\u2019ann\u00e9e 2014 sera meilleure que 2013 en termes de\u00a0puissance raccord\u00e9e pour l\u2019\u00e9olien. La puissance raccord\u00e9e de\u00a0janvier \u00e0 septembre 2014 atteint en effet pr\u00e8s de 600 MW\u00a0d\u2019apr\u00e8s des chiffres provisoires, contre 581 MW raccord\u00e9s\u00a0sur l\u2019ensemble de l\u2019ann\u00e9e 2013. La baisse\u2026","rel":"","context":"Dans &quot;Economie&quot;","block_context":{"text":"Economie","link":"https:\/\/www.enviroscop.fr\/actu\/category\/activite\/economie\/"},"img":{"alt_text":"","src":"","width":0,"height":0},"classes":[]},{"id":2296,"url":"https:\/\/www.enviroscop.fr\/actu\/2015\/04\/tableau-de-bord-eolien-photovoltaique-2014-marque-un-retour-a-la-hausse-ministere-du-developpement-durable\/","url_meta":{"origin":2355,"position":1},"title":"Tableau de bord \u00e9olien photovolta\u00efque : 2014 marque un retour \u00e0 la hausse &#8211; Minist\u00e8re du D\u00e9veloppement durable","author":"Enviroscop","date":"13 avril 2015","format":false,"excerpt":"2014 s\u2019inscrit respectivement pour l\u2019\u00e9olien et le photovolta\u00efque comme la quatri\u00e8me et la troisi\u00e8me meilleure ann\u00e9e en termes de puissance raccord\u00e9e. Les capacit\u00e9s des deux fili\u00e8res progressent au m\u00eame rythme, avec pr\u00e8s de 1 000 MW suppl\u00e9mentaires sur l\u2019ann\u00e9e. \u00c9olien\u00a0: hausse de 6\u00a0% de la production La fili\u00e8re \u00e9olienne, apr\u00e8s\u2026","rel":"","context":"Dans &quot;Energie&quot;","block_context":{"text":"Energie","link":"https:\/\/www.enviroscop.fr\/actu\/category\/energie\/"},"img":{"alt_text":"","src":"https:\/\/i0.wp.com\/www.developpement-durable.gouv.fr\/IMG\/png\/courbe_e-pv.png?resize=350%2C200","width":350,"height":200},"classes":[]},{"id":2604,"url":"https:\/\/www.enviroscop.fr\/actu\/2016\/05\/tableau-de-bord-eolien-premier-trimestre-2016\/","url_meta":{"origin":2355,"position":2},"title":"Tableau de bord : \u00e9olien &#8211; Premier trimestre 2016","author":"Enviroscop","date":"30 mai 2016","format":false,"excerpt":"Chiffres et statistiques n\u00b0 764 - mai 2016 La puissance du parc \u00e9olien fran\u00e7ais atteint 10 460 MW fin mars 2016. Le seuil de 10 GW a \u00e9t\u00e9 franchi courant 2015, ann\u00e9e qui, avec une puissance raccord\u00e9e de 944 MW, s\u2019inscrit en net retrait par rapport \u00e0 2014 (- 20\u2026","rel":"","context":"Dans &quot;Energie&quot;","block_context":{"text":"Energie","link":"https:\/\/www.enviroscop.fr\/actu\/category\/energie\/"},"img":{"alt_text":"","src":"https:\/\/i0.wp.com\/www.statistiques.developpement-durable.gouv.fr\/uploads\/pics\/cs764.jpg?resize=350%2C200","width":350,"height":200},"classes":[]},{"id":4533,"url":"https:\/\/www.enviroscop.fr\/actu\/2021\/12\/panorama-de-lelectricite-renouvelable-au-30-septembre-2021\/","url_meta":{"origin":2355,"position":3},"title":"Panorama de l&rsquo;\u00e9lectricit\u00e9 renouvelable au 30 septembre 2021","author":"Enviroscop","date":"10 d\u00e9cembre 2021","format":false,"excerpt":"La puissance totale du parc \u00e9lectrique EnR \u2013 \u00e9olien, solaire, hydro\u00e9lectricit\u00e9 et bio\u00e9nergies \u2013 s\u2019\u00e9l\u00e8ve, au 30 septembre 2021, \u00e0 58 759 MW, en hausse de 2 876 MW sur les trois premiers trimestres de l\u2019ann\u00e9e 2021 (3 543 MW sur les douze derniers mois), chiffre d\u00e9j\u00e0 sup\u00e9rieur au record\u2026","rel":"","context":"Dans &quot;Energie&quot;","block_context":{"text":"Energie","link":"https:\/\/www.enviroscop.fr\/actu\/category\/energie\/"},"img":{"alt_text":"RTE","src":"https:\/\/i0.wp.com\/ccibusiness.fr\/sites\/default\/files\/styles\/article_detail_620_320\/public\/2021-12\/RTE_logo.svg_.png?resize=350%2C200&ssl=1","width":350,"height":200},"classes":[]},{"id":2754,"url":"https:\/\/www.enviroscop.fr\/actu\/2017\/03\/tableau-de-bord-eolien-quatrieme-trimestre-2016\/","url_meta":{"origin":2355,"position":4},"title":"Tableau de bord : \u00e9olien &#8211; Quatri\u00e8me trimestre 2016","author":"Enviroscop","date":"6 mars 2017","format":false,"excerpt":"La puissance du parc \u00e9olien fran\u00e7ais atteint 11,7 GW fin d\u00e9cembre 2016. La puissance raccord\u00e9e au cours de l\u2019ann\u00e9e 2016, estim\u00e9e \u00e0 1 351 MW \u2013 dont 530 MW pour le seul quatri\u00e8me trimestre \u2013 est sup\u00e9rieure de 37 % \u00e0 celle raccord\u00e9e durant l\u2019ann\u00e9e 2015. Il s\u2019agit du plus\u2026","rel":"","context":"Dans &quot;Energie&quot;","block_context":{"text":"Energie","link":"https:\/\/www.enviroscop.fr\/actu\/category\/energie\/"},"img":{"alt_text":"","src":"","width":0,"height":0},"classes":[]},{"id":1110,"url":"https:\/\/www.enviroscop.fr\/actu\/2013\/06\/leolien-et-le-solaire-seffondrent-en-france-au-premier-trimestre-arnaud-gossement\/","url_meta":{"origin":2355,"position":5},"title":"L&rsquo;\u00e9olien et le solaire s&rsquo;effondrent en France au premier trimestre : Arnaud Gossement","author":"Enviroscop","date":"5 juin 2013","format":false,"excerpt":"Le Commissariat g\u00e9n\u00e9ral au d\u00e9veloppement durable vient de publier son tableau de bord pour le premier trimestre 2013. Les chiffres sont catastrophiques. Selon l'AFP, l'objectif fix\u00e9 pour 2020 serait atteint...en 2054. Le tableau de bord \u00e9olien-photovolta\u00efque du CGDD peut \u00eatre consult\u00e9 ici. La d\u00e9p\u00eache de l'AFP peut \u00eatre lue ici.\u2026","rel":"","context":"Dans &quot;Energie&quot;","block_context":{"text":"Energie","link":"https:\/\/www.enviroscop.fr\/actu\/category\/energie\/"},"img":{"alt_text":"Graphique 1","src":"https:\/\/i0.wp.com\/www.enviroscop.fr\/actu\/wp-content\/uploads\/2013\/03\/Graphique-1-300x163.png?resize=350%2C200","width":350,"height":200},"classes":[]}],"jetpack_sharing_enabled":true,"_links":{"self":[{"href":"https:\/\/www.enviroscop.fr\/actu\/wp-json\/wp\/v2\/posts\/2355","targetHints":{"allow":["GET"]}}],"collection":[{"href":"https:\/\/www.enviroscop.fr\/actu\/wp-json\/wp\/v2\/posts"}],"about":[{"href":"https:\/\/www.enviroscop.fr\/actu\/wp-json\/wp\/v2\/types\/post"}],"author":[{"embeddable":true,"href":"https:\/\/www.enviroscop.fr\/actu\/wp-json\/wp\/v2\/users\/1"}],"replies":[{"embeddable":true,"href":"https:\/\/www.enviroscop.fr\/actu\/wp-json\/wp\/v2\/comments?post=2355"}],"version-history":[{"count":0,"href":"https:\/\/www.enviroscop.fr\/actu\/wp-json\/wp\/v2\/posts\/2355\/revisions"}],"wp:attachment":[{"href":"https:\/\/www.enviroscop.fr\/actu\/wp-json\/wp\/v2\/media?parent=2355"}],"wp:term":[{"taxonomy":"category","embeddable":true,"href":"https:\/\/www.enviroscop.fr\/actu\/wp-json\/wp\/v2\/categories?post=2355"},{"taxonomy":"post_tag","embeddable":true,"href":"https:\/\/www.enviroscop.fr\/actu\/wp-json\/wp\/v2\/tags?post=2355"}],"curies":[{"name":"wp","href":"https:\/\/api.w.org\/{rel}","templated":true}]}}