{"id":236,"date":"2012-02-10T06:36:00","date_gmt":"2012-02-10T06:36:00","guid":{"rendered":"http:\/\/actu.enviroscop.com\/procedure-icpe-et-eolien-suppression-du-coder"},"modified":"2013-03-01T21:57:34","modified_gmt":"2013-03-01T20:57:34","slug":"procedure-icpe-et-eolien-suppression-du-coder","status":"publish","type":"post","link":"https:\/\/www.enviroscop.fr\/actu\/2012\/02\/procedure-icpe-et-eolien-suppression-du-coder\/","title":{"rendered":"Proc\u00e9dure ICPE et \u00e9olien : suppression du CODERST"},"content":{"rendered":"<p>Apr\u00e8s le passage des \u00e9oliennes en ICPE, on revient en arri\u00e8re et le passage devant le CODERST est remplac\u00e9 par la CDNPS&#8230;<\/p>\n<p>\u00ab <em>Art. R. 553-9. &#8211; Pour les installations relevant du pr\u00e9sent titre et pour l&rsquo;application du titre Ier du livre V, la commission d\u00e9partementale de la nature, des paysages et des sites est consult\u00e9e, dans sa formation sp\u00e9cialis\u00e9e sites et paysages, en lieu et place de la commission comp\u00e9tente en mati\u00e8re d&rsquo;environnement et de risques sanitaires et technologiques.<\/em> \u00bb<\/p>\n<p>Pour lire le d\u00e9cret dans son int\u00e9gralit\u00e9, <a href=\"http:\/\/www.legifrance.gouv.fr\/affichTexte.do?cidTexte=JORFTEXT000025344282&amp;dateTexte=&amp;categorieLien=id\" target=\"_blank\">c&rsquo;est ICI<\/a><\/p>\n","protected":false},"excerpt":{"rendered":"<p>Apr??s le passage des ??oliennes en ICPE, on revient en arri??re et le passage devant le CODERST est remplac?? par la CDNPS&#8230;  Art. R. 553-9. &#8211; Pour les installations relevant du pr??sent titre et pour l&rsquo;application du titre Ier du livre V, la c&#8230;<\/p>\n","protected":false},"author":1,"featured_media":0,"comment_status":"open","ping_status":"open","sticky":false,"template":"","format":"standard","meta":{"jetpack_post_was_ever_published":false,"_jetpack_newsletter_access":"","_jetpack_dont_email_post_to_subs":false,"_jetpack_newsletter_tier_id":0,"_jetpack_memberships_contains_paywalled_content":false,"_jetpack_memberships_contains_paid_content":false,"footnotes":"","jetpack_publicize_message":"","jetpack_publicize_feature_enabled":true,"jetpack_social_post_already_shared":false,"jetpack_social_options":{"image_generator_settings":{"template":"highway","default_image_id":0,"font":"","enabled":false},"version":2}},"categories":[8,32,35],"tags":[],"class_list":["post-236","post","type-post","status-publish","format-standard","hentry","category-eolien","category-icpe","category-juridique","item-wrap"],"jetpack_publicize_connections":[],"jetpack_featured_media_url":"","jetpack_shortlink":"https:\/\/wp.me\/p3rXAp-3O","jetpack_likes_enabled":true,"jetpack-related-posts":[{"id":334,"url":"https:\/\/www.enviroscop.fr\/actu\/2011\/11\/eolien-et-icpe-la-suite-4\/","url_meta":{"origin":236,"position":0},"title":"Eolien et ICPE, la suite (4)","author":"Enviroscop","date":"16 novembre 2011","format":false,"excerpt":"Apr??s avoir int??gr?? les parcs ??oliens comme des ICPE, les l??gislateurs tentent d'all??ger le r??gime en le simplifiant... Un projet de d??cret vise m??me supprimer le passage du dossier au CODERST... \"Article 1 Il est cr??e apr??s la secti...","rel":"","context":"Dans &quot;Eolien&quot;","block_context":{"text":"Eolien","link":"https:\/\/www.enviroscop.fr\/actu\/category\/energie\/renouvelable\/eolien\/"},"img":{"alt_text":"","src":"","width":0,"height":0},"classes":[]},{"id":116,"url":"https:\/\/www.enviroscop.fr\/actu\/2010\/11\/eoliennes-le-passage-a-la-police-des-installa\/","url_meta":{"origin":236,"position":1},"title":"Eoliennes : le passage \u00e0 la police des installations class\u00e9es (ICPE)","author":"Enviroscop","date":"29 novembre 2010","format":false,"excerpt":"Si vous ne connaissez pas d??j l'excellent blog d'Arnaud Gossement, voici le dernier article paru : C'est un peu long, mais complet A la suite d'une intense pol??mique et aux termes de l'article 90 de la loi \"Grenelle 2\" du 12 juillet 2010 porta...","rel":"","context":"Dans &quot;Eolien&quot;","block_context":{"text":"Eolien","link":"https:\/\/www.enviroscop.fr\/actu\/category\/energie\/renouvelable\/eolien\/"},"img":{"alt_text":"","src":"","width":0,"height":0},"classes":[]},{"id":1832,"url":"https:\/\/www.enviroscop.fr\/actu\/2014\/03\/decret-n-2014-284-du-3-mars-2014-modifiant-le-titre-ier-du-livre-v-du-code-de-lenvironnement-legifrance\/","url_meta":{"origin":236,"position":2},"title":"D\u00e9cret n\u00b0 2014-284 du 3 mars 2014 modifiant le titre Ier du livre V du code de l&rsquo;environnement | Legifrance","author":"Enviroscop","date":"5 mars 2014","format":false,"excerpt":"Objet : adaptation de la partie r\u00e9glementaire du code de l'environnement aux dispositions issues de la directive dite \u00ab Seveso 3 \u00bb. Entr\u00e9e en vigueur : le texte entre en vigueur le 1er juin 2015. Notice : le pr\u00e9sent d\u00e9cret d\u00e9termine les dispositions communes aux ICPE susceptibles de cr\u00e9er des\u2026","rel":"","context":"Dans &quot;ICPE&quot;","block_context":{"text":"ICPE","link":"https:\/\/www.enviroscop.fr\/actu\/category\/icpe\/"},"img":{"alt_text":"","src":"","width":0,"height":0},"classes":[]},{"id":1918,"url":"https:\/\/www.enviroscop.fr\/actu\/2014\/05\/decret-n-2014-450-du-2-mai-2014-relatif-a-lexperimentation-dune-autorisation-unique-en-matiere-dinstallations-classees-pour-la-protection-de-lenvironnement\/","url_meta":{"origin":236,"position":3},"title":"D\u00e9cret n\u00b0 2014-450 du 2 mai 2014 relatif \u00e0 l&rsquo;exp\u00e9rimentation d&rsquo;une autorisation unique en mati\u00e8re d&rsquo;installations class\u00e9es pour la protection de l&rsquo;environnement","author":"Enviroscop","date":"5 mai 2014","format":false,"excerpt":"Objet : exp\u00e9rimentation d'une autorisation unique en mati\u00e8re d'installations class\u00e9es pour la protection de l'environnement (ICPE) dans les r\u00e9gions Basse-Normandie, Bretagne, Champagne-Ardenne, Franche-Comt\u00e9, Midi-Pyr\u00e9n\u00e9es, Nord - Pas-de-Calais et Picardie. Entr\u00e9e en vigueur : le texte entre en vigueur le lendemain de sa publication, \u00e0 l'exception de la r\u00e9gion Bretagne, o\u00f9\u2026","rel":"","context":"Dans &quot;Eolien&quot;","block_context":{"text":"Eolien","link":"https:\/\/www.enviroscop.fr\/actu\/category\/energie\/renouvelable\/eolien\/"},"img":{"alt_text":"","src":"","width":0,"height":0},"classes":[]},{"id":506,"url":"https:\/\/www.enviroscop.fr\/actu\/2013\/03\/eolien-nouvelle-annulation-dun-permis-de-construire-pour-irregularite-de-lavis-du-commissaire-enqueteur\/","url_meta":{"origin":236,"position":4},"title":"Eolien : nouvelle annulation d\u2019un permis de construire pour irr\u00e9gularit\u00e9 de l\u2019avis du commissaire-enqu\u00eateur","author":"Enviroscop","date":"18 mars 2013","format":false,"excerpt":"Par arr\u00eat du 8 mars 2013 (n\u00b012NC01489 ), la Cour administrative d\u2019appel de Nancy vient d\u2019annuler le permis de construire un parc \u00e9olien au motif que ce dernier\u00a0proc\u00e9derait\u00a0d\u2019une enqu\u00eate publique irr\u00e9guli\u00e8re, le rapport du Commissaire-enqu\u00eateur \u00e9tant insuffisant. Cet arr\u00eat doit retenir l\u2019attention des professionnels de l\u2019\u00e9olien. La pratique du contentieux\u2026","rel":"","context":"Dans &quot;Enqu\u00eate publique&quot;","block_context":{"text":"Enqu\u00eate publique","link":"https:\/\/www.enviroscop.fr\/actu\/category\/evaluation\/enquete-publique\/"},"img":{"alt_text":"","src":"","width":0,"height":0},"classes":[]},{"id":3170,"url":"https:\/\/www.enviroscop.fr\/actu\/2018\/10\/carrieres-decret-arretes-du-22-10-2018\/","url_meta":{"origin":236,"position":5},"title":"Carri\u00e8res : d\u00e9cret et arr\u00eat\u00e9s du 22\/10\/2018","author":"Enviroscop","date":"24 octobre 2018","format":false,"excerpt":"D\u00e9cret n\u00b0 2018-900 du\u00a022 octobre 2018\u00a0modifiant la nomenclature des installations class\u00e9es pour la protection de l'environnement Publics concern\u00e9s : exploitants d'installations class\u00e9es pour la protection de l'environnement (ICPE). Objet : simplification et clarification de la nomenclature. Entr\u00e9e en vigueur : le texte entre en vigueur le lendemain de sa publication\u2026","rel":"","context":"Dans &quot;Arr\u00eat\u00e9&quot;","block_context":{"text":"Arr\u00eat\u00e9","link":"https:\/\/www.enviroscop.fr\/actu\/category\/juridique\/arrete\/"},"img":{"alt_text":"","src":"","width":0,"height":0},"classes":[]}],"jetpack_sharing_enabled":true,"_links":{"self":[{"href":"https:\/\/www.enviroscop.fr\/actu\/wp-json\/wp\/v2\/posts\/236","targetHints":{"allow":["GET"]}}],"collection":[{"href":"https:\/\/www.enviroscop.fr\/actu\/wp-json\/wp\/v2\/posts"}],"about":[{"href":"https:\/\/www.enviroscop.fr\/actu\/wp-json\/wp\/v2\/types\/post"}],"author":[{"embeddable":true,"href":"https:\/\/www.enviroscop.fr\/actu\/wp-json\/wp\/v2\/users\/1"}],"replies":[{"embeddable":true,"href":"https:\/\/www.enviroscop.fr\/actu\/wp-json\/wp\/v2\/comments?post=236"}],"version-history":[{"count":0,"href":"https:\/\/www.enviroscop.fr\/actu\/wp-json\/wp\/v2\/posts\/236\/revisions"}],"wp:attachment":[{"href":"https:\/\/www.enviroscop.fr\/actu\/wp-json\/wp\/v2\/media?parent=236"}],"wp:term":[{"taxonomy":"category","embeddable":true,"href":"https:\/\/www.enviroscop.fr\/actu\/wp-json\/wp\/v2\/categories?post=236"},{"taxonomy":"post_tag","embeddable":true,"href":"https:\/\/www.enviroscop.fr\/actu\/wp-json\/wp\/v2\/tags?post=236"}],"curies":[{"name":"wp","href":"https:\/\/api.w.org\/{rel}","templated":true}]}}