{"id":2360,"date":"2015-06-11T13:38:25","date_gmt":"2015-06-11T12:38:25","guid":{"rendered":"http:\/\/www.enviroscop.fr\/actu\/?p=2360"},"modified":"2015-06-11T13:38:25","modified_gmt":"2015-06-11T12:38:25","slug":"methode-destimation-de-la-gravite-des-consequences-environnementales-dun-accident-industriel","status":"publish","type":"post","link":"https:\/\/www.enviroscop.fr\/actu\/2015\/06\/methode-destimation-de-la-gravite-des-consequences-environnementales-dun-accident-industriel\/","title":{"rendered":"M\u00e9thode d&rsquo;estimation de la gravit\u00e9 des cons\u00e9quences environnementales d&rsquo;un accident industriel"},"content":{"rendered":"<p>En l\u2019absence de cadre m\u00e9thodologique r\u00e9glementaire, l\u2019INERIS a d\u00e9velopp\u00e9 une m\u00e9thode d\u2019estimation a priori de la gravit\u00e9 des cons\u00e9quences environnementales d\u2019un accident industriel majeur. Cet outil op\u00e9rationnel, mis \u00e0 la disposition des exploitants industriels, doit permettre d\u2019int\u00e9grer l\u2019atteinte \u00e0 l\u2019environnement dans les d\u00e9marches de pr\u00e9vention et de ma\u00eetrise des risques.<\/p>\n<p>&nbsp;<\/p>\n<p><a href=\"http:\/\/www.ineris.fr\/propos-de-lineris\/qui-sommes-nous\/actualit%C3%A9s\/m%C3%A9thode-destimation-de-la-gravit%C3%A9-des-cons%C3%A9quences-envi\" target=\"_blank\">Lien vers le site de l&rsquo;INERIS<\/a><\/p>\n<p><a href=\"http:\/\/www.ineris.fr\/centredoc\/dra-14-141532-12925a-1433853933.pdf\" target=\"_blank\">Lien direct vers le PDF<\/a><\/p>\n","protected":false},"excerpt":{"rendered":"<p>En l\u2019absence de cadre m\u00e9thodologique r\u00e9glementaire, l\u2019INERIS a d\u00e9velopp\u00e9 une m\u00e9thode d\u2019estimation a priori de la gravit\u00e9 des cons\u00e9quences environnementales d\u2019un accident industriel majeur. Cet outil op\u00e9rationnel, mis \u00e0 la disposition des exploitants industriels, doit permettre d\u2019int\u00e9grer l\u2019atteinte \u00e0 l\u2019environnement dans les d\u00e9marches de pr\u00e9vention et de ma\u00eetrise des risques. &nbsp; Lien vers le site &hellip; <\/p>\n<p><a class=\"more-link btn\" href=\"https:\/\/www.enviroscop.fr\/actu\/2015\/06\/methode-destimation-de-la-gravite-des-consequences-environnementales-dun-accident-industriel\/\">Lire la suite<\/a><\/p>\n","protected":false},"author":1,"featured_media":0,"comment_status":"open","ping_status":"open","sticky":false,"template":"","format":"standard","meta":{"jetpack_post_was_ever_published":false,"_jetpack_newsletter_access":"","_jetpack_dont_email_post_to_subs":false,"_jetpack_newsletter_tier_id":0,"_jetpack_memberships_contains_paywalled_content":false,"_jetpack_memberships_contains_paid_content":false,"footnotes":"","jetpack_publicize_message":"","jetpack_publicize_feature_enabled":true,"jetpack_social_post_already_shared":true,"jetpack_social_options":{"image_generator_settings":{"template":"highway","default_image_id":0,"font":"","enabled":false},"version":2}},"categories":[1],"tags":[],"class_list":["post-2360","post","type-post","status-publish","format-standard","hentry","category-non-classe","item-wrap"],"jetpack_publicize_connections":[],"jetpack_featured_media_url":"","jetpack_shortlink":"https:\/\/wp.me\/p3rXAp-C4","jetpack_likes_enabled":true,"jetpack-related-posts":[{"id":1817,"url":"https:\/\/www.enviroscop.fr\/actu\/2014\/02\/le-doublement-du-parc-eolien-naurait-quun-faible-impact-sur-le-climat-europeen\/","url_meta":{"origin":2360,"position":0},"title":"Le doublement du parc \u00e9olien n&rsquo;aurait qu&rsquo;un faible impact sur le climat europ\u00e9en","author":"Enviroscop","date":"13 f\u00e9vrier 2014","format":false,"excerpt":"L'implantation de champs d'\u00e9oliennes en Europe ne semble pas induire de modification significative du climat, et ne devrait pas en entra\u00eener d'ici \u00e0 2020. Telles sont les conclusions d'une \u00e9tude men\u00e9e par le CNRS, le CEA, l'UVSQ, l'Ineris et l'ENEA, publi\u00e9e dans la revue\u00a0Nature communication\u00a0du 11 f\u00e9vrier. Malgr\u00e9 un\u00a0ralentissement\u00a0de la\u2026","rel":"","context":"Dans &quot;Climat&quot;","block_context":{"text":"Climat","link":"https:\/\/www.enviroscop.fr\/actu\/category\/climat\/"},"img":{"alt_text":"","src":"","width":0,"height":0},"classes":[]},{"id":143,"url":"https:\/\/www.enviroscop.fr\/actu\/2012\/04\/reutilisation-des-terres-excavees-le-guide-du\/","url_meta":{"origin":2360,"position":1},"title":"R\u00e9utilisation des terres excav\u00e9es : le guide du BRGM est paru","author":"Enviroscop","date":"30 avril 2012","format":false,"excerpt":"Les terres excav??es, ont, quelle que soit leur origine, consid??r??es comme des d??chets... Consid??rant cet ??tat de fait, le BRGM et l'Ineris ??ditent un guide de gestion qui \"expose les r??gles de l'art et les modalit??s sous lesquelles certaines terre...","rel":"","context":"Dans &quot;D\u00e9chets&quot;","block_context":{"text":"D\u00e9chets","link":"https:\/\/www.enviroscop.fr\/actu\/category\/activite\/dechets\/"},"img":{"alt_text":"","src":"","width":0,"height":0},"classes":[]},{"id":1371,"url":"https:\/\/www.enviroscop.fr\/actu\/2013\/11\/7e-colloque-national-afie-ingenierie-ecologique-et-amenagement-du-territoire-association-francaise-des-ingenieurs-ecologues\/","url_meta":{"origin":2360,"position":2},"title":"7e COLLOQUE NATIONAL AFIE INGENIERIE ECOLOGIQUE ET AMENAGEMENT DU TERRITOIRE &#8211; Association Fran\u00e7aise des Ing\u00e9nieurs Ecologues","author":"Enviroscop","date":"29 novembre 2013","format":false,"excerpt":"Colloque organis\u00e9 par l\u2019Association Fran\u00e7aise des Ing\u00e9nieurs Ecologues le vendredi 13 d\u00e9cembre 2013 \u00e0 Lille. Trois cycles de formation et de d\u00e9bats propos\u00e9s\u00a0: Pourquoi et comment int\u00e9grer la biodiversit\u00e9 dans la strat\u00e9gie des entreprises et des territoires\u00a0? Ing\u00e9nierie et am\u00e9nagement \u00e9cologiques \u00e0 l\u2019\u00e9chelle des parcs d\u2019activit\u00e9s Les derni\u00e8res \u00e9volutions juridiques\u2026","rel":"","context":"Dans &quot;Am\u00e9nagement&quot;","block_context":{"text":"Am\u00e9nagement","link":"https:\/\/www.enviroscop.fr\/actu\/category\/amenagement\/"},"img":{"alt_text":"","src":"","width":0,"height":0},"classes":[]},{"id":1278,"url":"https:\/\/www.enviroscop.fr\/actu\/2013\/07\/etats-generaux-de-la-modernisation-du-droit-de-lenvironnement-bilan-detape-ministere-du-developpement-durable\/","url_meta":{"origin":2360,"position":3},"title":"Etats g\u00e9n\u00e9raux de la modernisation du droit de l\u2019environnement : bilan d&rsquo;\u00e9tape &#8211; Minist\u00e8re du D\u00e9veloppement durable","author":"Enviroscop","date":"18 juillet 2013","format":false,"excerpt":"Philippe Martin a pr\u00e9sent\u00e9 une communication relative au bilan d\u2019\u00e9tape des Etats g\u00e9n\u00e9raux de la modernisation du droit de l\u2019environnement au Conseil des ministres du 17 juillet 2013. La tenue de tels \u00e9tats g\u00e9n\u00e9raux constituait un engagement de la feuille de route pour la transition \u00e9cologique issue de la conf\u00e9rence\u2026","rel":"","context":"Dans &quot;durable&quot;","block_context":{"text":"durable","link":"https:\/\/www.enviroscop.fr\/actu\/category\/durable\/"},"img":{"alt_text":"17141_une","src":"https:\/\/i0.wp.com\/www.enviroscop.fr\/actu\/wp-content\/uploads\/2013\/05\/17141_une-300x152.jpg?resize=350%2C200","width":350,"height":200},"classes":[]},{"id":2910,"url":"https:\/\/www.enviroscop.fr\/actu\/2017\/10\/caracterisation-des-sols-pollues\/","url_meta":{"origin":2360,"position":4},"title":"Caract\u00e9risation des sols pollu\u00e9s","author":"Enviroscop","date":"31 octobre 2017","format":false,"excerpt":"L'INERIS a produit, pour le compte du Minist\u00e8re un rapport sur la caract\u00e9risation des sols pollu\u00e9s. Ce rapport fait \u00e9tat des diff\u00e9rents contextes d\u2019utilisation et de caract\u00e9risation de\u00a0l\u2019environnement local t\u00e9moin (sites et sols pollu\u00e9s, installation class\u00e9e, situation\u00a0post-accidentelle et anciens sites miniers) notamment \u00e0 travers diff\u00e9rents cas\u00a0d\u2019\u00e9tude. Avant de caract\u00e9riser un\u2026","rel":"","context":"Dans &quot;Evaluation&quot;","block_context":{"text":"Evaluation","link":"https:\/\/www.enviroscop.fr\/actu\/category\/evaluation\/"},"img":{"alt_text":"","src":"","width":0,"height":0},"classes":[]},{"id":4586,"url":"https:\/\/www.enviroscop.fr\/actu\/2022\/01\/oree-vous-presente-son-livret-nouveaux-modeles-economiques\/","url_meta":{"origin":2360,"position":5},"title":"OR\u00c9E vous pr\u00e9sente son livret \u00ab\u00a0Nouveaux Mod\u00e8les \u00c9conomiques\u00a0\u00bb","author":"Enviroscop","date":"13 janvier 2022","format":false,"excerpt":"R\u00e9alis\u00e9 avec le soutien de Valdelia et de DS Avocats, ce livret est le troisi\u00e8me volet de la nouvelle collection \"\u00c9conomie circulaire et cr\u00e9ation de valeur\" d'OR\u00c9E qui pr\u00e9sentera au total 8 valeurs. Ce livret \"Nouveaux Mod\u00e8les \u00c9conomiques\" analyse les leviers de l'\u00e9conomie circulaire permettant d'acc\u00e9l\u00e9rer la transition vers des\u2026","rel":"","context":"Dans &quot;Coop\u00e9rative&quot;","block_context":{"text":"Coop\u00e9rative","link":"https:\/\/www.enviroscop.fr\/actu\/category\/activite\/economie\/cooperative\/"},"img":{"alt_text":"","src":"https:\/\/i0.wp.com\/www.oree.org\/source\/imgs\/_853.png?resize=350%2C200","width":350,"height":200},"classes":[]}],"jetpack_sharing_enabled":true,"_links":{"self":[{"href":"https:\/\/www.enviroscop.fr\/actu\/wp-json\/wp\/v2\/posts\/2360","targetHints":{"allow":["GET"]}}],"collection":[{"href":"https:\/\/www.enviroscop.fr\/actu\/wp-json\/wp\/v2\/posts"}],"about":[{"href":"https:\/\/www.enviroscop.fr\/actu\/wp-json\/wp\/v2\/types\/post"}],"author":[{"embeddable":true,"href":"https:\/\/www.enviroscop.fr\/actu\/wp-json\/wp\/v2\/users\/1"}],"replies":[{"embeddable":true,"href":"https:\/\/www.enviroscop.fr\/actu\/wp-json\/wp\/v2\/comments?post=2360"}],"version-history":[{"count":0,"href":"https:\/\/www.enviroscop.fr\/actu\/wp-json\/wp\/v2\/posts\/2360\/revisions"}],"wp:attachment":[{"href":"https:\/\/www.enviroscop.fr\/actu\/wp-json\/wp\/v2\/media?parent=2360"}],"wp:term":[{"taxonomy":"category","embeddable":true,"href":"https:\/\/www.enviroscop.fr\/actu\/wp-json\/wp\/v2\/categories?post=2360"},{"taxonomy":"post_tag","embeddable":true,"href":"https:\/\/www.enviroscop.fr\/actu\/wp-json\/wp\/v2\/tags?post=2360"}],"curies":[{"name":"wp","href":"https:\/\/api.w.org\/{rel}","templated":true}]}}