{"id":2365,"date":"2015-06-18T06:23:29","date_gmt":"2015-06-18T05:23:29","guid":{"rendered":"http:\/\/www.enviroscop.fr\/actu\/?p=2365"},"modified":"2015-06-18T06:23:29","modified_gmt":"2015-06-18T05:23:29","slug":"qualite-de-lair-en-haute-normandie-bilan-2014","status":"publish","type":"post","link":"https:\/\/www.enviroscop.fr\/actu\/2015\/06\/qualite-de-lair-en-haute-normandie-bilan-2014\/","title":{"rendered":"Qualit\u00e9 de l&rsquo;air en Haute-Normandie, bilan 2014"},"content":{"rendered":"<p><span class=\"tit\">AIR NORMAND, BILAN 2014 HAUTE-NORMANDIE<\/span><\/p>\n<p><img data-recalc-dims=\"1\" loading=\"lazy\" decoding=\"async\" class=\" alignleft\" title=\"couv-bilan-2014\" src=\"https:\/\/i0.wp.com\/www.airnormand.fr\/var\/fre\/storage\/images\/media\/images\/images-de-publication-air-normand\/2015\/couv-bilan-2014\/39492-2-fre-FR\/couv-bilan-2014_bloc_publication.jpg?resize=125%2C88\" alt=\"couv-bilan-2014\" width=\"125\" height=\"88\" \/><\/p>\n<p>Tous les r\u00e9sultats de mesures r\u00e9glementaires et autres de l&rsquo;ann\u00e9e 2014 en Haute-Normandie.<br \/>\nSO<sub>2<\/sub>\u00a0, NO<sub>2<\/sub>, O<sub>3,\u00a0<\/sub>Particules<sub>\u00a0<\/sub>PM10 et PM2.5, CO,\u00a0benz\u00e8ne, m\u00e9taux, BAP et mesures dans les retomb\u00e9es atmosph\u00e9riques.<\/p>\n<p>&nbsp;<\/p>\n<p>Pour t\u00e9l\u00e9charger le guide, <a href=\"http:\/\/www.airnormand.fr\/dyn\/cgi\/download_file.php?action=DOWNLOAD_FILE_PUBLICATION&amp;object_id=4439&amp;name=Bilan-HN-2014&amp;file=var\/fre\/storage\/original\/application\/6f7fd7b88339ea56bf3175a5f88bc10c.pdf\" target=\"_blank\">c&rsquo;est ICI<\/a><\/p>\n","protected":false},"excerpt":{"rendered":"<p>AIR NORMAND, BILAN 2014 HAUTE-NORMANDIE Tous les r\u00e9sultats de mesures r\u00e9glementaires et autres de l&rsquo;ann\u00e9e 2014 en Haute-Normandie. SO2\u00a0, NO2, O3,\u00a0Particules\u00a0PM10 et PM2.5, CO,\u00a0benz\u00e8ne, m\u00e9taux, BAP et mesures dans les retomb\u00e9es atmosph\u00e9riques. &nbsp; Pour t\u00e9l\u00e9charger le guide, c&rsquo;est ICI<\/p>\n","protected":false},"author":1,"featured_media":0,"comment_status":"open","ping_status":"open","sticky":false,"template":"","format":"standard","meta":{"jetpack_post_was_ever_published":false,"_jetpack_newsletter_access":"","_jetpack_dont_email_post_to_subs":false,"_jetpack_newsletter_tier_id":0,"_jetpack_memberships_contains_paywalled_content":false,"_jetpack_memberships_contains_paid_content":false,"footnotes":"","jetpack_publicize_message":"","jetpack_publicize_feature_enabled":true,"jetpack_social_post_already_shared":true,"jetpack_social_options":{"image_generator_settings":{"template":"highway","default_image_id":0,"font":"","enabled":false},"version":2}},"categories":[4,15,31,33],"tags":[],"class_list":["post-2365","post","type-post","status-publish","format-standard","hentry","category-air","category-climat","category-haute-normandie","category-indicateur","item-wrap"],"jetpack_publicize_connections":[],"jetpack_featured_media_url":"","jetpack_shortlink":"https:\/\/wp.me\/p3rXAp-C9","jetpack_likes_enabled":true,"jetpack-related-posts":[{"id":2622,"url":"https:\/\/www.enviroscop.fr\/actu\/2016\/06\/bilan-de-la-qualite-de-lair-2015-haute-normandie\/","url_meta":{"origin":2365,"position":0},"title":"Bilan de la qualit\u00e9 de l&rsquo;air 2015 en Normandie(s)","author":"Enviroscop","date":"21 juin 2016","format":false,"excerpt":"Tous les r\u00e9sultats de mesures r\u00e9glementaires et autres de l'ann\u00e9e 2015 en Haute et Basse-Normandie. Haute-Normandie Type de fichier : pdf Taille : 4,26 MB Pour le t\u00e9l\u00e9charger, c'est ICI Basse-Normandie Type de fichier : pdf Taille : 3,77 MB Pour le t\u00e9l\u00e9charger, c'est ICI","rel":"","context":"Dans &quot;Air&quot;","block_context":{"text":"Air","link":"https:\/\/www.enviroscop.fr\/actu\/category\/compartiments\/air\/"},"img":{"alt_text":"BILAN2015-COUV","src":"https:\/\/i0.wp.com\/www.airnormand.fr\/var\/fre\/storage\/images\/media\/images\/images-de-publication-air-normand\/2016\/bilan2015-couv\/40960-1-fre-FR\/BILAN2015-COUV_small.png?resize=350%2C200","width":350,"height":200},"classes":[]},{"id":98,"url":"https:\/\/www.enviroscop.fr\/actu\/2011\/06\/bilan-regional-climat-air-energies-edition-20\/","url_meta":{"origin":2365,"position":1},"title":"Bilan r??gional climat air ??nergies &#8211; Edition 2011 &#8211; Donn??es 2008","author":"Enviroscop","date":"29 juin 2011","format":false,"excerpt":"L'Observatoire Climat-Energies Haute-Normandie lanc?? en 2011, co-pilot?? par le Pr??fet de R??gion et par le Pr??sident du Conseil R??gional, vient de publier le bilan r??gional climat air ??nergies (donn??es de 2008). T??l??charger le document","rel":"","context":"Dans &quot;Climat&quot;","block_context":{"text":"Climat","link":"https:\/\/www.enviroscop.fr\/actu\/category\/climat\/"},"img":{"alt_text":"","src":"","width":0,"height":0},"classes":[]},{"id":1441,"url":"https:\/\/www.enviroscop.fr\/actu\/2013\/09\/la-haute-normandie-atout-logistique-dans-lespace-paris-seine-normandie\/","url_meta":{"origin":2365,"position":2},"title":"La Haute-Normandie, atout logistique dans l&rsquo;espace Paris Seine Normandie","author":"Enviroscop","date":"18 septembre 2013","format":false,"excerpt":"Dans l'ensemble Paris Seine Normandie\u00ae, la r\u00e9gion Haute-Normandie b\u00e9n\u00e9ficie d'atouts ind\u00e9niables qui favorisent le d\u00e9veloppement des \u00e9changes commerciaux. \u00c0 proximit\u00e9 des centres de fret de premi\u00e8re importance tels que Roissy et Orly, elle dispose \u00e9galement de deux grands ports maritimes, Le Havre et Rouen, d'un grand port fluvial Ports de\u2026","rel":"","context":"Dans &quot;D\u00e9placements&quot;","block_context":{"text":"D\u00e9placements","link":"https:\/\/www.enviroscop.fr\/actu\/category\/activite\/transport\/deplacements\/"},"img":{"alt_text":"","src":"https:\/\/i0.wp.com\/www.enviroscop.fr\/actu\/wp-content\/uploads\/2013\/09\/ca_1396.png?resize=350%2C200","width":350,"height":200},"classes":[]},{"id":2430,"url":"https:\/\/www.enviroscop.fr\/actu\/2015\/07\/natura-2000-soutien-a-letablissementrevision-des-plans-de-gestion-aux-actions-de-sensibilisation-environnementale\/","url_meta":{"origin":2365,"position":3},"title":"Natura 2000 &#8211; Soutien \u00e0 l&rsquo;\u00e9tablissement\/r\u00e9vision des plans de gestion et aux actions de sensibilisation environnementale","author":"Enviroscop","date":"25 juillet 2015","format":false,"excerpt":"Ces dispositifs, mis en \u0153uvre par la R\u00e9gion dans le cadre des sous-mesures 7.1 et 7.6.1 du Programme de D\u00e9veloppement Rural R\u00e9gional (PDRR) 2014-2020,\u00a0permettent de soutenir l\u2019\u00e9laboration ou la r\u00e9vision des documents d\u2019objectifs des sites Natura 2000 (information, concertation, expertises scientifiques et techniques etc.) ainsi que les actions de sensibilisation\u2026","rel":"","context":"Dans &quot;ex Haute-Normandie&quot;","block_context":{"text":"ex Haute-Normandie","link":"https:\/\/www.enviroscop.fr\/actu\/category\/europe\/france\/regions\/normandie\/haute-normandie\/"},"img":{"alt_text":"","src":"","width":0,"height":0},"classes":[]},{"id":291,"url":"https:\/\/www.enviroscop.fr\/actu\/2012\/06\/atlas-des-paysages-de-haute-normandie\/","url_meta":{"origin":2365,"position":4},"title":"Atlas des paysages de Haute-Normandie","author":"Enviroscop","date":"8 juin 2012","format":false,"excerpt":"Apr??s trois ann??es de gestation, l???atlas des paysages de la Haute-Normandie a ??t?? publi?? par le Conseil R??gional et la DREAL en partenariat avec les d??partements de l???Eure et de la Seine-Maritime. Pour y acc??der, c'est ICI.","rel":"","context":"Dans &quot;ex Haute-Normandie&quot;","block_context":{"text":"ex Haute-Normandie","link":"https:\/\/www.enviroscop.fr\/actu\/category\/europe\/france\/regions\/normandie\/haute-normandie\/"},"img":{"alt_text":"","src":"","width":0,"height":0},"classes":[]},{"id":1843,"url":"https:\/\/www.enviroscop.fr\/actu\/2014\/03\/plan-de-protection-de-latmosphere-haute-normandie\/","url_meta":{"origin":2365,"position":5},"title":"Plan de protection de l\u2019atmosph\u00e8re Haute-Normandie","author":"Enviroscop","date":"13 mars 2014","format":false,"excerpt":"Le Plan de Protection de l\u2019Atmosph\u00e8re (format pdf - 16 Mo - 03\/12\/2013) de la r\u00e9gion Haute-Normandie a \u00e9t\u00e9 approuv\u00e9 par arr\u00eat\u00e9 conjoint (format pdf - 234.3 ko - 19\/02\/2014) des deux pr\u00e9fets de d\u00e9partement le 30 janvier 2014. Il a pour objectif de maintenir ou ramener les concentrations de\u2026","rel":"","context":"Dans &quot;Air&quot;","block_context":{"text":"Air","link":"https:\/\/www.enviroscop.fr\/actu\/category\/compartiments\/air\/"},"img":{"alt_text":"","src":"","width":0,"height":0},"classes":[]}],"jetpack_sharing_enabled":true,"_links":{"self":[{"href":"https:\/\/www.enviroscop.fr\/actu\/wp-json\/wp\/v2\/posts\/2365","targetHints":{"allow":["GET"]}}],"collection":[{"href":"https:\/\/www.enviroscop.fr\/actu\/wp-json\/wp\/v2\/posts"}],"about":[{"href":"https:\/\/www.enviroscop.fr\/actu\/wp-json\/wp\/v2\/types\/post"}],"author":[{"embeddable":true,"href":"https:\/\/www.enviroscop.fr\/actu\/wp-json\/wp\/v2\/users\/1"}],"replies":[{"embeddable":true,"href":"https:\/\/www.enviroscop.fr\/actu\/wp-json\/wp\/v2\/comments?post=2365"}],"version-history":[{"count":0,"href":"https:\/\/www.enviroscop.fr\/actu\/wp-json\/wp\/v2\/posts\/2365\/revisions"}],"wp:attachment":[{"href":"https:\/\/www.enviroscop.fr\/actu\/wp-json\/wp\/v2\/media?parent=2365"}],"wp:term":[{"taxonomy":"category","embeddable":true,"href":"https:\/\/www.enviroscop.fr\/actu\/wp-json\/wp\/v2\/categories?post=2365"},{"taxonomy":"post_tag","embeddable":true,"href":"https:\/\/www.enviroscop.fr\/actu\/wp-json\/wp\/v2\/tags?post=2365"}],"curies":[{"name":"wp","href":"https:\/\/api.w.org\/{rel}","templated":true}]}}