{"id":2370,"date":"2015-06-23T07:59:15","date_gmt":"2015-06-23T06:59:15","guid":{"rendered":"http:\/\/www.enviroscop.fr\/actu\/?p=2370"},"modified":"2015-06-23T07:59:15","modified_gmt":"2015-06-23T06:59:15","slug":"cop21-livret-pour-les-collectivites-locales","status":"publish","type":"post","link":"https:\/\/www.enviroscop.fr\/actu\/2015\/06\/cop21-livret-pour-les-collectivites-locales\/","title":{"rendered":"COP21 : un livret pour les collectivit\u00e9s locales"},"content":{"rendered":"<p><a href=\"https:\/\/i0.wp.com\/www.enviroscop.fr\/actu\/wp-content\/uploads\/2015\/06\/CDCcop21.jpg?ssl=1\"><img data-recalc-dims=\"1\" loading=\"lazy\" decoding=\"async\" data-attachment-id=\"2372\" data-permalink=\"https:\/\/www.enviroscop.fr\/actu\/2015\/06\/cop21-livret-pour-les-collectivites-locales\/cdccop21\/\" data-orig-file=\"https:\/\/i0.wp.com\/www.enviroscop.fr\/actu\/wp-content\/uploads\/2015\/06\/CDCcop21.jpg?fit=414%2C591&amp;ssl=1\" data-orig-size=\"414,591\" data-comments-opened=\"1\" data-image-meta=\"{&quot;aperture&quot;:&quot;0&quot;,&quot;credit&quot;:&quot;&quot;,&quot;camera&quot;:&quot;&quot;,&quot;caption&quot;:&quot;&quot;,&quot;created_timestamp&quot;:&quot;0&quot;,&quot;copyright&quot;:&quot;&quot;,&quot;focal_length&quot;:&quot;0&quot;,&quot;iso&quot;:&quot;0&quot;,&quot;shutter_speed&quot;:&quot;0&quot;,&quot;title&quot;:&quot;&quot;,&quot;orientation&quot;:&quot;0&quot;}\" data-image-title=\"CDCcop21\" data-image-description=\"\" data-image-caption=\"\" data-large-file=\"https:\/\/i0.wp.com\/www.enviroscop.fr\/actu\/wp-content\/uploads\/2015\/06\/CDCcop21.jpg?fit=414%2C591&amp;ssl=1\" class=\"  wp-image-2372 alignleft\" src=\"https:\/\/i0.wp.com\/www.enviroscop.fr\/actu\/wp-content\/uploads\/2015\/06\/CDCcop21.jpg?resize=169%2C240&#038;ssl=1\" alt=\"CDCcop21\" width=\"169\" height=\"240\" srcset=\"https:\/\/i0.wp.com\/www.enviroscop.fr\/actu\/wp-content\/uploads\/2015\/06\/CDCcop21.jpg?w=414&amp;ssl=1 414w, https:\/\/i0.wp.com\/www.enviroscop.fr\/actu\/wp-content\/uploads\/2015\/06\/CDCcop21.jpg?resize=210%2C300&amp;ssl=1 210w\" sizes=\"auto, (max-width: 169px) 100vw, 169px\" \/><\/a>Alors que la communaut\u00e9 internationale s\u2019efforce de construire le futur r\u00e9gime global de lutte contre le changement climatique, les acteurs territoriaux agissent d\u00e9j\u00e0 depuis plusieurs ann\u00e9es pour att\u00e9nuer leurs \u00e9missions de gaz \u00e0 effet de serre et s\u2019adapter aux \u00e9volutions du climat.<\/p>\n<p>Ce livret a pour objectif de pr\u00e9senter le contexte, les outils et les actions des collectivit\u00e9s locales fran\u00e7aises en la mati\u00e8re. Il cherche \u00e0 donner un acc\u00e8s libre, direct et p\u00e9dagogique aux connaissances les plus \u00e0 jour sur le changement climatique pour inciter et faciliter la poursuite de ces dynamiques.<\/p>\n<p>Il a \u00e9t\u00e9 co-\u00e9crit par CDC-Climat Recherche, l\u2019ONERC et M\u00e9t\u00e9o-France en partenariat avec l\u2019ADEME et l\u2019AFD qui ont \u00e9t\u00e9 associ\u00e9es \u00e0 l\u2019\u00e9laboration de son contenu. L\u2019expertise de la DGEC, de la Caisse des D\u00e9p\u00f4ts et de laboratoires de recherche comme le CIRED et le CSTB a \u00e9galement \u00e9t\u00e9 mobilis\u00e9e.<\/p>\n<p>&nbsp;<\/p>\n<p>Ce livret s\u2019adresse aux collectivit\u00e9s locales et aux acteurs publics et priv\u00e9s travaillant \u00e0 leurs c\u00f4t\u00e9s et aborde trois volets th\u00e9matiques \u00a0:<\/p>\n<ul>\n<li>Les impacts du changement climatique<\/li>\n<li>Les politiques climatiques aux niveaux mondial, europ\u00e9en et fran\u00e7ais<\/li>\n<li>Les outils \u00e9conomiques et techniques \u00e0 disposition des collectivit\u00e9s<\/li>\n<\/ul>\n<p>Pour le t\u00e9l\u00e9charger, <a href=\"http:\/\/www.cdcclimat.com\/IMG\/\/pdf\/cdc_climat_-_indispensables_gh-bd_21-06.pdf\" target=\"_blank\">c&rsquo;est ICI<\/a>.<\/p>\n","protected":false},"excerpt":{"rendered":"<p>Alors que la communaut\u00e9 internationale s\u2019efforce de construire le futur r\u00e9gime global de lutte contre le changement climatique, les acteurs territoriaux agissent d\u00e9j\u00e0 depuis plusieurs ann\u00e9es pour att\u00e9nuer leurs \u00e9missions de gaz \u00e0 effet de serre et s\u2019adapter aux \u00e9volutions du climat. Ce livret a pour objectif de pr\u00e9senter le contexte, les outils et les &hellip; <\/p>\n<p><a class=\"more-link btn\" href=\"https:\/\/www.enviroscop.fr\/actu\/2015\/06\/cop21-livret-pour-les-collectivites-locales\/\">Lire la suite<\/a><\/p>\n","protected":false},"author":1,"featured_media":0,"comment_status":"open","ping_status":"open","sticky":false,"template":"","format":"standard","meta":{"jetpack_post_was_ever_published":false,"_jetpack_newsletter_access":"","_jetpack_dont_email_post_to_subs":false,"_jetpack_newsletter_tier_id":0,"_jetpack_memberships_contains_paywalled_content":false,"_jetpack_memberships_contains_paid_content":false,"footnotes":"","jetpack_publicize_message":"","jetpack_publicize_feature_enabled":true,"jetpack_social_post_already_shared":true,"jetpack_social_options":{"image_generator_settings":{"template":"highway","default_image_id":0,"font":"","enabled":false},"version":2}},"categories":[15,20,1,30],"tags":[],"class_list":["post-2370","post","type-post","status-publish","format-standard","hentry","category-climat","category-durable","category-non-classe","category-guide","item-wrap"],"jetpack_publicize_connections":[],"jetpack_featured_media_url":"","jetpack_shortlink":"https:\/\/wp.me\/p3rXAp-Ce","jetpack_likes_enabled":true,"jetpack-related-posts":[{"id":251,"url":"https:\/\/www.enviroscop.fr\/actu\/2013\/01\/recensement-et-evaluation-des-pratiques-de-co\/","url_meta":{"origin":2370,"position":0},"title":"Recensement et \u00e9valuation des pratiques de concertation dans les Plans Climat Energie Territoriaux (PCET)","author":"Enviroscop","date":"17 janvier 2013","format":false,"excerpt":"17\/01\/13 R??sum?? : L???objectif de l?????tude est de r??pondre la question suivante : quelle place donner la concertation dans des strat??gies locales de lutte contre le changement climatique ? Pour r??pondre cette question, l?????tude ...","rel":"","context":"Dans &quot;Climat&quot;","block_context":{"text":"Climat","link":"https:\/\/www.enviroscop.fr\/actu\/category\/climat\/"},"img":{"alt_text":"","src":"https:\/\/i0.wp.com\/www2.ademe.fr\/images\/ademe-V2\/ligne_soustitre2.gif?resize=350%2C200","width":350,"height":200},"classes":[]},{"id":5172,"url":"https:\/\/www.enviroscop.fr\/actu\/2023\/02\/adaptation-au-changement-climatique-un-comite-de-pilotage-ministeriel-charge-de-preparer-une-nouvelle-strategie\/","url_meta":{"origin":2370,"position":1},"title":"Adaptation au changement climatique : un comit\u00e9 de pilotage minist\u00e9riel charg\u00e9 de pr\u00e9parer une nouvelle strat\u00e9gie","author":"Enviroscop","date":"24 f\u00e9vrier 2023","format":false,"excerpt":"Christophe B\u00e9chu a install\u00e9 ce 23 f\u00e9vrier un comit\u00e9 de pilotage minist\u00e9riel sur l'adaptation au changement climatique. Ce comit\u00e9, qui s'appuie sur un rapport de l'inspection g\u00e9n\u00e9rale de l'environnement et du d\u00e9veloppement durable rendu public ce m\u00eame jour par le ministre de la Transition \u00e9cologique, devra travailler sur des sc\u00e9narios\u2026","rel":"","context":"Dans &quot;Activit\u00e9&quot;","block_context":{"text":"Activit\u00e9","link":"https:\/\/www.enviroscop.fr\/actu\/category\/activite\/"},"img":{"alt_text":"changement climatique","src":"https:\/\/i0.wp.com\/www.banquedesterritoires.fr\/sites\/default\/files\/styles\/landscape_auto_crop\/public\/2023-02\/mijhgmkjhkjhjhhhjhhjjhjh.jpg?resize=350%2C200&ssl=1","width":350,"height":200,"srcset":"https:\/\/i0.wp.com\/www.banquedesterritoires.fr\/sites\/default\/files\/styles\/landscape_auto_crop\/public\/2023-02\/mijhgmkjhkjhjhhhjhhjjhjh.jpg?resize=350%2C200&ssl=1 1x, https:\/\/i0.wp.com\/www.banquedesterritoires.fr\/sites\/default\/files\/styles\/landscape_auto_crop\/public\/2023-02\/mijhgmkjhkjhjhhhjhhjjhjh.jpg?resize=525%2C300&ssl=1 1.5x, https:\/\/i0.wp.com\/www.banquedesterritoires.fr\/sites\/default\/files\/styles\/landscape_auto_crop\/public\/2023-02\/mijhgmkjhkjhjhhhjhhjjhjh.jpg?resize=700%2C400&ssl=1 2x"},"classes":[]},{"id":4815,"url":"https:\/\/www.enviroscop.fr\/actu\/2022\/06\/decarboner-les-territoires\/","url_meta":{"origin":2370,"position":2},"title":"D\u00e9carboner les territoires","author":"Enviroscop","date":"15 juin 2022","format":false,"excerpt":"Pilot\u00e9e par le Cerema, la s\u00e9rie de fiches d\u00e9carboner les territoires vise \u00e0\u00a0aider les techniciens de collectivit\u00e9s\u00a0\u00e0 une meilleure connaissance des\u00a0techniques de d\u00e9carbonation des territoires. Elle offre des \u00e9l\u00e9ments cl\u00e9s concernant le contenu des technologies, leurs impacts, des exemples de bonnes pratiques et le r\u00f4le possible des collectivit\u00e9s. Fiche n\u00b0\u2026","rel":"","context":"Dans &quot;Agriculture&quot;","block_context":{"text":"Agriculture","link":"https:\/\/www.enviroscop.fr\/actu\/category\/activite\/agriculture\/"},"img":{"alt_text":"","src":"","width":0,"height":0},"classes":[]},{"id":4820,"url":"https:\/\/www.enviroscop.fr\/actu\/2022\/06\/pour-contrer-les-canicules-lexecutif-promet-un-demi-milliard-afin-de-vegetaliser-les-villes\/","url_meta":{"origin":2370,"position":3},"title":"Pour contrer les canicules, l\u2019ex\u00e9cutif promet un demi-milliard afin de v\u00e9g\u00e9taliser les villes","author":"Enviroscop","date":"16 juin 2022","format":false,"excerpt":"\u00a9 Adobe Stock Au sortir du conseil des ministres, Elisabeth Borne a annonc\u00e9 plusieurs mesures d\u2019urgence pour faire face \u00e0 la vague de chaleur qui va toucher la France m\u00e9tropolitaine \u00e0 partir de ce mercredi. A plus moyen terme, l\u2019Etat veut mettre sur la table 500 millions d\u2019euros pour \u00ab\u2026","rel":"","context":"Dans &quot;Am\u00e9nagement&quot;","block_context":{"text":"Am\u00e9nagement","link":"https:\/\/www.enviroscop.fr\/actu\/category\/amenagement\/"},"img":{"alt_text":"Pour contrer les canicules, l\u2019ex\u00e9cutif promet un demi-milliard afin de v\u00e9g\u00e9taliser les villes","src":"https:\/\/i0.wp.com\/www.courrierdesmaires.fr\/mediatheque\/7\/3\/0\/000022037_600x400_c.jpg?resize=350%2C200&ssl=1","width":350,"height":200,"srcset":"https:\/\/i0.wp.com\/www.courrierdesmaires.fr\/mediatheque\/7\/3\/0\/000022037_600x400_c.jpg?resize=350%2C200&ssl=1 1x, https:\/\/i0.wp.com\/www.courrierdesmaires.fr\/mediatheque\/7\/3\/0\/000022037_600x400_c.jpg?resize=525%2C300&ssl=1 1.5x"},"classes":[]},{"id":139,"url":"https:\/\/www.enviroscop.fr\/actu\/2012\/09\/seminaire-biodiversite-et-adaptation-au-chang\/","url_meta":{"origin":2370,"position":4},"title":"S\u00e9minaire \u00ab\u00a0Biodiversit\u00e9 et adaptation au changement climatique\u00a0\u00bb Co-organis\u00e9 par l&rsquo;Onerc et la Direction de l&rsquo;eau et de la biodiversit\u00e9","author":"Enviroscop","date":"25 septembre 2012","format":false,"excerpt":"INVITATION 3 octobre 2012, Paris, Arche de la D??fense Le lien entre les objectifs de conservation de la biodiversit?? et la lutte contre les effets du changement climatique a ??t?? explicitement ??tabli tant au niveau international (objectifs d'A...","rel":"","context":"Dans &quot;biodiversit\u00e9&quot;","block_context":{"text":"biodiversit\u00e9","link":"https:\/\/www.enviroscop.fr\/actu\/category\/nature\/biodiversite\/"},"img":{"alt_text":"","src":"","width":0,"height":0},"classes":[]},{"id":1802,"url":"https:\/\/www.enviroscop.fr\/actu\/2014\/01\/le-schema-regional-climat-air-energie-basse-normandie-adopte\/","url_meta":{"origin":2370,"position":5},"title":"Le Sch\u00e9ma R\u00e9gional Climat Air Energie Basse-Normandie adopt\u00e9","author":"Enviroscop","date":"8 janvier 2014","format":false,"excerpt":"Le sch\u00e9ma r\u00e9gional climat air \u00e9nergie (SRCAE) de Basse-Normandie a \u00e9t\u00e9 adopt\u00e9 par arr\u00eat\u00e9 du pr\u00e9fet de r\u00e9gion en date du 30 d\u00e9cembre 2013. Ce sch\u00e9ma d\u00e9finit des objectifs et des orientations r\u00e9gionales en mati\u00e8re d\u2019am\u00e9lioration de la qualit\u00e9 de l\u2019air, de ma\u00eetrise de la demande \u00e9nerg\u00e9tique, de d\u00e9veloppement des\u2026","rel":"","context":"Dans &quot;Air&quot;","block_context":{"text":"Air","link":"https:\/\/www.enviroscop.fr\/actu\/category\/compartiments\/air\/"},"img":{"alt_text":"","src":"https:\/\/i0.wp.com\/www.basse-normandie.developpement-durable.gouv.fr\/local\/cache-vignettes\/L176xH158\/arton1181-ddfa4.jpg?resize=350%2C200","width":350,"height":200},"classes":[]}],"jetpack_sharing_enabled":true,"_links":{"self":[{"href":"https:\/\/www.enviroscop.fr\/actu\/wp-json\/wp\/v2\/posts\/2370","targetHints":{"allow":["GET"]}}],"collection":[{"href":"https:\/\/www.enviroscop.fr\/actu\/wp-json\/wp\/v2\/posts"}],"about":[{"href":"https:\/\/www.enviroscop.fr\/actu\/wp-json\/wp\/v2\/types\/post"}],"author":[{"embeddable":true,"href":"https:\/\/www.enviroscop.fr\/actu\/wp-json\/wp\/v2\/users\/1"}],"replies":[{"embeddable":true,"href":"https:\/\/www.enviroscop.fr\/actu\/wp-json\/wp\/v2\/comments?post=2370"}],"version-history":[{"count":0,"href":"https:\/\/www.enviroscop.fr\/actu\/wp-json\/wp\/v2\/posts\/2370\/revisions"}],"wp:attachment":[{"href":"https:\/\/www.enviroscop.fr\/actu\/wp-json\/wp\/v2\/media?parent=2370"}],"wp:term":[{"taxonomy":"category","embeddable":true,"href":"https:\/\/www.enviroscop.fr\/actu\/wp-json\/wp\/v2\/categories?post=2370"},{"taxonomy":"post_tag","embeddable":true,"href":"https:\/\/www.enviroscop.fr\/actu\/wp-json\/wp\/v2\/tags?post=2370"}],"curies":[{"name":"wp","href":"https:\/\/api.w.org\/{rel}","templated":true}]}}