{"id":2378,"date":"2015-06-25T12:41:35","date_gmt":"2015-06-25T11:41:35","guid":{"rendered":"http:\/\/www.enviroscop.fr\/actu\/?p=2378"},"modified":"2015-06-25T12:41:35","modified_gmt":"2015-06-25T11:41:35","slug":"une-premiere-hydrolienne-immergee-au-large-douessant-raccordee-au-reseau","status":"publish","type":"post","link":"https:\/\/www.enviroscop.fr\/actu\/2015\/06\/une-premiere-hydrolienne-immergee-au-large-douessant-raccordee-au-reseau\/","title":{"rendered":"Hydrolienne, le nouveau prototype Sabella raccord\u00e9 au r\u00e9seau"},"content":{"rendered":"<p id=\"news_titre\" class=\"resizable\"><img data-recalc-dims=\"1\" loading=\"lazy\" decoding=\"async\" class=\"alignleft\" src=\"https:\/\/i0.wp.com\/www.bretagne.bzh\/upload\/docs\/image\/jpeg\/2015-04\/sabella_1.jpg?resize=192%2C127\" alt=\"\" width=\"192\" height=\"127\" \/>25 juin 2015, la soci\u00e9t\u00e9 Sabella doit immerger sa premi\u00e8re hydrolienne raccord\u00e9e au r\u00e9seau.<\/p>\n<div id=\"news_texte\" class=\"texte resizable\">\n<p>Ce mod\u00e8le D10 poss\u00e8de les caract\u00e9ristiques suivantes :<\/p>\n<ul>\n<li>diam\u00e8tre : 10 m<\/li>\n<li>puissance nominale : 1,1 MW (pour 4 m\/s de courant)<\/li>\n<li>zone d&rsquo;installation : passage du Fromveur (au large d&rsquo;Ouessant)<\/li>\n<\/ul>\n<p>&nbsp;<\/p>\n<\/div>\n","protected":false},"excerpt":{"rendered":"<p>25 juin 2015, la soci\u00e9t\u00e9 Sabella doit immerger sa premi\u00e8re hydrolienne raccord\u00e9e au r\u00e9seau. Ce mod\u00e8le D10 poss\u00e8de les caract\u00e9ristiques suivantes : diam\u00e8tre : 10 m puissance nominale : 1,1 MW (pour 4 m\/s de courant) zone d&rsquo;installation : passage du Fromveur (au large d&rsquo;Ouessant) &nbsp;<\/p>\n","protected":false},"author":1,"featured_media":0,"comment_status":"open","ping_status":"open","sticky":false,"template":"","format":"standard","meta":{"jetpack_post_was_ever_published":false,"_jetpack_newsletter_access":"","_jetpack_dont_email_post_to_subs":false,"_jetpack_newsletter_tier_id":0,"_jetpack_memberships_contains_paywalled_content":false,"_jetpack_memberships_contains_paid_content":false,"footnotes":"","jetpack_publicize_message":"","jetpack_publicize_feature_enabled":true,"jetpack_social_post_already_shared":true,"jetpack_social_options":{"image_generator_settings":{"template":"highway","default_image_id":0,"font":"","enabled":false},"version":2}},"categories":[90,7,72],"tags":[],"class_list":["post-2378","post","type-post","status-publish","format-standard","hentry","category-bretagne","category-energie","category-marine","item-wrap"],"jetpack_publicize_connections":[],"jetpack_featured_media_url":"","jetpack_shortlink":"https:\/\/wp.me\/p3rXAp-Cm","jetpack_likes_enabled":true,"jetpack-related-posts":[{"id":1995,"url":"https:\/\/www.enviroscop.fr\/actu\/2014\/07\/avis-de-mise-a-disposition-du-public-du-projet-de-schema-regional-de-raccordement-au-reseau-des-energies-renouvelables-internet-dreal-haute-normandie\/","url_meta":{"origin":2378,"position":0},"title":"Avis de mise \u00e0 disposition du public du projet de Sch\u00e9ma R\u00e9gional de Raccordement au R\u00e9seau des Energies Renouvelables &#8211; internet DREAL Haute-Normandie","author":"Enviroscop","date":"7 juillet 2014","format":false,"excerpt":"Conform\u00e9ment au d\u00e9cret n\u00b02012-533 du 20 avril 2012 et \u00e0 l\u2019article L 321-7 du code de l\u2019\u00c9nergie, le S3REnR d\u00e9termine les conditions d\u2019accueil des \u00e9nergies renouvelables \u00e0 l\u2019horizon 2020 par le r\u00e9seau \u00e9lectrique, selon les objectifs d\u00e9finis par le Sch\u00e9ma R\u00e9gional Climat Air \u00c9nergie. via :\u00a0Avis de mise \u00e0 disposition\u2026","rel":"","context":"Dans &quot;Air&quot;","block_context":{"text":"Air","link":"https:\/\/www.enviroscop.fr\/actu\/category\/compartiments\/air\/"},"img":{"alt_text":"","src":"","width":0,"height":0},"classes":[]},{"id":3118,"url":"https:\/\/www.enviroscop.fr\/actu\/2018\/07\/s3renr-publication-du-decret-n-2018-544-du-28-juin-2018-portant-modification-de-la-partie-reglementaire-du-code-de-lenergie-relative-aux-schemas-regionaux-de-raccordement-au-reseau-des-energi\/","url_meta":{"origin":2378,"position":1},"title":"S3RENR : publication du d\u00e9cret n\u00b0 2018-544 du 28 juin 2018 portant modification de la partie r\u00e9glementaire du code de l&rsquo;\u00e9nergie relative aux sch\u00e9mas r\u00e9gionaux de raccordement au r\u00e9seau des \u00e9nergies renouvelables et aux raccordements multi-producteurs","author":"Enviroscop","date":"10 juillet 2018","format":false,"excerpt":"A noter au Journal officiel du 30 juin 2018 : la publication du d\u00e9cret n\u00b0 2018-544 du 28 juin 2018 portant modification de la partie r\u00e9glementaire du code de l'\u00e9nergie relative aux sch\u00e9mas r\u00e9gionaux de raccordement au r\u00e9seau des \u00e9nergies renouvelables et aux raccordements multi-producteurs. Le d\u00e9cret peut \u00eatre consult\u00e9\u2026","rel":"","context":"Dans &quot;Biomasse&quot;","block_context":{"text":"Biomasse","link":"https:\/\/www.enviroscop.fr\/actu\/category\/energie\/renouvelable\/biomasse\/"},"img":{"alt_text":"","src":"","width":0,"height":0},"classes":[]},{"id":1606,"url":"https:\/\/www.enviroscop.fr\/actu\/2013\/11\/inauguration-de-la-chaufferie-bois-du-reseau-urbain-de-maromme\/","url_meta":{"origin":2378,"position":2},"title":"Inauguration de la chaufferie bois du r\u00e9seau urbain de Maromme","author":"Enviroscop","date":"25 novembre 2013","format":false,"excerpt":"Projet embl\u00e9matique de la mutation \u00e9nerg\u00e9tique engag\u00e9e par la ville de Maromme implant\u00e9e en Seine-Maritime, le r\u00e9seau de chaleur urbain qui vient d'\u00eatre inaugur\u00e9 alimente d\u00e9sormais 65 % des logements de la Ville, les b\u00e2timents communaux ainsi que les \u00e9tablissements scolaires. Pour rendre accessible le service au plus grand nombre,\u2026","rel":"","context":"Dans &quot;Biomasse&quot;","block_context":{"text":"Biomasse","link":"https:\/\/www.enviroscop.fr\/actu\/category\/energie\/renouvelable\/biomasse\/"},"img":{"alt_text":"Inauguration de la chaufferie bois du r\u00e9seau urbain de Maromme > Energies - Enerzine.com","src":"https:\/\/i0.wp.com\/www.enviroscop.fr\/actu\/wp-content\/uploads\/2013\/11\/breve16591a.jpg?resize=350%2C200","width":350,"height":200},"classes":[]},{"id":3682,"url":"https:\/\/www.enviroscop.fr\/actu\/2020\/04\/schemas-regionaux-de-raccordement-au-reseau-des-energies-renouvelables\/","url_meta":{"origin":2378,"position":3},"title":"Sch\u00e9mas r\u00e9gionaux de raccordement au r\u00e9seau des \u00e9nergies renouvelables","author":"Enviroscop","date":"3 avril 2020","format":false,"excerpt":"D\u00e9cret n\u00b0 2020-382 du\u00a031 mars 2020\u00a0portant modification de la partie r\u00e9glementaire du code de l'\u00e9nergie relative aux sch\u00e9mas r\u00e9gionaux de raccordement au r\u00e9seau des \u00e9nergies renouvelables. Le pr\u00e9fet de r\u00e9gion fixe d\u00e9sormais la capacit\u00e9 globale du sch\u00e9ma, qui est \u00e9labor\u00e9 par RTE en accord avec les gestionnaires de r\u00e9seaux, avant\u2026","rel":"","context":"Dans &quot;Energie&quot;","block_context":{"text":"Energie","link":"https:\/\/www.enviroscop.fr\/actu\/category\/energie\/"},"img":{"alt_text":"L\u2019attribut alt de cette image est vide, son nom de fichier est 17141_une.jpg.","src":"https:\/\/i0.wp.com\/www.enviroscop.fr\/actu\/wp-content\/uploads\/2013\/05\/17141_une.jpg?resize=350%2C200","width":350,"height":200},"classes":[]},{"id":1988,"url":"https:\/\/www.enviroscop.fr\/actu\/2014\/07\/decret-n-2014-760-du-2-juillet-2014-modifiant-le-decret-n-2012-533-du-20-avril-2012-relatif-aux-schemas-regionaux-de-raccordement-au-reseau-des-energies-renouvelables-prevus-par-larticle\/","url_meta":{"origin":2378,"position":4},"title":"D\u00e9cret n\u00b0 2014-760 du 2 juillet 2014 modifiant le d\u00e9cret n\u00b0 2012-533 du 20 avril 2012 relatif aux sch\u00e9mas r\u00e9gionaux de raccordement au r\u00e9seau des \u00e9nergies renouvelables pr\u00e9vus par l&rsquo;article L. 321-7 du code de l&rsquo;\u00e9nergie | Legifrance","author":"Enviroscop","date":"4 juillet 2014","format":false,"excerpt":"Le d\u00e9cret modifie le d\u00e9cret n\u00b0 2012-533 du 20 avril 2012 relatif aux sch\u00e9mas r\u00e9gionaux de raccordement au r\u00e9seau des \u00e9nergies renouvelables. Ces sch\u00e9mas, institu\u00e9s par la loi n\u00b0 2010-788 du 12 juillet 2010 portant engagement national pour l'environnement, d\u00e9finissent les ouvrages \u00e0 cr\u00e9er ou \u00e0 renforcer pour atteindre les\u2026","rel":"","context":"Dans &quot;Energie&quot;","block_context":{"text":"Energie","link":"https:\/\/www.enviroscop.fr\/actu\/category\/energie\/"},"img":{"alt_text":"","src":"","width":0,"height":0},"classes":[]},{"id":1004,"url":"https:\/\/www.enviroscop.fr\/actu\/2013\/05\/le-rapport-sur-les-energies-marines-renouvelables-disponible-en-ligne-vagues-enerzine-com\/","url_meta":{"origin":2378,"position":5},"title":"Le rapport sur les \u00e9nergies marines renouvelables disponible en ligne","author":"Enviroscop","date":"6 mai 2013","format":false,"excerpt":"A l'occasion du d\u00e9bat national sur la transition \u00e9nerg\u00e9tique qui s'est d\u00e9roul\u00e9 le 15 avril dernier, le rapport sur les perspectives de d\u00e9veloppement des \u00e9nergies marines renouvelables a \u00e9t\u00e9 rendu public. Ce rapport est le fruit d'une mission conjointe du Conseil G\u00e9n\u00e9ral de l'Environnement et du D\u00e9veloppement Durable et du\u2026","rel":"","context":"Dans &quot;Energie&quot;","block_context":{"text":"Energie","link":"https:\/\/www.enviroscop.fr\/actu\/category\/energie\/"},"img":{"alt_text":"","src":"https:\/\/i0.wp.com\/www.enerzine.com\/UserFiles\/Image\/breve15711a.jpg?resize=350%2C200","width":350,"height":200},"classes":[]}],"jetpack_sharing_enabled":true,"_links":{"self":[{"href":"https:\/\/www.enviroscop.fr\/actu\/wp-json\/wp\/v2\/posts\/2378","targetHints":{"allow":["GET"]}}],"collection":[{"href":"https:\/\/www.enviroscop.fr\/actu\/wp-json\/wp\/v2\/posts"}],"about":[{"href":"https:\/\/www.enviroscop.fr\/actu\/wp-json\/wp\/v2\/types\/post"}],"author":[{"embeddable":true,"href":"https:\/\/www.enviroscop.fr\/actu\/wp-json\/wp\/v2\/users\/1"}],"replies":[{"embeddable":true,"href":"https:\/\/www.enviroscop.fr\/actu\/wp-json\/wp\/v2\/comments?post=2378"}],"version-history":[{"count":0,"href":"https:\/\/www.enviroscop.fr\/actu\/wp-json\/wp\/v2\/posts\/2378\/revisions"}],"wp:attachment":[{"href":"https:\/\/www.enviroscop.fr\/actu\/wp-json\/wp\/v2\/media?parent=2378"}],"wp:term":[{"taxonomy":"category","embeddable":true,"href":"https:\/\/www.enviroscop.fr\/actu\/wp-json\/wp\/v2\/categories?post=2378"},{"taxonomy":"post_tag","embeddable":true,"href":"https:\/\/www.enviroscop.fr\/actu\/wp-json\/wp\/v2\/tags?post=2378"}],"curies":[{"name":"wp","href":"https:\/\/api.w.org\/{rel}","templated":true}]}}