{"id":2381,"date":"2015-06-30T07:22:52","date_gmt":"2015-06-30T06:22:52","guid":{"rendered":"http:\/\/www.enviroscop.fr\/actu\/?p=2381"},"modified":"2015-06-30T07:22:52","modified_gmt":"2015-06-30T06:22:52","slug":"autorite-environnementale-le-conseil-detat-saisit-la-cour-de-justice-de-lunion-europeenne-du-risque-dannulation-de-nombreux-plans-programmes-des-actes-pris-sur-leur-fondement","status":"publish","type":"post","link":"https:\/\/www.enviroscop.fr\/actu\/2015\/06\/autorite-environnementale-le-conseil-detat-saisit-la-cour-de-justice-de-lunion-europeenne-du-risque-dannulation-de-nombreux-plans-programmes-des-actes-pris-sur-leur-fondement\/","title":{"rendered":"Autorit\u00e9 environnementale : le Conseil d&rsquo;Etat saisit la Cour de justice de l&rsquo;Union europ\u00e9enne du risque d&rsquo;annulation de nombreux plans et programmes et des actes pris sur leur fondement"},"content":{"rendered":"<p>Alors que le Minist\u00e8re de l&rsquo;\u00e9cologie annonce depuis des mois la\u00a0mise en consultation publique\u00a0d&rsquo;un projet de\u00a0d\u00e9cret destin\u00e9 \u00e0 r\u00e9former la proc\u00e9dure de saisine pour avis de l&rsquo;autorit\u00e9 environnementale de mani\u00e8re \u00e0 assurer l&rsquo;ind\u00e9pendance de celle-ci, le Conseil d&rsquo;Etat vient de rendre un arr\u00eat qui pourrait contraindre le Gouvernement \u00e0 acc\u00e9l\u00e9rer la publication de ce texte. Un arr\u00eat \u00e0 la suite duquel\u00a0de nombreux plans, programmes et actes\u00a0pris sur leur\u00a0fondement risquent d&rsquo;\u00eatre remis en cause. <a href=\"http:\/\/www.legifrance.gouv.fr\/affichJuriAdmin.do?oldAction=rechJuriAdmin&amp;idTexte=CETATEXT000030787967&amp;fastReqId=487561137&amp;fastPos=1\">Par arr\u00eat n\u00b0360212 rendu ce 26 juin 2015, le\u00a0Conseil d&rsquo;Etat<\/a> a effet jug\u00e9 ill\u00e9gales certaines dispositions du d\u00e9cret n\u00b0 2012-616 du 2 mai 2012 relatif \u00e0 l&rsquo;\u00e9valuation de certains plans et documents ayant une incidence sur l&rsquo;environnement. Eu \u00e9gard aux cons\u00e9quences tr\u00e8s importantes de\u00a0la remise en cause (annulation ou d\u00e9claration d&rsquo;ill\u00e9galit\u00e9)\u00a0de nombreux plans et programmes et des actes pris sur leur fondement, la\u00a0Haute juridiction a\u00a0d\u00e9cid\u00e9 d&rsquo;adresser une question pr\u00e9judicielle \u00e0 la Cour de justice de l&rsquo;Union europ\u00e9enne.<\/p>\n<p>L&rsquo;int\u00e9gralit\u00e9 de l&rsquo;article sur le blog de Gossement Avocats : <em><a href=\"http:\/\/www.arnaudgossement.com\/archive\/2015\/06\/29\/autorite-environnementale-le-conseil-d-etat-saisit-la-cour-d-5648221.html\">[Important] Autorit\u00e9 environnementale : le Conseil d&rsquo;Etat saisit la Cour de justice de l&rsquo;Union europ\u00e9enne du risque d&rsquo;annulation de nombreux plans et programmes et des actes pris sur leur fondement &#8211; Gossement Avocats &#8211; Le Blog<\/a><\/em><\/p>\n","protected":false},"excerpt":{"rendered":"<p>Alors que le Minist\u00e8re de l&rsquo;\u00e9cologie annonce depuis des mois la\u00a0mise en consultation publique\u00a0d&rsquo;un projet de\u00a0d\u00e9cret destin\u00e9 \u00e0 r\u00e9former la proc\u00e9dure de saisine pour avis de l&rsquo;autorit\u00e9 environnementale de mani\u00e8re \u00e0 assurer l&rsquo;ind\u00e9pendance de celle-ci, le Conseil d&rsquo;Etat vient de rendre un arr\u00eat qui pourrait contraindre le Gouvernement \u00e0 acc\u00e9l\u00e9rer la publication de ce texte. &hellip; <\/p>\n<p><a class=\"more-link btn\" href=\"https:\/\/www.enviroscop.fr\/actu\/2015\/06\/autorite-environnementale-le-conseil-detat-saisit-la-cour-de-justice-de-lunion-europeenne-du-risque-dannulation-de-nombreux-plans-programmes-des-actes-pris-sur-leur-fondement\/\">Lire la suite<\/a><\/p>\n","protected":false},"author":1,"featured_media":0,"comment_status":"open","ping_status":"open","sticky":false,"template":"","format":"standard","meta":{"jetpack_post_was_ever_published":false,"_jetpack_newsletter_access":"","_jetpack_dont_email_post_to_subs":false,"_jetpack_newsletter_tier_id":0,"_jetpack_memberships_contains_paywalled_content":false,"_jetpack_memberships_contains_paid_content":false,"footnotes":"","jetpack_publicize_message":"","jetpack_publicize_feature_enabled":true,"jetpack_social_post_already_shared":true,"jetpack_social_options":{"image_generator_settings":{"template":"highway","default_image_id":0,"font":"","enabled":false},"version":2}},"categories":[1,26,10,68,34],"tags":[],"class_list":["post-2381","post","type-post","status-publish","format-standard","hentry","category-non-classe","category-europe","category-evaluation","category-france","category-jurisprudence","item-wrap"],"jetpack_publicize_connections":[],"jetpack_featured_media_url":"","jetpack_shortlink":"https:\/\/wp.me\/p3rXAp-Cp","jetpack_likes_enabled":true,"jetpack-related-posts":[{"id":3270,"url":"https:\/\/www.enviroscop.fr\/actu\/2019\/03\/autorisation-environnementale-autorite-environnementale-annulation-partielle-du-decret-n-2017-626-du-5-avril-2017-conseil-detat\/","url_meta":{"origin":2381,"position":0},"title":"Autorisation environnementale \/ Autorit\u00e9 environnementale : annulation partielle du d\u00e9cret n\u00b0 2017-626 du 5 avril 2017 (Conseil d\u2019Etat)","author":"Enviroscop","date":"22 mars 2019","format":false,"excerpt":"Par une\u00a0d\u00e9cision en date du 13 mars 2019 (n\u00b0 414930), le Conseil d\u2019Etat a apport\u00e9 plusieurs pr\u00e9cisions sur l\u2019\u00e9valuation environnementale et sa proc\u00e9dure. Dans cette affaire, une association agr\u00e9e pour la protection de l\u2019environnement a form\u00e9 une demande d\u2019abrogation du d\u00e9cret n\u00b0 2017-626 du 5 avril 2017 relatif aux proc\u00e9dures\u2026","rel":"","context":"Dans &quot;Conseil d'Etat&quot;","block_context":{"text":"Conseil d'Etat","link":"https:\/\/www.enviroscop.fr\/actu\/category\/juridique\/conseil-detat\/"},"img":{"alt_text":"","src":"","width":0,"height":0},"classes":[]},{"id":4184,"url":"https:\/\/www.enviroscop.fr\/actu\/2021\/04\/evaluation-environnementale-et-clause-filet-letat-doit-reviser-la-liste-des-projets-soumis-a-etude-dimpact-dans-un-delai-de-9-mois-conseil-detat\/","url_meta":{"origin":2381,"position":1},"title":"Evaluation environnementale et \u00ab\u00a0clause filet\u00a0\u00bb : l&rsquo;Etat doit r\u00e9viser la liste des projets soumis \u00e0 \u00e9tude d&rsquo;impact dans un d\u00e9lai de 9 mois (Conseil d&rsquo;Etat)","author":"Enviroscop","date":"28 avril 2021","format":false,"excerpt":"Par arr\u00eat n\u00b0425424 du 15 avril 2021, le Conseil d'Etat\u00a0a, \u00e0 la demande de l'association France Nature Environnement, enjoint au Premier ministre de r\u00e9viser, dans un d\u00e9lai de 9 mois, la nomenclature des projets soumis \u00e0 \u00e9valuation environnementale. Et ce, de mani\u00e8re \u00e0 ce que cette nomenclature ne soit plus\u2026","rel":"","context":"Dans &quot;Conseil d'Etat&quot;","block_context":{"text":"Conseil d'Etat","link":"https:\/\/www.enviroscop.fr\/actu\/category\/juridique\/conseil-detat\/"},"img":{"alt_text":"","src":"https:\/\/i0.wp.com\/www.enviroscop.fr\/actu\/wp-content\/uploads\/2013\/05\/17141_une.jpg?resize=350%2C200","width":350,"height":200},"classes":[]},{"id":4463,"url":"https:\/\/www.enviroscop.fr\/actu\/2021\/10\/evaluation-environnementale-des-documents-durbanisme-le-decret-de-refonte-est-paru\/","url_meta":{"origin":2381,"position":2},"title":"\u00c9valuation environnementale des documents d\u2019urbanisme : le d\u00e9cret de refonte est paru","author":"Enviroscop","date":"22 octobre 2021","format":false,"excerpt":"Le r\u00e9gime de l'\u00e9valuation environnementale applicable aux proc\u00e9dures d'\u00e9volution des documents d'urbanisme et aux unit\u00e9s touristiques nouvelles (UTN) fait peau neuve. Plut\u00f4t bien accueilli par les collectivit\u00e9s, le d\u00e9cret modificatif, paru ce 15 octobre, ne l\u00e8ve pas toutes les craintes des \u00e9lus de montagne quant \u00e0 son impact r\u00e9el sur\u2026","rel":"","context":"Dans &quot;Air&quot;","block_context":{"text":"Air","link":"https:\/\/www.enviroscop.fr\/actu\/category\/compartiments\/air\/"},"img":{"alt_text":"Urbanisme ","src":"https:\/\/i0.wp.com\/www.banquedesterritoires.fr\/sites\/default\/files\/styles\/landscape_auto_crop\/public\/2021-10\/AdobeStock_42911968.jpg?resize=350%2C200&ssl=1","width":350,"height":200,"srcset":"https:\/\/i0.wp.com\/www.banquedesterritoires.fr\/sites\/default\/files\/styles\/landscape_auto_crop\/public\/2021-10\/AdobeStock_42911968.jpg?resize=350%2C200&ssl=1 1x, https:\/\/i0.wp.com\/www.banquedesterritoires.fr\/sites\/default\/files\/styles\/landscape_auto_crop\/public\/2021-10\/AdobeStock_42911968.jpg?resize=525%2C300&ssl=1 1.5x, https:\/\/i0.wp.com\/www.banquedesterritoires.fr\/sites\/default\/files\/styles\/landscape_auto_crop\/public\/2021-10\/AdobeStock_42911968.jpg?resize=700%2C400&ssl=1 2x"},"classes":[]},{"id":3155,"url":"https:\/\/www.enviroscop.fr\/actu\/2018\/09\/projet-de-decret-relatif-a-levaluation-environnementale-des-documents-durbanisme\/","url_meta":{"origin":2381,"position":3},"title":"Projet de d\u00e9cret relatif \u00e0 l\u2019\u00e9valuation environnementale des documents d\u2019urbanisme","author":"Enviroscop","date":"14 septembre 2018","format":false,"excerpt":"Ce projet de d\u00e9cret vise \u00e0 mettre en conformit\u00e9 les dispositions du code de l\u2019urbanisme relatives \u00e0 l\u2019\u00e9valuation environnementale (EE) des documents d\u2019urbanisme avec la directive 2001\/42\/CE du Parlement europ\u00e9en et du Conseil du 27 juin 2001 relative \u00e0 l\u2019\u00e9valuation des incidences de certains plans et programmes sur l\u2019environnement. Les\u2026","rel":"","context":"Dans &quot;Am\u00e9nagement&quot;","block_context":{"text":"Am\u00e9nagement","link":"https:\/\/www.enviroscop.fr\/actu\/category\/amenagement\/"},"img":{"alt_text":"","src":"","width":0,"height":0},"classes":[]},{"id":5064,"url":"https:\/\/www.enviroscop.fr\/actu\/2022\/11\/conseil-detat-annulation-de-larticle-3-du-decret-n-2020-828-du-30-juin-2020-modifiant-la-nomenclature-et-la-procedure-en-matiere-de-police-de-leau\/","url_meta":{"origin":2381,"position":4},"title":"Conseil d&rsquo;Etat : Annulation de l&rsquo;article 3 du d\u00e9cret n\u00b0 2020-828 du 30 juin 2020 modifiant la nomenclature et la proc\u00e9dure en mati\u00e8re de police de l&rsquo;eau","author":"Enviroscop","date":"15 novembre 2022","format":false,"excerpt":"Dans son rendu du 31\/10\/2022, le Conseil d'Etat d\u00e9cide : Article 1er : Le h) de l'article 3 du d\u00e9cret du 30 juin 2020 modifiant la nomenclature et la proc\u00e9dure en mati\u00e8re de police de l'eau et l'arr\u00eat\u00e9 du 30 juin 2020 d\u00e9finissant les travaux de restauration des fonctionnalit\u00e9s naturelles\u2026","rel":"","context":"Dans &quot;Am\u00e9nagement&quot;","block_context":{"text":"Am\u00e9nagement","link":"https:\/\/www.enviroscop.fr\/actu\/category\/amenagement\/"},"img":{"alt_text":"","src":"https:\/\/i0.wp.com\/www.enviroscop.fr\/actu\/wp-content\/uploads\/2022\/11\/IMG_4516.jpg?resize=350%2C200","width":350,"height":200},"classes":[]},{"id":3027,"url":"https:\/\/www.enviroscop.fr\/actu\/2018\/05\/levaluation-environnementale-dun-plan-peut-etre-requise-meme-sans-texte-reglementaire-conseil-detat\/","url_meta":{"origin":2381,"position":5},"title":"L\u2019\u00e9valuation environnementale d\u2019un plan peut \u00eatre requise m\u00eame sans texte r\u00e9glementaire (Conseil d\u2019Etat)","author":"Enviroscop","date":"31 mai 2018","format":false,"excerpt":"Par une\u00a0d\u00e9cision n\u00b0408887 en date du 16 mai 2018, le Conseil d\u2019Etat a jug\u00e9 que l'\u00e9valuation\u00a0 environnementale d'un plan ou d'un programme peut \u00eatre requise sur le seul fondement de l\u2019article L. 122-4 de l\u2019environnement . En cons\u00e9quence, le Conseil d\u2019Etat a pr\u00e9cis\u00e9 que le sch\u00e9ma r\u00e9gional du climat, de\u2026","rel":"","context":"Dans &quot;Etude d'impact&quot;","block_context":{"text":"Etude d'impact","link":"https:\/\/www.enviroscop.fr\/actu\/category\/evaluation\/etude-dimpact\/"},"img":{"alt_text":"","src":"","width":0,"height":0},"classes":[]}],"jetpack_sharing_enabled":true,"_links":{"self":[{"href":"https:\/\/www.enviroscop.fr\/actu\/wp-json\/wp\/v2\/posts\/2381","targetHints":{"allow":["GET"]}}],"collection":[{"href":"https:\/\/www.enviroscop.fr\/actu\/wp-json\/wp\/v2\/posts"}],"about":[{"href":"https:\/\/www.enviroscop.fr\/actu\/wp-json\/wp\/v2\/types\/post"}],"author":[{"embeddable":true,"href":"https:\/\/www.enviroscop.fr\/actu\/wp-json\/wp\/v2\/users\/1"}],"replies":[{"embeddable":true,"href":"https:\/\/www.enviroscop.fr\/actu\/wp-json\/wp\/v2\/comments?post=2381"}],"version-history":[{"count":0,"href":"https:\/\/www.enviroscop.fr\/actu\/wp-json\/wp\/v2\/posts\/2381\/revisions"}],"wp:attachment":[{"href":"https:\/\/www.enviroscop.fr\/actu\/wp-json\/wp\/v2\/media?parent=2381"}],"wp:term":[{"taxonomy":"category","embeddable":true,"href":"https:\/\/www.enviroscop.fr\/actu\/wp-json\/wp\/v2\/categories?post=2381"},{"taxonomy":"post_tag","embeddable":true,"href":"https:\/\/www.enviroscop.fr\/actu\/wp-json\/wp\/v2\/tags?post=2381"}],"curies":[{"name":"wp","href":"https:\/\/api.w.org\/{rel}","templated":true}]}}