{"id":2384,"date":"2015-06-30T14:13:55","date_gmt":"2015-06-30T13:13:55","guid":{"rendered":"http:\/\/www.enviroscop.fr\/actu\/?p=2384"},"modified":"2015-06-30T14:13:55","modified_gmt":"2015-06-30T13:13:55","slug":"proposition-dindicateurs-de-suivi-de-la-strategie-nationale-de-transition-ecologique-vers-developpement-durable-2015-2020-ministere-du-developpement-durable","status":"publish","type":"post","link":"https:\/\/www.enviroscop.fr\/actu\/2015\/06\/proposition-dindicateurs-de-suivi-de-la-strategie-nationale-de-transition-ecologique-vers-developpement-durable-2015-2020-ministere-du-developpement-durable\/","title":{"rendered":"Proposition d\u2019indicateurs de suivi de la strat\u00e9gie nationale de transition \u00e9cologique vers un d\u00e9veloppement durable 2015-2020 &#8211; Minist\u00e8re du D\u00e9veloppement durable"},"content":{"rendered":"<p><a href=\"http:\/\/www.developpement-durable.gouv.fr\/Proposition-d-indicateurs-de-suivi.html\"><img data-recalc-dims=\"1\" loading=\"lazy\" decoding=\"async\" class=\"  alignleft\" src=\"https:\/\/i0.wp.com\/www.enviroscop.fr\/actu\/wp-content\/uploads\/2015\/06\/arton41639.png?resize=265%2C138&#038;ssl=1\" alt=\"\" width=\"265\" height=\"138\" \/><\/a>La commission Indicateurs du Conseil national de la transition \u00e9cologique (CNTE) a \u00e9t\u00e9 charg\u00e9e en 2014 de proposer des indicateurs nationaux pour le suivi de la nouvelle strat\u00e9gie nationale de transition \u00e9cologique vers un d\u00e9veloppement durable 2015-2020. Un tableau de bord des indicateurs essentiels est compos\u00e9 de 22 indicateurs sur les enjeux \u00e9cologiques majeurs et 17 indicateurs de suivi des axes strat\u00e9giques. Le tableau de bord est compl\u00e9t\u00e9 par des indicateurs compl\u00e9mentaires pour les axes.Ce rapport d\u00e9crit la d\u00e9marche et les crit\u00e8res de s\u00e9lection des indicateurs de la strat\u00e9gie. Il rassemble 72 fiches descriptives sur ces indicateurs qui pr\u00e9cisent leur d\u00e9finition, leur source et leur disponibilit\u00e9. Elles mentionnent aussi les atouts et les pr\u00e9cautions \u00e9ventuelles d\u2019interpr\u00e9tation. En outre les possibilit\u00e9s de d\u00e9clinaison locale et de mise en perspective internationale sont pr\u00e9cis\u00e9es.<\/p>\n<p>T\u00e9l\u00e9charger : <a href=\"http:\/\/www.developpement-durable.gouv.fr\/IMG\/pdf\/ED127.pdf\" target=\"_blank\">le rapport technique de proposition d\u2019indicateurs de suivi de la strat\u00e9gie nationale de transition \u00e9cologique vers un d\u00e9veloppement durable 2015-2020 (PDF &#8211; 6.4\u00a0Mo)<\/a><\/p>\n<p>Source\u00a0: <em><a href=\"http:\/\/www.developpement-durable.gouv.fr\/Proposition-d-indicateurs-de-suivi.html\">Proposition d\u2019indicateurs de suivi de la strat\u00e9gie nationale de transition \u00e9cologique vers un d\u00e9veloppement durable 2015-2020 &#8211; Minist\u00e8re du D\u00e9veloppement durable<\/a><\/em><\/p>\n","protected":false},"excerpt":{"rendered":"<p>La commission Indicateurs du Conseil national de la transition \u00e9cologique (CNTE) a \u00e9t\u00e9 charg\u00e9e en 2014 de proposer des indicateurs nationaux pour le suivi de la nouvelle strat\u00e9gie nationale de transition \u00e9cologique vers un d\u00e9veloppement durable 2015-2020. Un tableau de bord des indicateurs essentiels est compos\u00e9 de 22 indicateurs sur les enjeux \u00e9cologiques majeurs et &hellip; <\/p>\n<p><a class=\"more-link btn\" href=\"https:\/\/www.enviroscop.fr\/actu\/2015\/06\/proposition-dindicateurs-de-suivi-de-la-strategie-nationale-de-transition-ecologique-vers-developpement-durable-2015-2020-ministere-du-developpement-durable\/\">Lire la suite<\/a><\/p>\n","protected":false},"author":1,"featured_media":0,"comment_status":"open","ping_status":"open","sticky":false,"template":"","format":"standard","meta":{"jetpack_post_was_ever_published":false,"_jetpack_newsletter_access":"","_jetpack_dont_email_post_to_subs":false,"_jetpack_newsletter_tier_id":0,"_jetpack_memberships_contains_paywalled_content":false,"_jetpack_memberships_contains_paid_content":false,"footnotes":"","jetpack_publicize_message":"","jetpack_publicize_feature_enabled":true,"jetpack_social_post_already_shared":true,"jetpack_social_options":{"image_generator_settings":{"template":"highway","default_image_id":0,"font":"","enabled":false},"version":2}},"categories":[15,20,21,6,7,68,30,33],"tags":[],"class_list":["post-2384","post","type-post","status-publish","format-standard","hentry","category-climat","category-durable","category-eau","category-ecologie","category-energie","category-france","category-guide","category-indicateur","item-wrap"],"jetpack_publicize_connections":[],"jetpack_featured_media_url":"","jetpack_shortlink":"https:\/\/wp.me\/p3rXAp-Cs","jetpack_likes_enabled":true,"jetpack-related-posts":[{"id":2825,"url":"https:\/\/www.enviroscop.fr\/actu\/2017\/05\/indicateurs-de-la-transition-ecologique-vers-developpement-durable-comparaisons-internationales\/","url_meta":{"origin":2384,"position":0},"title":"Indicateurs de la transition \u00e9cologique vers un d\u00e9veloppement durable &#8211; Comparaisons internationales","author":"Enviroscop","date":"23 mai 2017","format":false,"excerpt":"La strat\u00e9gie nationale de transition \u00e9cologique vers un d\u00e9veloppement durable 2015-2020 (SNTEDD) succ\u00e8de \u00e0 la strat\u00e9gie nationale de d\u00e9veloppement durable 2010-2013. Adopt\u00e9e en Conseil des ministres le 4 f\u00e9vrier 2015, elle identifie quatre enjeux \u00e9cologiques majeurs et 9\u00a0axes strat\u00e9giques. Le suivi de la SNTEDD est assur\u00e9 \u00e0 travers 72\u00a0indicateurs qui\u2026","rel":"","context":"Dans &quot;durable&quot;","block_context":{"text":"durable","link":"https:\/\/www.enviroscop.fr\/actu\/category\/durable\/"},"img":{"alt_text":"","src":"","width":0,"height":0},"classes":[]},{"id":1332,"url":"https:\/\/www.enviroscop.fr\/actu\/2013\/08\/indicateurs-de-leconomie-verte\/","url_meta":{"origin":2384,"position":1},"title":"Indicateurs de l\u2019\u00e9conomie verte","author":"Enviroscop","date":"17 ao\u00fbt 2013","format":false,"excerpt":"\u00c0 la suite du s\u00e9minaire gouvernemental sur la transition \u00e9cologique du 4 d\u00e9cembre 2012 et de l\u2019envoi fin janvier des lettres de cadrage par le Premier ministre, le minist\u00e8re a \u00e9labor\u00e9 un tableau de bord d\u2019indicateurs pour suivre l\u2019impact macro\u00e9conomique de l\u2019\u00e9conomie verte en France. Ce tableau de bord a\u2026","rel":"","context":"Dans &quot;durable&quot;","block_context":{"text":"durable","link":"https:\/\/www.enviroscop.fr\/actu\/category\/durable\/"},"img":{"alt_text":"","src":"","width":0,"height":0},"classes":[]},{"id":5070,"url":"https:\/\/www.enviroscop.fr\/actu\/2022\/11\/des-indicateurs-bases-sur-des-odd-pour-nourrir-des-strategies-territoriales\/","url_meta":{"origin":2384,"position":2},"title":"Des indicateurs bas\u00e9s sur des ODD pour nourrir des strat\u00e9gies territoriales","author":"Enviroscop","date":"23 novembre 2022","format":false,"excerpt":"Le guide \u00ab\u00a0Elaborer des indicateurs de contribution aux ODD pour nourrir des strat\u00e9gies territoriales\u00a0\u00bb a pour objectif de tester une m\u00e9thodologie d\u2019\u00e9laboration d\u2019indicateurs pour appr\u00e9cier la contribution de collectivit\u00e9s locales aux ODD. Il a \u00e9t\u00e9 \u00e9labor\u00e9 dans le cadre d\u2019une d\u00e9marche exp\u00e9rimentale conduite en Bourgogne Franche Comt\u00e9 avec les villes\u2026","rel":"","context":"Dans &quot;Activit\u00e9&quot;","block_context":{"text":"Activit\u00e9","link":"https:\/\/www.enviroscop.fr\/actu\/category\/activite\/"},"img":{"alt_text":"","src":"https:\/\/i0.wp.com\/www.agenda-2030.fr\/local\/cache-vignettes\/L462xH533\/image_inidcateurs-e3c63-4d9ea.png?resize=350%2C200&ssl=1","width":350,"height":200},"classes":[]},{"id":302,"url":"https:\/\/www.enviroscop.fr\/actu\/2012\/04\/developpement-durable-la-revolution-des-nouve\/","url_meta":{"origin":2384,"position":3},"title":"D\u00e9veloppement durable, la r\u00e9volution des nouveaux indicateurs","author":"Enviroscop","date":"6 avril 2012","format":false,"excerpt":"Ce rapport de l'Association des R??gions de France est le fruit de deux ans de travail en partenariat avec l???INSEE et diff??rents chercheurs issus du Forum pour d???Autres Indicateurs de Richesse (FAIR), tels que Jean GADREY, ??galement membre d...","rel":"","context":"Dans &quot;durable&quot;","block_context":{"text":"durable","link":"https:\/\/www.enviroscop.fr\/actu\/category\/durable\/"},"img":{"alt_text":"","src":"","width":0,"height":0},"classes":[]},{"id":1708,"url":"https:\/\/www.enviroscop.fr\/actu\/2014\/01\/les-indicateurs-du-developpement-durable-une-diversite-denjeux-dans-les-territoires-haut-normands\/","url_meta":{"origin":2384,"position":4},"title":"Les indicateurs du d\u00e9veloppement durable &#8211; une diversit\u00e9 d&rsquo;enjeux dans les territoires haut-normands","author":"Enviroscop","date":"7 janvier 2014","format":false,"excerpt":"Pour la premi\u00e8re fois en Haute-Normandie, un ensemble d'indicateurs illustrant le d\u00e9veloppement durable au plan local est pr\u00e9sent\u00e9 au public. Ces indicateurs sont class\u00e9s selon les huit d\u00e9fis de la strat\u00e9gie nationale du d\u00e9veloppement durable. Ce socle commun d'informations locales est ici d\u00e9clin\u00e9 pour les 30 territoires haut-normands qui ont\u2026","rel":"","context":"Dans &quot;DREAL&quot;","block_context":{"text":"DREAL","link":"https:\/\/www.enviroscop.fr\/actu\/category\/source\/dreal\/"},"img":{"alt_text":"","src":"","width":0,"height":0},"classes":[]},{"id":1798,"url":"https:\/\/www.enviroscop.fr\/actu\/2014\/02\/des-indicateurs-de-developpement-durable-pour-les-territoires-ministere-du-developpement-durable\/","url_meta":{"origin":2384,"position":5},"title":"Des indicateurs de d\u00e9veloppement durable pour les territoires &#8211; Minist\u00e8re du D\u00e9veloppement durable","author":"Enviroscop","date":"7 f\u00e9vrier 2014","format":false,"excerpt":"Pour r\u00e9pondre aux enjeux de d\u00e9veloppement durable et permettre aux acteurs publics de les d\u00e9cliner localement, le Commissariat g\u00e9n\u00e9ral au d\u00e9veloppement durable (CGDD) et la D\u00e9l\u00e9gation interminist\u00e9rielle \u00e0 l\u2019am\u00e9nagement du territoire et \u00e0 l\u2019attractivit\u00e9 r\u00e9gionale (Datar) ont construit un r\u00e9f\u00e9rentiel d\u2019indicateurs de d\u00e9veloppement durable territoriaux. Ce r\u00e9f\u00e9rentiel est le fruit\u2026","rel":"","context":"Dans &quot;durable&quot;","block_context":{"text":"durable","link":"https:\/\/www.enviroscop.fr\/actu\/category\/durable\/"},"img":{"alt_text":"","src":"","width":0,"height":0},"classes":[]}],"jetpack_sharing_enabled":true,"_links":{"self":[{"href":"https:\/\/www.enviroscop.fr\/actu\/wp-json\/wp\/v2\/posts\/2384","targetHints":{"allow":["GET"]}}],"collection":[{"href":"https:\/\/www.enviroscop.fr\/actu\/wp-json\/wp\/v2\/posts"}],"about":[{"href":"https:\/\/www.enviroscop.fr\/actu\/wp-json\/wp\/v2\/types\/post"}],"author":[{"embeddable":true,"href":"https:\/\/www.enviroscop.fr\/actu\/wp-json\/wp\/v2\/users\/1"}],"replies":[{"embeddable":true,"href":"https:\/\/www.enviroscop.fr\/actu\/wp-json\/wp\/v2\/comments?post=2384"}],"version-history":[{"count":0,"href":"https:\/\/www.enviroscop.fr\/actu\/wp-json\/wp\/v2\/posts\/2384\/revisions"}],"wp:attachment":[{"href":"https:\/\/www.enviroscop.fr\/actu\/wp-json\/wp\/v2\/media?parent=2384"}],"wp:term":[{"taxonomy":"category","embeddable":true,"href":"https:\/\/www.enviroscop.fr\/actu\/wp-json\/wp\/v2\/categories?post=2384"},{"taxonomy":"post_tag","embeddable":true,"href":"https:\/\/www.enviroscop.fr\/actu\/wp-json\/wp\/v2\/tags?post=2384"}],"curies":[{"name":"wp","href":"https:\/\/api.w.org\/{rel}","templated":true}]}}