{"id":2390,"date":"2015-07-02T08:25:14","date_gmt":"2015-07-02T07:25:14","guid":{"rendered":"http:\/\/www.enviroscop.fr\/actu\/?p=2390"},"modified":"2015-07-02T08:25:14","modified_gmt":"2015-07-02T07:25:14","slug":"natureparif-un-guide-pour-preserver-restaurer-les-continuites-ecologiques","status":"publish","type":"post","link":"https:\/\/www.enviroscop.fr\/actu\/2015\/07\/natureparif-un-guide-pour-preserver-restaurer-les-continuites-ecologiques\/","title":{"rendered":"Natureparif :\u00a0un guide pour pr\u00e9server et restaurer les continuit\u00e9s \u00e9cologiques !"},"content":{"rendered":"<p><img data-recalc-dims=\"1\" loading=\"lazy\" decoding=\"async\" class=\" alignleft\" src=\"https:\/\/i0.wp.com\/www.natureparif.fr\/images\/srce\/Couverture_guide_SRCE.jpg?resize=158%2C221\" alt=\"\" width=\"158\" height=\"221\" \/>La fragmentation des habitats naturels, leur destruction par la consommation d\u2019espace ou l\u2019artificialisation des sols constituent l\u2019une des premi\u00e8res causes d\u2019\u00e9rosion de la biodiversit\u00e9. La trame verte et bleue (TVB), ensemble de continuit\u00e9s \u00e9cologiques, peut \u00eatre une r\u00e9ponse \u00e0 la restauration et \u00e0 la pr\u00e9servation des milieux.La trame verte et bleue s\u2019attache \u00e0 la fois \u00e0 conserver et \u00e0 am\u00e9liorer la fonctionnalit\u00e9 des milieux et \u00e0 limiter la fragmentation des habitats, d\u00e9favorable aux populations qui les occupent. Elle trouve sa traduction r\u00e9gionale dans le sch\u00e9ma r\u00e9gional de coh\u00e9rence \u00e9cologique (SRCE). L\u2019\u00cele-de-France est la premi\u00e8re r\u00e9gion \u00e0 avoir adopt\u00e9 son SRCE, apr\u00e8s la d\u00e9lib\u00e9ration \u00e0 l\u2019unanimit\u00e9 du Conseil r\u00e9gional le 26 octobre 2013 et arr\u00eat\u00e9 du Pr\u00e9fet de R\u00e9gion du 21 octobre 2013.)<\/p>\n<p>Source\u00a0: <em><a href=\"http:\/\/www.natureparif.fr\/\">Agence r\u00e9gionale pour la nature et la biodiversit\u00e9 en Ile-de-France &#8211; Natureparif<\/a><\/em><\/p>\n","protected":false},"excerpt":{"rendered":"<p>La fragmentation des habitats naturels, leur destruction par la consommation d\u2019espace ou l\u2019artificialisation des sols constituent l\u2019une des premi\u00e8res causes d\u2019\u00e9rosion de la biodiversit\u00e9. La trame verte et bleue (TVB), ensemble de continuit\u00e9s \u00e9cologiques, peut \u00eatre une r\u00e9ponse \u00e0 la restauration et \u00e0 la pr\u00e9servation des milieux.La trame verte et bleue s\u2019attache \u00e0 la fois &hellip; <\/p>\n<p><a class=\"more-link btn\" href=\"https:\/\/www.enviroscop.fr\/actu\/2015\/07\/natureparif-un-guide-pour-preserver-restaurer-les-continuites-ecologiques\/\">Lire la suite<\/a><\/p>\n","protected":false},"author":1,"featured_media":0,"comment_status":"open","ping_status":"open","sticky":false,"template":"","format":"standard","meta":{"jetpack_post_was_ever_published":false,"_jetpack_newsletter_access":"","_jetpack_dont_email_post_to_subs":false,"_jetpack_newsletter_tier_id":0,"_jetpack_memberships_contains_paywalled_content":false,"_jetpack_memberships_contains_paid_content":false,"footnotes":"","jetpack_publicize_message":"","jetpack_publicize_feature_enabled":true,"jetpack_social_post_already_shared":true,"jetpack_social_options":{"image_generator_settings":{"template":"highway","default_image_id":0,"font":"","enabled":false},"version":2}},"categories":[3,5,6,30,86,67,53,56],"tags":[],"class_list":["post-2390","post","type-post","status-publish","format-standard","hentry","category-agriculture","category-amenagement","category-ecologie","category-guide","category-ile-de-france","category-nature","category-trames-verte-et-bleue","category-urbanisation","item-wrap"],"jetpack_publicize_connections":[],"jetpack_featured_media_url":"","jetpack_shortlink":"https:\/\/wp.me\/p3rXAp-Cy","jetpack_likes_enabled":true,"jetpack-related-posts":[{"id":200,"url":"https:\/\/www.enviroscop.fr\/actu\/2012\/12\/definition-et-mise-en-oeuvre-de-la-trame-vert\/","url_meta":{"origin":2390,"position":0},"title":"D\u00e9finition et mise en oeuvre de la trame verte et bleue","author":"Enviroscop","date":"29 d\u00e9cembre 2012","format":false,"excerpt":"D??cret n 2012-1492 du 27 d??cembre 2012 relatif la trame verte et bleue La trame verte et bleue est un r??seau form?? de continuit??s ??cologiques terrestres et aquatiques. Elle constitue un outil d'am??nagement durable du territoire et cont...","rel":"","context":"Dans &quot;Juridique&quot;","block_context":{"text":"Juridique","link":"https:\/\/www.enviroscop.fr\/actu\/category\/juridique\/"},"img":{"alt_text":"","src":"","width":0,"height":0},"classes":[]},{"id":1735,"url":"https:\/\/www.enviroscop.fr\/actu\/2014\/01\/decret-n-2014-45-du-20-janvier-2014-portant-adoption-des-orientations-nationales-pour-la-preservation-et-la-remise-en-bon-etat-des-continuites-ecologiques\/","url_meta":{"origin":2390,"position":1},"title":"D\u00e9cret n\u00b0 2014-45 du 20 janvier 2014 portant adoption des orientations nationales pour la pr\u00e9servation et la remise en bon \u00e9tat des continuit\u00e9s \u00e9cologiques","author":"Enviroscop","date":"22 janvier 2014","format":false,"excerpt":"la loi du 12 juillet 2010 portant engagement national pour l'environnement a pr\u00e9vu l'adoption d'un document-cadre intitul\u00e9 : \u00ab Orientations nationales pour la pr\u00e9servation et la remise en bon \u00e9tat des continuit\u00e9s \u00e9cologiques \u00bb. La trame verte et bleue est un r\u00e9seau form\u00e9 de continuit\u00e9s \u00e9cologiques (constitu\u00e9es de r\u00e9servoirs de\u2026","rel":"","context":"Dans &quot;durable&quot;","block_context":{"text":"durable","link":"https:\/\/www.enviroscop.fr\/actu\/category\/durable\/"},"img":{"alt_text":"","src":"","width":0,"height":0},"classes":[]},{"id":4541,"url":"https:\/\/www.enviroscop.fr\/actu\/2021\/12\/les-passages-a-faune-un-guide-complet-du-cerema-pour-creer-et-entretenir-les-continuites-ecologiques-au-niveau-des-infrastructures\/","url_meta":{"origin":2390,"position":2},"title":"Les passages \u00e0 faune : un guide complet du Cerema pour cr\u00e9er et entretenir les continuit\u00e9s \u00e9cologiques au niveau des infrastructures","author":"Enviroscop","date":"14 d\u00e9cembre 2021","format":false,"excerpt":"Le Cerema publie la guide\u00a0\"Les passages \u00e0 faune :\u00a0Pr\u00e9server et restaurer les continuit\u00e9s \u00e9cologiques avec les infrastructures lin\u00e9aires de transport\". A cette occasion, deux des co-auteur de cet ouvrage collectif du Cerema, Fran\u00e7ois Nowicki, chef de projet biodiversit\u00e9, et Jean-Fran\u00e7ois Bretaud, chef de projet biodiversit\u00e9 et r\u00e9f\u00e9rent \"Trame verte et\u2026","rel":"","context":"Dans &quot;Am\u00e9nagement&quot;","block_context":{"text":"Am\u00e9nagement","link":"https:\/\/www.enviroscop.fr\/actu\/category\/amenagement\/"},"img":{"alt_text":"","src":"","width":0,"height":0},"classes":[]},{"id":230,"url":"https:\/\/www.enviroscop.fr\/actu\/2012\/12\/cahier-technique-sur-la-tvb-dans-les-document\/","url_meta":{"origin":2390,"position":3},"title":"Cahier technique sur la TVB dans les documents d&rsquo;urbanisme","author":"Enviroscop","date":"11 d\u00e9cembre 2012","format":false,"excerpt":"Le Cahier technique \"Comment int??grer la trame verte et bleue dans les documents d'urbanisme\" constitue le tome 3 de la collection \"Mettre en oeuvre la Trame verte et bleue l'??chelle des territoires\" ??dit??e par Espaces Naturels R??gionaux. ...","rel":"","context":"Dans &quot;Guide&quot;","block_context":{"text":"Guide","link":"https:\/\/www.enviroscop.fr\/actu\/category\/guide\/"},"img":{"alt_text":"","src":"","width":0,"height":0},"classes":[]},{"id":3567,"url":"https:\/\/www.enviroscop.fr\/actu\/2019\/12\/preservation-et-la-remise-en-bon-etat-des-continuites-ecologiques\/","url_meta":{"origin":2390,"position":4},"title":"Pr\u00e9servation et la remise en bon \u00e9tat des continuit\u00e9s \u00e9cologiques","author":"Enviroscop","date":"20 d\u00e9cembre 2019","format":false,"excerpt":"Parution du d\u00e9cret n\u00b0 2019-1400 du\u00a017 d\u00e9cembre 2019\u00a0adaptant les orientations nationales pour la pr\u00e9servation et la remise en bon \u00e9tat des continuit\u00e9s \u00e9cologiques. Publics concern\u00e9s : Etat et \u00e9tablissements publics, collectivit\u00e9s territoriales et groupements, organismes du monde socioprofessionnel, associations de protection de la nature, scientifiques.Objet : r\u00e9vision des orientations nationales\u2026","rel":"","context":"Dans &quot;biodiversit\u00e9&quot;","block_context":{"text":"biodiversit\u00e9","link":"https:\/\/www.enviroscop.fr\/actu\/category\/nature\/biodiversite\/"},"img":{"alt_text":"","src":"","width":0,"height":0},"classes":[]},{"id":1491,"url":"https:\/\/www.enviroscop.fr\/actu\/2013\/10\/mise-en-ligne-dun-guide-national-sur-la-tvb-dans-les-documents-durbanisme\/","url_meta":{"origin":2390,"position":5},"title":"Mise en ligne d&rsquo;un guide national sur la TVB dans les documents d&rsquo;urbanisme","author":"Enviroscop","date":"1 octobre 2013","format":false,"excerpt":"Ce guide m\u00e9thodologique s'adresse en particulier aux collectivit\u00e9s charg\u00e9es d'\u00e9laborer ou de r\u00e9viser leur document d\u2019urbanisme, mais aussi aux acteurs et services les accompagnant dans ces d\u00e9marches. Il fait \u00e9tat des possibilit\u00e9s offertes par les dispositions actuelles du code de l\u2019urbanisme pour int\u00e9grer l\u2019enjeu Trame verte et bleue dans les\u2026","rel":"","context":"Dans &quot;France&quot;","block_context":{"text":"France","link":"https:\/\/www.enviroscop.fr\/actu\/category\/europe\/france\/"},"img":{"alt_text":"","src":"","width":0,"height":0},"classes":[]}],"jetpack_sharing_enabled":true,"_links":{"self":[{"href":"https:\/\/www.enviroscop.fr\/actu\/wp-json\/wp\/v2\/posts\/2390","targetHints":{"allow":["GET"]}}],"collection":[{"href":"https:\/\/www.enviroscop.fr\/actu\/wp-json\/wp\/v2\/posts"}],"about":[{"href":"https:\/\/www.enviroscop.fr\/actu\/wp-json\/wp\/v2\/types\/post"}],"author":[{"embeddable":true,"href":"https:\/\/www.enviroscop.fr\/actu\/wp-json\/wp\/v2\/users\/1"}],"replies":[{"embeddable":true,"href":"https:\/\/www.enviroscop.fr\/actu\/wp-json\/wp\/v2\/comments?post=2390"}],"version-history":[{"count":0,"href":"https:\/\/www.enviroscop.fr\/actu\/wp-json\/wp\/v2\/posts\/2390\/revisions"}],"wp:attachment":[{"href":"https:\/\/www.enviroscop.fr\/actu\/wp-json\/wp\/v2\/media?parent=2390"}],"wp:term":[{"taxonomy":"category","embeddable":true,"href":"https:\/\/www.enviroscop.fr\/actu\/wp-json\/wp\/v2\/categories?post=2390"},{"taxonomy":"post_tag","embeddable":true,"href":"https:\/\/www.enviroscop.fr\/actu\/wp-json\/wp\/v2\/tags?post=2390"}],"curies":[{"name":"wp","href":"https:\/\/api.w.org\/{rel}","templated":true}]}}