{"id":2393,"date":"2015-07-03T07:58:42","date_gmt":"2015-07-03T06:58:42","guid":{"rendered":"http:\/\/www.enviroscop.fr\/actu\/?p=2393"},"modified":"2015-07-03T07:58:42","modified_gmt":"2015-07-03T06:58:42","slug":"les-eoliennes-se-font-furtives-pour-echapper-aux-radars","status":"publish","type":"post","link":"https:\/\/www.enviroscop.fr\/actu\/2015\/07\/les-eoliennes-se-font-furtives-pour-echapper-aux-radars\/","title":{"rendered":"Les \u00e9oliennes se font plus furtives pour \u00e9chapper aux radars"},"content":{"rendered":"<p><a href=\"http:\/\/www.batiactu.com\/edito\/les-eoliennes-se-font-plus-furtives-pour-echapper--41645.php?utm_source=news_actu&amp;utm_medium=edito\"><img data-recalc-dims=\"1\" loading=\"lazy\" decoding=\"async\" class=\"  alignleft\" src=\"https:\/\/i0.wp.com\/www.enviroscop.fr\/actu\/wp-content\/uploads\/2015\/07\/20150702_121207_img0014.jpg?resize=207%2C155&#038;ssl=1\" alt=\"\" width=\"207\" height=\"155\" \/><\/a><\/p>\n<p class=\"bat_titrearticle\">Les \u00e9oliennes de l&rsquo;\u00e9co-parc catalan ont pouss\u00e9 au milieu des vignes du Roussillon mais leur cohabitation avec les radars avoisinants a n\u00e9cessit\u00e9 quelques adaptations. Les machines int\u00e8grent une technologie avanc\u00e9e de furtivit\u00e9 afin de r\u00e9duire leur \u00e9cho. Explications avec David Augeix, le directeur r\u00e9gional Sud d&rsquo;EDF Energies Nouvelles.<\/p>\n<p>L&rsquo;int\u00e9gralit\u00e9 de l&rsquo;article sur : <em><a href=\"http:\/\/www.batiactu.com\/edito\/les-eoliennes-se-font-plus-furtives-pour-echapper--41645.php\">Batiactu<\/a><\/em><\/p>\n","protected":false},"excerpt":{"rendered":"<p>Les \u00e9oliennes de l&rsquo;\u00e9co-parc catalan ont pouss\u00e9 au milieu des vignes du Roussillon mais leur cohabitation avec les radars avoisinants a n\u00e9cessit\u00e9 quelques adaptations. Les machines int\u00e8grent une technologie avanc\u00e9e de furtivit\u00e9 afin de r\u00e9duire leur \u00e9cho. Explications avec David Augeix, le directeur r\u00e9gional Sud d&rsquo;EDF Energies Nouvelles. L&rsquo;int\u00e9gralit\u00e9 de l&rsquo;article sur : Batiactu<\/p>\n","protected":false},"author":1,"featured_media":0,"comment_status":"open","ping_status":"open","sticky":false,"template":"","format":"standard","meta":{"jetpack_post_was_ever_published":false,"_jetpack_newsletter_access":"","_jetpack_dont_email_post_to_subs":false,"_jetpack_newsletter_tier_id":0,"_jetpack_memberships_contains_paywalled_content":false,"_jetpack_memberships_contains_paid_content":false,"footnotes":"","jetpack_publicize_message":"","jetpack_publicize_feature_enabled":true,"jetpack_social_post_already_shared":true,"jetpack_social_options":{"image_generator_settings":{"template":"highway","default_image_id":0,"font":"","enabled":false},"version":2}},"categories":[7,8,37],"tags":[],"class_list":["post-2393","post","type-post","status-publish","format-standard","hentry","category-energie","category-eolien","category-mesures","item-wrap"],"jetpack_publicize_connections":[],"jetpack_featured_media_url":"","jetpack_shortlink":"https:\/\/wp.me\/p3rXAp-CB","jetpack_likes_enabled":true,"jetpack-related-posts":[{"id":2052,"url":"https:\/\/www.enviroscop.fr\/actu\/2014\/09\/eoliennes-et-radars-larmee-envisagerait-une-etude-au-cas-par-cas\/","url_meta":{"origin":2393,"position":0},"title":"Eoliennes et radars : l&rsquo;arm\u00e9e envisagerait une \u00e9tude au cas par cas","author":"Enviroscop","date":"19 septembre 2014","format":false,"excerpt":"Il n'y aura pas d'interdiction globale mais une \u00e9tude au cas par cas des projets de parcs \u00e9oliens qui pourraient entrer en conflit avec des zones d'entra\u00eenement de l'arm\u00e9e ou des radars militaires, rapporte l'AFP ce mardi 16 septembre. \"Le ministre de la D\u00e9fense s'est personnellement engag\u00e9 \u00e0 ce qu'il\u2026","rel":"","context":"Dans &quot;Energie&quot;","block_context":{"text":"Energie","link":"https:\/\/www.enviroscop.fr\/actu\/category\/energie\/"},"img":{"alt_text":"","src":"","width":0,"height":0},"classes":[]},{"id":4305,"url":"https:\/\/www.enviroscop.fr\/actu\/2021\/06\/eoliennes-et-radars-militaires-nouvelle-instruction\/","url_meta":{"origin":2393,"position":1},"title":"Eoliennes et radars militaires, nouvelle instruction","author":"Enviroscop","date":"23 juin 2021","format":false,"excerpt":"L'arm\u00e9e a fait para\u00eetre, le 18\/06\/2021 sa nouvelle instruction relative aux traitement des dossiers obstacles qui concernent donc aussi les \u00e9oliennes. Vous pouvez la t\u00e9l\u00e9charger sur notre site.","rel":"","context":"Dans &quot;Circulaire&quot;","block_context":{"text":"Circulaire","link":"https:\/\/www.enviroscop.fr\/actu\/category\/juridique\/circulaire\/"},"img":{"alt_text":"","src":"https:\/\/i0.wp.com\/www.enviroscop.fr\/actu\/wp-content\/uploads\/2021\/06\/Capture-decran-2021-06-23-091837.jpg?resize=350%2C200","width":350,"height":200},"classes":[]},{"id":2102,"url":"https:\/\/www.enviroscop.fr\/actu\/2014\/10\/chauves-souris-et-eoliennes\/","url_meta":{"origin":2393,"position":2},"title":"Chauves-souris et \u00e9oliennes","author":"Enviroscop","date":"15 octobre 2014","format":false,"excerpt":"Une int\u00e9ressante \u00e9tude internationale sur les risques encourus par les chauves-souris \u00e0 proximit\u00e9 des \u00e9oliennes. Tous les suivis ont constat\u00e9 une mortalit\u00e9 surprenante des chiropt\u00e8res sur les parcs \u00e9oliens, mais les causes en sont inconnues. Des pics de mortalit\u00e9s ont \u00e9t\u00e9 observ\u00e9s pour des vitesses de vent peu \u00e9lev\u00e9es en\u2026","rel":"","context":"Dans &quot;biodiversit\u00e9&quot;","block_context":{"text":"biodiversit\u00e9","link":"https:\/\/www.enviroscop.fr\/actu\/category\/nature\/biodiversite\/"},"img":{"alt_text":"","src":"","width":0,"height":0},"classes":[]},{"id":2300,"url":"https:\/\/www.enviroscop.fr\/actu\/2015\/04\/sondage-exclusif-csa-demontre-la-large-acceptation-des-eoliennes-par-les-francais-habitant-a-proximite\/","url_meta":{"origin":2393,"position":3},"title":"Sondage exclusif CSA d\u00e9montre la large acceptation des \u00e9oliennes par les Fran\u00e7ais habitant \u00e0 proximit\u00e9","author":"Enviroscop","date":"14 avril 2015","format":false,"excerpt":"Transition \u00e9nerg\u00e9tique : alors que les d\u00e9put\u00e9s se penchent cette semaine sur un amendement proposant de multiplier par deux la distance minimale entre \u00e9oliennes et premi\u00e8res habitations, un sondage exclusif CSA d\u00e9montre l\u2019aberration d\u2019une telle mesure. Selon les riverains eux-m\u00eames, interrog\u00e9s, la r\u00e9glementation actuelle garantit d\u2019ores et d\u00e9j\u00e0 l\u2019acceptation des\u2026","rel":"","context":"Dans &quot;Energie&quot;","block_context":{"text":"Energie","link":"https:\/\/www.enviroscop.fr\/actu\/category\/energie\/"},"img":{"alt_text":"","src":"","width":0,"height":0},"classes":[]},{"id":269,"url":"https:\/\/www.enviroscop.fr\/actu\/2010\/12\/eoliennes-et-chauves-souris\/","url_meta":{"origin":2393,"position":4},"title":"Eoliennes et chauves-souris","author":"Enviroscop","date":"2 d\u00e9cembre 2010","format":false,"excerpt":"Eoliennes et chauves-souris ne font pas toujours bon m??nage. Notre confr??re Biotope a mis au point un syst??me qui limite les impacts n??gatifs de plus de moiti??, pour une tr??s faible perte de production. Partant du principe que les chauves-so...","rel":"","context":"Dans &quot;biodiversit\u00e9&quot;","block_context":{"text":"biodiversit\u00e9","link":"https:\/\/www.enviroscop.fr\/actu\/category\/nature\/biodiversite\/"},"img":{"alt_text":"","src":"","width":0,"height":0},"classes":[]},{"id":328,"url":"https:\/\/www.enviroscop.fr\/actu\/2012\/05\/un-nouvel-impact-cumulatif-a-etudier\/","url_meta":{"origin":2393,"position":5},"title":"Un nouvel impact cumulatif \u00e0 \u00e9tudier ?","author":"Enviroscop","date":"3 mai 2012","format":false,"excerpt":"Les ??oliennes produisent une ??nergie verte, mais cela signifie-t-il pour autant qu???elles n???ont pas d???impact sur leur environnement ? Une nouvelle ??tude satellitaire d??montre que les grandes fermes ??oliennes peuvent provoquer un r??chauffement local...","rel":"","context":"Dans &quot;Eolien&quot;","block_context":{"text":"Eolien","link":"https:\/\/www.enviroscop.fr\/actu\/category\/energie\/renouvelable\/eolien\/"},"img":{"alt_text":"","src":"","width":0,"height":0},"classes":[]}],"jetpack_sharing_enabled":true,"_links":{"self":[{"href":"https:\/\/www.enviroscop.fr\/actu\/wp-json\/wp\/v2\/posts\/2393","targetHints":{"allow":["GET"]}}],"collection":[{"href":"https:\/\/www.enviroscop.fr\/actu\/wp-json\/wp\/v2\/posts"}],"about":[{"href":"https:\/\/www.enviroscop.fr\/actu\/wp-json\/wp\/v2\/types\/post"}],"author":[{"embeddable":true,"href":"https:\/\/www.enviroscop.fr\/actu\/wp-json\/wp\/v2\/users\/1"}],"replies":[{"embeddable":true,"href":"https:\/\/www.enviroscop.fr\/actu\/wp-json\/wp\/v2\/comments?post=2393"}],"version-history":[{"count":0,"href":"https:\/\/www.enviroscop.fr\/actu\/wp-json\/wp\/v2\/posts\/2393\/revisions"}],"wp:attachment":[{"href":"https:\/\/www.enviroscop.fr\/actu\/wp-json\/wp\/v2\/media?parent=2393"}],"wp:term":[{"taxonomy":"category","embeddable":true,"href":"https:\/\/www.enviroscop.fr\/actu\/wp-json\/wp\/v2\/categories?post=2393"},{"taxonomy":"post_tag","embeddable":true,"href":"https:\/\/www.enviroscop.fr\/actu\/wp-json\/wp\/v2\/tags?post=2393"}],"curies":[{"name":"wp","href":"https:\/\/api.w.org\/{rel}","templated":true}]}}