{"id":2404,"date":"2015-07-20T10:57:35","date_gmt":"2015-07-20T09:57:35","guid":{"rendered":"http:\/\/www.enviroscop.fr\/actu\/?p=2404"},"modified":"2015-07-20T10:57:35","modified_gmt":"2015-07-20T09:57:35","slug":"les-francais-face-aux-risques-environnementaux-ministere-du-developpement-durable","status":"publish","type":"post","link":"https:\/\/www.enviroscop.fr\/actu\/2015\/07\/les-francais-face-aux-risques-environnementaux-ministere-du-developpement-durable\/","title":{"rendered":"Les Fran\u00e7ais face aux risques environnementaux &#8211; Minist\u00e8re du D\u00e9veloppement durable"},"content":{"rendered":"<div class=\"btc_left\"><img data-recalc-dims=\"1\" loading=\"lazy\" decoding=\"async\" class=\"spip_logos alignleft\" title=\"les Fran\u00e7ais face aux risques environnementaux\" src=\"https:\/\/i0.wp.com\/www.developpement-durable.gouv.fr\/IMG\/arton44138.jpg?resize=150%2C213\" alt=\"les Fran\u00e7ais face aux risques environnementaux - \" width=\"150\" height=\"213\" \/><\/div>\n<div class=\"btc_right list_articlelong_fkc\"><\/div>\n<div class=\"btc_right list_articlelong_fkc\">\n<div class=\"border_classic\">\u00a0Cette publication pr\u00e9sente les r\u00e9sultats d\u2019une enqu\u00eate r\u00e9alis\u00e9e fin 2013 aupr\u00e8s de 4700 personnes r\u00e9sidant en France m\u00e9tropolitaine et dans les d\u00e9partements d\u2019outre-mer. L\u2019objectif de cette enqu\u00eate \u00e9tait de saisir comment les Fran\u00e7ais per\u00e7oivent les risques naturels (inondation, s\u00e9ismes, risques climatiques, cyclones, etc.) et technologiques (risques industriels et nucl\u00e9aires) auxquels ils sont potentiellement expos\u00e9s.<\/div>\n<\/div>\n<p>L&rsquo;int\u00e9gralit\u00e9 de l&rsquo;article et t\u00e9l\u00e9chargement du document sur : <em><a href=\"http:\/\/www.developpement-durable.gouv.fr\/Les-Francais-face-aux-risques.html\">Les Fran\u00e7ais face aux risques environnementaux &#8211; Minist\u00e8re du D\u00e9veloppement durable<\/a><\/em><\/p>\n","protected":false},"excerpt":{"rendered":"<p>\u00a0Cette publication pr\u00e9sente les r\u00e9sultats d\u2019une enqu\u00eate r\u00e9alis\u00e9e fin 2013 aupr\u00e8s de 4700 personnes r\u00e9sidant en France m\u00e9tropolitaine et dans les d\u00e9partements d\u2019outre-mer. L\u2019objectif de cette enqu\u00eate \u00e9tait de saisir comment les Fran\u00e7ais per\u00e7oivent les risques naturels (inondation, s\u00e9ismes, risques climatiques, cyclones, etc.) et technologiques (risques industriels et nucl\u00e9aires) auxquels ils sont potentiellement expos\u00e9s. L&rsquo;int\u00e9gralit\u00e9 &hellip; <\/p>\n<p><a class=\"more-link btn\" href=\"https:\/\/www.enviroscop.fr\/actu\/2015\/07\/les-francais-face-aux-risques-environnementaux-ministere-du-developpement-durable\/\">Lire la suite<\/a><\/p>\n","protected":false},"author":1,"featured_media":0,"comment_status":"open","ping_status":"open","sticky":false,"template":"","format":"standard","meta":{"jetpack_post_was_ever_published":false,"_jetpack_newsletter_access":"","_jetpack_dont_email_post_to_subs":false,"_jetpack_newsletter_tier_id":0,"_jetpack_memberships_contains_paywalled_content":false,"_jetpack_memberships_contains_paid_content":false,"footnotes":"","jetpack_publicize_message":"","jetpack_publicize_feature_enabled":true,"jetpack_social_post_already_shared":true,"jetpack_social_options":{"image_generator_settings":{"template":"highway","default_image_id":0,"font":"","enabled":false},"version":2}},"categories":[68,33,46],"tags":[],"class_list":["post-2404","post","type-post","status-publish","format-standard","hentry","category-france","category-indicateur","category-risque","item-wrap"],"jetpack_publicize_connections":[],"jetpack_featured_media_url":"","jetpack_shortlink":"https:\/\/wp.me\/p3rXAp-CM","jetpack_likes_enabled":true,"jetpack-related-posts":[{"id":2111,"url":"https:\/\/www.enviroscop.fr\/actu\/2014\/10\/le-sentiment-dexposition-aux-risques-environnementaux-ministere-du-developpement-durable\/","url_meta":{"origin":2404,"position":0},"title":"Le sentiment d\u2019exposition aux risques environnementaux","author":"Enviroscop","date":"21 octobre 2014","format":false,"excerpt":"\u00a0 Chiffres et statistiques - Num\u00e9ro 567 - Octobre 2014 Interrog\u00e9s \u00e0 six ans d\u2019intervalle sur leur sentiment d\u2019exposition aux risques environnementaux, les Fran\u00e7ais semblent moins inquiets en 2013 qu\u2019ils ne l\u2019\u00e9taient en 2007. S\u2019ils expriment une forte pr\u00e9occupation \u00e0 l\u2019\u00e9gard des risques induits par la pollution atmosph\u00e9rique, une grande\u2026","rel":"","context":"Dans &quot;France&quot;","block_context":{"text":"France","link":"https:\/\/www.enviroscop.fr\/actu\/category\/europe\/france\/"},"img":{"alt_text":"le sentiment d'exposition aux risques environnementaux - ","src":"https:\/\/i0.wp.com\/www.developpement-durable.gouv.fr\/IMG\/arton41179.jpg?resize=350%2C200","width":350,"height":200},"classes":[]},{"id":1071,"url":"https:\/\/www.enviroscop.fr\/actu\/2013\/05\/creation-du-cerema\/","url_meta":{"origin":2404,"position":1},"title":"Cr\u00e9ation du CEREMA","author":"Enviroscop","date":"29 mai 2013","format":false,"excerpt":"Un nouvel \u00e9tablissement public pour le r\u00e9seau scientifique et technique \u00e0 partir du 1er janvier 2014 La loi portant sur les infrastructures et services de transports a \u00e9t\u00e9 promulgu\u00e9e ce jour permettant ainsi la cr\u00e9ation du CEREMA (centre d\u2019\u00e9tudes et d\u2019expertise sur les risques, l\u2019environnement, la mobilit\u00e9 et l\u2019am\u00e9nagement). R\u00e9pondant\u2026","rel":"","context":"Dans &quot;France&quot;","block_context":{"text":"France","link":"https:\/\/www.enviroscop.fr\/actu\/category\/europe\/france\/"},"img":{"alt_text":"","src":"","width":0,"height":0},"classes":[]},{"id":2192,"url":"https:\/\/www.enviroscop.fr\/actu\/2015\/01\/consultation-eau-inondation-milieu-marin\/","url_meta":{"origin":2404,"position":2},"title":"Consultation eau &#8211; inondation &#8211; milieu marin","author":"Enviroscop","date":"6 janvier 2015","format":false,"excerpt":"De nouveaux plans de gestion portant sur l\u2019eau, les risques d\u2019inondation et le milieu marin sont en cours d\u2019\u00e9laboration. Ils sont soumis \u00e0 l\u2019avis du public avant leur adoption fin 2015. Dans chaque bassin hydrographique, le sch\u00e9ma directeur d\u2019am\u00e9nagement et de gestion des eaux et son programme de mesures, d\u2019une\u2026","rel":"","context":"Dans &quot;Climat&quot;","block_context":{"text":"Climat","link":"https:\/\/www.enviroscop.fr\/actu\/category\/climat\/"},"img":{"alt_text":"","src":"","width":0,"height":0},"classes":[]},{"id":5172,"url":"https:\/\/www.enviroscop.fr\/actu\/2023\/02\/adaptation-au-changement-climatique-un-comite-de-pilotage-ministeriel-charge-de-preparer-une-nouvelle-strategie\/","url_meta":{"origin":2404,"position":3},"title":"Adaptation au changement climatique : un comit\u00e9 de pilotage minist\u00e9riel charg\u00e9 de pr\u00e9parer une nouvelle strat\u00e9gie","author":"Enviroscop","date":"24 f\u00e9vrier 2023","format":false,"excerpt":"Christophe B\u00e9chu a install\u00e9 ce 23 f\u00e9vrier un comit\u00e9 de pilotage minist\u00e9riel sur l'adaptation au changement climatique. Ce comit\u00e9, qui s'appuie sur un rapport de l'inspection g\u00e9n\u00e9rale de l'environnement et du d\u00e9veloppement durable rendu public ce m\u00eame jour par le ministre de la Transition \u00e9cologique, devra travailler sur des sc\u00e9narios\u2026","rel":"","context":"Dans &quot;Activit\u00e9&quot;","block_context":{"text":"Activit\u00e9","link":"https:\/\/www.enviroscop.fr\/actu\/category\/activite\/"},"img":{"alt_text":"changement climatique","src":"https:\/\/i0.wp.com\/www.banquedesterritoires.fr\/sites\/default\/files\/styles\/landscape_auto_crop\/public\/2023-02\/mijhgmkjhkjhjhhhjhhjjhjh.jpg?resize=350%2C200&ssl=1","width":350,"height":200,"srcset":"https:\/\/i0.wp.com\/www.banquedesterritoires.fr\/sites\/default\/files\/styles\/landscape_auto_crop\/public\/2023-02\/mijhgmkjhkjhjhhhjhhjjhjh.jpg?resize=350%2C200&ssl=1 1x, https:\/\/i0.wp.com\/www.banquedesterritoires.fr\/sites\/default\/files\/styles\/landscape_auto_crop\/public\/2023-02\/mijhgmkjhkjhjhhhjhhjjhjh.jpg?resize=525%2C300&ssl=1 1.5x, https:\/\/i0.wp.com\/www.banquedesterritoires.fr\/sites\/default\/files\/styles\/landscape_auto_crop\/public\/2023-02\/mijhgmkjhkjhjhhhjhhjjhjh.jpg?resize=700%2C400&ssl=1 2x"},"classes":[]},{"id":1341,"url":"https:\/\/www.enviroscop.fr\/actu\/2013\/08\/icpe-circulaire-du-9-aout-2013-relative-a-la-demarche-de-prevention-et-de-gestion-des-risques-sanitaires-des-installations-classees-soumises-a-autorisation-gossement-avocat-paris-blog-environnem\/","url_meta":{"origin":2404,"position":4},"title":"ICPE : Circulaire du 9 ao\u00fbt 2013 relative \u00e0 la d\u00e9marche de pr\u00e9vention et de gestion des risques sanitaires des installations class\u00e9es soumises \u00e0 autorisation &#8211; Gossement Avocat Paris &#8211; Blog Environnement et d\u00e9veloppement durable","author":"Enviroscop","date":"20 ao\u00fbt 2013","format":false,"excerpt":"Le Minist\u00e8re de l'\u00e9cologie vient de publier la circulaire du 9 ao\u00fbt 2013 relative \u00e0 la d\u00e9marche de pr\u00e9vention et de gestion des risques sanitaires des installations class\u00e9es soumises \u00e0 autorisation. La notice de pr\u00e9sentation pr\u00e9cise : \"R\u00e9sum\u00e9\u00a0: Depuis 1997, la r\u00e9glementation impose une analyse des effets directs et indirects,\u2026","rel":"","context":"Dans &quot;Circulaire&quot;","block_context":{"text":"Circulaire","link":"https:\/\/www.enviroscop.fr\/actu\/category\/juridique\/circulaire\/"},"img":{"alt_text":"","src":"","width":0,"height":0},"classes":[]},{"id":2142,"url":"https:\/\/www.enviroscop.fr\/actu\/2014\/11\/plan-national-sante-environnement-les-nouvelles-mesures-ministere-du-developpement-durable\/","url_meta":{"origin":2404,"position":5},"title":"Plan national sant\u00e9 environnement : les nouvelles mesures &#8211; Minist\u00e8re du D\u00e9veloppement durable","author":"Enviroscop","date":"17 novembre 2014","format":false,"excerpt":"L\u2019environnement joue un r\u00f4le majeur sur la sant\u00e9 et sa d\u00e9gradation entra\u00eene des atteintes parfois tr\u00e8s graves. S\u00e9gol\u00e8ne Royal et Marisol Touraine, Ministre des Affaires sociales, de la Sant\u00e9 et des Droits des femmes ont pr\u00e9sent\u00e9 le nouveau plan sant\u00e9-environnement (PNSE), en Conseil des Ministres le 12 novembre. Il mobilise\u2026","rel":"","context":"Dans &quot;Enviroscop&quot;","block_context":{"text":"Enviroscop","link":"https:\/\/www.enviroscop.fr\/actu\/category\/non-classe\/"},"img":{"alt_text":"","src":"","width":0,"height":0},"classes":[]}],"jetpack_sharing_enabled":true,"_links":{"self":[{"href":"https:\/\/www.enviroscop.fr\/actu\/wp-json\/wp\/v2\/posts\/2404","targetHints":{"allow":["GET"]}}],"collection":[{"href":"https:\/\/www.enviroscop.fr\/actu\/wp-json\/wp\/v2\/posts"}],"about":[{"href":"https:\/\/www.enviroscop.fr\/actu\/wp-json\/wp\/v2\/types\/post"}],"author":[{"embeddable":true,"href":"https:\/\/www.enviroscop.fr\/actu\/wp-json\/wp\/v2\/users\/1"}],"replies":[{"embeddable":true,"href":"https:\/\/www.enviroscop.fr\/actu\/wp-json\/wp\/v2\/comments?post=2404"}],"version-history":[{"count":0,"href":"https:\/\/www.enviroscop.fr\/actu\/wp-json\/wp\/v2\/posts\/2404\/revisions"}],"wp:attachment":[{"href":"https:\/\/www.enviroscop.fr\/actu\/wp-json\/wp\/v2\/media?parent=2404"}],"wp:term":[{"taxonomy":"category","embeddable":true,"href":"https:\/\/www.enviroscop.fr\/actu\/wp-json\/wp\/v2\/categories?post=2404"},{"taxonomy":"post_tag","embeddable":true,"href":"https:\/\/www.enviroscop.fr\/actu\/wp-json\/wp\/v2\/tags?post=2404"}],"curies":[{"name":"wp","href":"https:\/\/api.w.org\/{rel}","templated":true}]}}