{"id":2407,"date":"2015-07-20T13:04:13","date_gmt":"2015-07-20T12:04:13","guid":{"rendered":"http:\/\/www.enviroscop.fr\/actu\/?p=2407"},"modified":"2015-07-20T13:04:13","modified_gmt":"2015-07-20T12:04:13","slug":"lappel-a-projets-anr-emr-2015-lance-france-energies-marines","status":"publish","type":"post","link":"https:\/\/www.enviroscop.fr\/actu\/2015\/07\/lappel-a-projets-anr-emr-2015-lance-france-energies-marines\/","title":{"rendered":"L&rsquo;Appel \u00e0 Projets ANR EMR 2015 lanc\u00e9"},"content":{"rendered":"<p><a href=\"http:\/\/www.france-energies-marines.org\/Actualites\/Quoi-de-neuf\/L-Appel-a-Projets-ANR-EMR-2015-lance\"><img data-recalc-dims=\"1\" decoding=\"async\" class=\"alignnone size-full\" src=\"https:\/\/i0.wp.com\/www.enviroscop.fr\/actu\/wp-content\/uploads\/2015\/07\/Wave_reduite.png_content_embed_page.png?w=750&#038;ssl=1\" alt=\"\" \/><\/a>La signature de l\u2019accord entre l\u2019ANR et FEM permet l&rsquo;ouverture de l&rsquo;Appel \u00e0 Projets EMR 2015.<\/p>\n<p>Appel \u00e0 projets EMR de l\u2019ANR dans le cadre de l\u2019action \u00ab Instituts pour la Transition Energ\u00e9tique \u00bb<\/p>\n<p>Appel \u00e0 Projet lanc\u00e9 par l\u2019ANR en liaison avec FEM<\/p>\n<p>Soutenir le d\u00e9veloppement de la fili\u00e8re fran\u00e7aise des Energies Marines Renouvelables<\/p>\n<p>Etablissement de connaissances et d\u2019outils pr\u00e9-comp\u00e9titifs de recherche amont et industrielle<\/p>\n<p>Budget total de cofinancement IA de 4 M\u20ac pour 2015, 10 M\u20ac en 3 AAP sur 2015-2017<\/p>\n<p>Co-financement de projets d\u2019une dur\u00e9e maximale de 3 ans<\/p>\n<p>Co-financement de projets collaboratifs public-priv\u00e9 ou internes FEM<\/p>\n<p>Lancement le 10 juillet 2015, s\u00e9lection des projets fin 2015<\/p>\n<p>Tout projet mobilise a minima 50 k\u20ac d\u2019Investissements de l&rsquo;Avenir et a maxima 2 M\u20ac<\/p>\n<p>Source\u00a0: <em><a href=\"http:\/\/www.france-energies-marines.org\/Actualites\/Quoi-de-neuf\/L-Appel-a-Projets-ANR-EMR-2015-lance\">L&rsquo;Appel \u00e0 Projets ANR EMR 2015 lanc\u00e9! &#8211; France Energies Marines<\/a><\/em><\/p>\n","protected":false},"excerpt":{"rendered":"<p>La signature de l\u2019accord entre l\u2019ANR et FEM permet l&rsquo;ouverture de l&rsquo;Appel \u00e0 Projets EMR 2015. Appel \u00e0 projets EMR de l\u2019ANR dans le cadre de l\u2019action \u00ab Instituts pour la Transition Energ\u00e9tique \u00bb Appel \u00e0 Projet lanc\u00e9 par l\u2019ANR en liaison avec FEM Soutenir le d\u00e9veloppement de la fili\u00e8re fran\u00e7aise des Energies Marines Renouvelables &hellip; <\/p>\n<p><a class=\"more-link btn\" href=\"https:\/\/www.enviroscop.fr\/actu\/2015\/07\/lappel-a-projets-anr-emr-2015-lance-france-energies-marines\/\">Lire la suite<\/a><\/p>\n","protected":false},"author":1,"featured_media":0,"comment_status":"open","ping_status":"open","sticky":false,"template":"","format":"standard","meta":{"jetpack_post_was_ever_published":false,"_jetpack_newsletter_access":"","_jetpack_dont_email_post_to_subs":false,"_jetpack_newsletter_tier_id":0,"_jetpack_memberships_contains_paywalled_content":false,"_jetpack_memberships_contains_paid_content":false,"footnotes":"","jetpack_publicize_message":"","jetpack_publicize_feature_enabled":true,"jetpack_social_post_already_shared":true,"jetpack_social_options":{"image_generator_settings":{"template":"highway","default_image_id":0,"font":"","enabled":false},"version":2}},"categories":[7,68,72],"tags":[],"class_list":["post-2407","post","type-post","status-publish","format-standard","hentry","category-energie","category-france","category-marine","item-wrap"],"jetpack_publicize_connections":[],"jetpack_featured_media_url":"","jetpack_shortlink":"https:\/\/wp.me\/p3rXAp-CP","jetpack_likes_enabled":true,"jetpack-related-posts":[{"id":1701,"url":"https:\/\/www.enviroscop.fr\/actu\/2014\/01\/un-nouvel-appel-a-projets-pour-la-transition-energetique-et-ecologique-energies-enerzine-com\/","url_meta":{"origin":2407,"position":0},"title":"Un nouvel appel \u00e0 projets pour la transition \u00e9nerg\u00e9tique et \u00e9cologique > Energies &#8211; Enerzine.com","author":"Enviroscop","date":"3 janvier 2014","format":false,"excerpt":"Un nouvel appel \u00e0 projets pour la transition \u00e9nerg\u00e9tique et \u00e9cologique\u00a0\u00a0Le gouvernement a proc\u00e9d\u00e9 le 24 d\u00e9cembre dernier au lancement d'un deuxi\u00e8me appel \u00e0 projets dans le cadre de l'action \u00ab Financement de l'Economie Sociale et Solidaire \u00bb du Programme d'Investissements d'Avenir PIA. Forte du succ\u00e8s rencontr\u00e9 par le premier\u2026","rel":"","context":"Dans &quot;durable&quot;","block_context":{"text":"durable","link":"https:\/\/www.enviroscop.fr\/actu\/category\/durable\/"},"img":{"alt_text":"","src":"","width":0,"height":0},"classes":[]},{"id":78,"url":"https:\/\/www.enviroscop.fr\/actu\/2012\/09\/lademe-lance-le-5e-appel-a-projets-biomasse-c\/","url_meta":{"origin":2407,"position":1},"title":"L&rsquo;ADEME lance le 5e appel \u00e0 projets Biomasse, Chaleur, Industrie, Agriculture et Tertiaire","author":"Enviroscop","date":"21 septembre 2012","format":false,"excerpt":"G??r?? par l???ADEME, le Fonds Chaleur a pour objectif de soutenir le d??veloppement de la production de chaleur partir de sources renouvelables et s???adresse tous les ma??tres d???ouvrage. Lanc?? en 2008, il a permis d???acc??l??rer la r??...","rel":"","context":"Dans &quot;ADEME&quot;","block_context":{"text":"ADEME","link":"https:\/\/www.enviroscop.fr\/actu\/category\/source\/ademe\/"},"img":{"alt_text":"","src":"","width":0,"height":0},"classes":[]},{"id":2226,"url":"https:\/\/www.enviroscop.fr\/actu\/2015\/01\/lappel-a-projets-plans-de-paysage-2015-est-lance\/","url_meta":{"origin":2407,"position":2},"title":"L&rsquo;appel \u00e0 projets \u00ab\u00a0plans de paysage\u00a0\u00bb 2015 est lanc\u00e9","author":"Enviroscop","date":"22 janvier 2015","format":false,"excerpt":"Le minist\u00e8re lance un nouvel appel \u00e0 projets \"Plans de paysage\" pour mieux prendre en compte le paysage dans les politiques publiques. Les dossiers de candidatures sont \u00e0 d\u00e9poser avant le 15 f\u00e9vrier 2015 aupr\u00e8s des Directions r\u00e9gionales de l\u2019environnement, de l\u2019am\u00e9nagement et du logement (DREAL) de chaque territoire. Toutes\u2026","rel":"","context":"Dans &quot;Minist\u00e8re&quot;","block_context":{"text":"Minist\u00e8re","link":"https:\/\/www.enviroscop.fr\/actu\/category\/juridique\/ministere\/"},"img":{"alt_text":"","src":"","width":0,"height":0},"classes":[]},{"id":2313,"url":"https:\/\/www.enviroscop.fr\/actu\/2015\/04\/haute-normandie-appel-a-projets-biodiversite-2015\/","url_meta":{"origin":2407,"position":3},"title":"Haute-Normandie : Appel \u00e0 projets Biodiversit\u00e9 2015","author":"Enviroscop","date":"24 avril 2015","format":false,"excerpt":"Dans le cadre de la Strat\u00e9gie R\u00e9gionale de la Biodiversit\u00e9, initi\u00e9e en partenariat avec l\u2019Etat, le Sch\u00e9ma R\u00e9gional de Coh\u00e9rence Ecologique a \u00e9t\u00e9 adopt\u00e9 le 18 novembre 2014. Ce sch\u00e9ma d\u00e9finit la Trame Verte et Bleue r\u00e9gionale qui doit d\u00e9sormais \u00eatre d\u00e9clin\u00e9e \u00e0 l\u2019\u00e9chelle locale. Pour mettre en application les\u2026","rel":"","context":"Dans &quot;Enviroscop&quot;","block_context":{"text":"Enviroscop","link":"https:\/\/www.enviroscop.fr\/actu\/category\/non-classe\/"},"img":{"alt_text":"","src":"https:\/\/i0.wp.com\/www.enviroscop.fr\/actu\/wp-content\/uploads\/2015\/04\/Lisiere_medium.jpg?resize=350%2C200","width":350,"height":200},"classes":[]},{"id":4943,"url":"https:\/\/www.enviroscop.fr\/actu\/2022\/09\/des-projets-dintelligence-artificielle-frugale-au-service-des-territoires\/","url_meta":{"origin":2407,"position":4},"title":"Des projets d\u2019intelligence artificielle frugale au service des territoires","author":"Enviroscop","date":"13 septembre 2022","format":false,"excerpt":"Lanc\u00e9 le 13 juillet jusqu\u2019au 07 novembre, l\u2019appel \u00e0 projets \u00ab D\u00e9monstrateurs d\u2019IA frugale dans les territoires pour la Transition \u00e9cologique \u00bb est dot\u00e9 de 40 millions d\u2019euros sur cinq ans. La communaut\u00e9 des acteurs de l\u2019Intelligence artificielle appuie l\u2019appel \u00e0 projets \u00ab D\u00e9monstrateurs d\u2019IA frugale dans les territoires pour\u2026","rel":"","context":"Dans &quot;Activit\u00e9&quot;","block_context":{"text":"Activit\u00e9","link":"https:\/\/www.enviroscop.fr\/actu\/category\/activite\/"},"img":{"alt_text":"Des projets d\u2019intelligence artificielle frugale au service des territoires \u00a0","src":"https:\/\/i0.wp.com\/www.environnement-magazine.fr\/e-docs\/00\/02\/25\/D3\/des-projets-intelligence-artificielle-frugale-service-des-territoires_620x350.jpg?resize=350%2C200&ssl=1","width":350,"height":200},"classes":[]},{"id":2702,"url":"https:\/\/www.enviroscop.fr\/actu\/2016\/11\/resultats-des-appels-a-projets-eolien-flottant-energies-marines\/","url_meta":{"origin":2407,"position":5},"title":"R\u00e9sultats des appels \u00e0 projets \u00e9olien flottant et \u00e9nergies marines","author":"Enviroscop","date":"4 novembre 2016","format":false,"excerpt":"Deux nouveaux laur\u00e9ats de l'appel \u00e0 projets fermes pilotes pour l'\u00e9olien flottant : le projet PGL port\u00e9 par EDF EN, avec des turbines Siemens et des flotteurs SBM\/IFPEN, sur la zone de Faraman en M\u00e9diterran\u00e9e qui se compose de 3 \u00e9oliennes de 8 MW ; le projet EFGL port\u00e9 par\u2026","rel":"","context":"Dans &quot;Eolien&quot;","block_context":{"text":"Eolien","link":"https:\/\/www.enviroscop.fr\/actu\/category\/energie\/renouvelable\/eolien\/"},"img":{"alt_text":"","src":"","width":0,"height":0},"classes":[]}],"jetpack_sharing_enabled":true,"_links":{"self":[{"href":"https:\/\/www.enviroscop.fr\/actu\/wp-json\/wp\/v2\/posts\/2407","targetHints":{"allow":["GET"]}}],"collection":[{"href":"https:\/\/www.enviroscop.fr\/actu\/wp-json\/wp\/v2\/posts"}],"about":[{"href":"https:\/\/www.enviroscop.fr\/actu\/wp-json\/wp\/v2\/types\/post"}],"author":[{"embeddable":true,"href":"https:\/\/www.enviroscop.fr\/actu\/wp-json\/wp\/v2\/users\/1"}],"replies":[{"embeddable":true,"href":"https:\/\/www.enviroscop.fr\/actu\/wp-json\/wp\/v2\/comments?post=2407"}],"version-history":[{"count":0,"href":"https:\/\/www.enviroscop.fr\/actu\/wp-json\/wp\/v2\/posts\/2407\/revisions"}],"wp:attachment":[{"href":"https:\/\/www.enviroscop.fr\/actu\/wp-json\/wp\/v2\/media?parent=2407"}],"wp:term":[{"taxonomy":"category","embeddable":true,"href":"https:\/\/www.enviroscop.fr\/actu\/wp-json\/wp\/v2\/categories?post=2407"},{"taxonomy":"post_tag","embeddable":true,"href":"https:\/\/www.enviroscop.fr\/actu\/wp-json\/wp\/v2\/tags?post=2407"}],"curies":[{"name":"wp","href":"https:\/\/api.w.org\/{rel}","templated":true}]}}