{"id":242,"date":"2012-09-11T06:17:00","date_gmt":"2012-09-11T06:17:00","guid":{"rendered":"http:\/\/actu.enviroscop.com\/eviter-reduire-compenser-7572"},"modified":"2013-04-29T12:55:07","modified_gmt":"2013-04-29T11:55:07","slug":"eviter-reduire-compenser-7572","status":"publish","type":"post","link":"https:\/\/www.enviroscop.fr\/actu\/2012\/09\/eviter-reduire-compenser-7572\/","title":{"rendered":"Eviter, r\u00e9duire, compenser"},"content":{"rendered":"<p style=\"padding: 0; margin: 0 0 10px; font-family: Helvetica Light, Helvetica, Arial, sans-serif; font-size: 14px; line-height: 18.200000762939px;\">Les questions environnementales doivent faire partie des donn\u00e9es de conception des projets au\u00a0m\u00eame titre que les autres \u00e9l\u00e9ments techniques, financiers, etc. Cette conception doit tout d&rsquo;abord\u00a0s&rsquo;attacher \u00e0 \u00e9viter les impacts sur l&rsquo;environnement, y compris au niveau des choix fondamentaux\u00a0li\u00e9s au projet (nature du projet, localisation, voire opportunit\u00e9). Cette phase est essentielle et\u00a0pr\u00e9alable \u00e0 toutes les autres actions consistant \u00e0 minimiser les impacts environnementaux des\u00a0projets, c&rsquo;est-\u00e0-dire \u00e0 r\u00e9duire au maximum ces impacts et en dernier lieu, si besoin, \u00e0 compenser\u00a0les impacts r\u00e9siduels apr\u00e8s \u00e9vitement et r\u00e9duction. C&rsquo;est en ce sens et compte-tenu de cet ordre\u00a0que l&rsquo;on parle de \u00ab s\u00e9quence \u00e9viter, r\u00e9duire, compenser \u00bb.<\/p>\n<p style=\"padding: 0; margin: 0 0 10px; font-family: Helvetica Light, Helvetica, Arial, sans-serif; font-size: 14px; line-height: 18.200000762939px;\"><a style=\"padding: 0; margin: 0; color: #24b731; text-decoration: none;\" href=\"http:\/\/www.developpement-durable.gouv.fr\/IMG\/pdf\/doctrineERC-vpost-COPIL6mars2012vdef-2.pdf\" target=\"_blank\">La doctrine du Minist\u00e8re est t\u00e9l\u00e9chargeable ICI.<\/a><\/p>\n<p>&nbsp;<\/p>\n","protected":false},"excerpt":{"rendered":"<p>Les questions environnementales doivent faire partie des donn??es de conception des projets au m??me titre que les autres ??l??ments techniques, financiers, etc. Cette conception doit tout d&rsquo;abord s&rsquo;attacher   ??viter les impacts sur l&rsquo;environnem&#8230;<\/p>\n","protected":false},"author":1,"featured_media":0,"comment_status":"open","ping_status":"open","sticky":false,"template":"","format":"standard","meta":{"jetpack_post_was_ever_published":false,"_jetpack_newsletter_access":"","_jetpack_dont_email_post_to_subs":false,"_jetpack_newsletter_tier_id":0,"_jetpack_memberships_contains_paywalled_content":false,"_jetpack_memberships_contains_paid_content":false,"footnotes":"","jetpack_publicize_message":"","jetpack_publicize_feature_enabled":true,"jetpack_social_post_already_shared":false,"jetpack_social_options":{"image_generator_settings":{"template":"highway","default_image_id":0,"font":"","enabled":false},"version":2}},"categories":[9,38],"tags":[],"class_list":["post-242","post","type-post","status-publish","format-standard","hentry","category-etude-dimpact","category-ministere","item-wrap"],"jetpack_publicize_connections":[],"jetpack_featured_media_url":"","jetpack_shortlink":"https:\/\/wp.me\/p3rXAp-3U","jetpack_likes_enabled":true,"jetpack-related-posts":[{"id":2779,"url":"https:\/\/www.enviroscop.fr\/actu\/2017\/03\/la-sequence-eviter-reduire-compenser-dispositif-consolide\/","url_meta":{"origin":242,"position":0},"title":"La s\u00e9quence \u00e9viter, r\u00e9duire et compenser : un dispositif consolid\u00e9","author":"Enviroscop","date":"28 mars 2017","format":false,"excerpt":"La s\u00e9quence \u00ab\u00a0\u00e9viter, r\u00e9duire, compenser\u00a0\u00bb a pour objectif d\u2019\u00e9viter les atteintes \u00e0 l\u2019environnement, de r\u00e9duire celles qui n\u2019ont pu \u00eatre suffisamment \u00e9vit\u00e9es et, si pos\u00adsible, de compenser les effets notables qui n\u2019ont pu \u00eatre ni \u00e9vit\u00e9s, ni suffisamment r\u00e9duits. Elle s\u2019ap\u00adplique aux pro\u00adjets et aux plans et programmes sou\u00admis \u00e0\u2026","rel":"","context":"Dans &quot;Etude d'impact&quot;","block_context":{"text":"Etude d'impact","link":"https:\/\/www.enviroscop.fr\/actu\/category\/evaluation\/etude-dimpact\/"},"img":{"alt_text":"","src":"","width":0,"height":0},"classes":[]},{"id":4278,"url":"https:\/\/www.enviroscop.fr\/actu\/2021\/06\/eviter-reduire-compenser-un-guide-pour-mettre-en-oeuvre-lapproche-standardisee-du-dimensionnement-de-la-compensation-ecologique\/","url_meta":{"origin":242,"position":1},"title":"Eviter, R\u00e9duire, Compenser : un guide pour mettre en \u0153uvre l\u2019Approche standardis\u00e9e du dimensionnement de la compensation \u00e9cologique","author":"Enviroscop","date":"4 juin 2021","format":false,"excerpt":"Le guide \"\u2019Approche standardis\u00e9e du dimensionnement de la compensation \u00e9cologique\" pr\u00e9sente un\u00a0cadre harmonisant les\u00a0pratiques de dimensionnement\u00a0en garantissant le respect des principes r\u00e9glementaires qui r\u00e9gissent la compensation, en les traduisant en des termes op\u00e9rationnels dans un mode op\u00e9ratoire structur\u00e9 par \u00e9tapes. L\u2019Approche standardis\u00e9e\u00a0propose ainsi des outils facilitant la conception des mesures\u2026","rel":"","context":"Dans &quot;Air&quot;","block_context":{"text":"Air","link":"https:\/\/www.enviroscop.fr\/actu\/category\/compartiments\/air\/"},"img":{"alt_text":"","src":"","width":0,"height":0},"classes":[]},{"id":1499,"url":"https:\/\/www.enviroscop.fr\/actu\/2013\/10\/lignes-directrices-nationales-sur-la-sequence-eviter-reduire-et-compenser-les-impacts-sur-les-milieux-naturel\/","url_meta":{"origin":242,"position":2},"title":"Lignes directrices nationales sur la s\u00e9quence \u00e9viter, r\u00e9duire et compenser les impacts sur les milieux naturel","author":"Enviroscop","date":"4 octobre 2013","format":false,"excerpt":"La strat\u00e9gie de la biodiversit\u00e9 de l\u2019Union europ\u00e9enne vise \u00e0 enrayer la perte de biodiversit\u00e9 et la d\u00e9gradation des \u00e9cosyst\u00e8mes d\u2019ici \u00e0 2020 en d\u00e9finissant six objectifs prioritaires. L\u2019un d\u2019eux - pr\u00e9server et am\u00e9liorer les \u00e9cosyst\u00e8mes et leurs services - mentionne l\u2019\u00e9vitement de \u00ab\u00a0toute perte nette pour les \u00e9cosyst\u00e8mes et\u2026","rel":"","context":"Dans &quot;DREAL&quot;","block_context":{"text":"DREAL","link":"https:\/\/www.enviroscop.fr\/actu\/category\/source\/dreal\/"},"img":{"alt_text":"","src":"https:\/\/i0.wp.com\/www.enviroscop.fr\/actu\/wp-content\/uploads\/2013\/10\/arton34271.jpg?resize=350%2C200","width":350,"height":200},"classes":[]},{"id":2865,"url":"https:\/\/www.enviroscop.fr\/actu\/2017\/08\/la-phase-devitement-de-la-sequence-eviter-reduire-compenser\/","url_meta":{"origin":242,"position":3},"title":"La phase d\u2019\u00e9vitement de la s\u00e9quence \u00e9viter, r\u00e9duire, compenser","author":"Enviroscop","date":"23 ao\u00fbt 2017","format":false,"excerpt":"Au sein de la s\u00e9quence \u00e9viter, r\u00e9duire, compenser, la phase d\u2019\u00e9vitement est souvent peu valoris\u00e9e. Il s\u2019agit pourtant d\u2019une \u00e9tape d\u00e9terminante pour concevoir un projet de moindre impact environnemental, plus acceptable par la soci\u00e9t\u00e9 civile et \u00e0 un co\u00fbt \u00e9conomiquement supportable pour le ma\u00eetre d\u2019ouvrage. Le s\u00e9minaire sur la phase\u2026","rel":"","context":"Dans &quot;Etude d'impact&quot;","block_context":{"text":"Etude d'impact","link":"https:\/\/www.enviroscop.fr\/actu\/category\/evaluation\/etude-dimpact\/"},"img":{"alt_text":"","src":"","width":0,"height":0},"classes":[]},{"id":2999,"url":"https:\/\/www.enviroscop.fr\/actu\/2018\/03\/mise-a-jour-du-guide-erc\/","url_meta":{"origin":242,"position":4},"title":"Mise \u00e0 jour du guide ERC","author":"Enviroscop","date":"23 mars 2018","format":false,"excerpt":"Pour rappel, les mesures \"\u00e9viter, r\u00e9duire et compenser\" ont pour objectif de r\u00e9duire l\u2019impact environnemental n\u00e9gatif de projets, de plans ou de programmes, c\u2019est \u00e0 dire de concilier la protection et la mise en valeur de l\u2019environnement, le d\u00e9veloppement \u00e9conomique et le progr\u00e8s social. Elles sont le coeur de toute\u2026","rel":"","context":"Dans &quot;Etude d'impact&quot;","block_context":{"text":"Etude d'impact","link":"https:\/\/www.enviroscop.fr\/actu\/category\/evaluation\/etude-dimpact\/"},"img":{"alt_text":"","src":"","width":0,"height":0},"classes":[]},{"id":5174,"url":"https:\/\/www.enviroscop.fr\/actu\/2023\/02\/definition-des-mesures-eviter-reduire-compenser-relatives-au-milieu-marin\/","url_meta":{"origin":242,"position":5},"title":"D\u00e9finition des mesures \u00ab \u00e9viter, r\u00e9duire, compenser \u00bb relatives au milieu marin","author":"Enviroscop","date":"27 f\u00e9vrier 2023","format":false,"excerpt":"Le CGDD a publi\u00e9 en f\u00e9vrier 2023 un volet suppl\u00e9mentaire au\u00a0Guide d\u2019aide \u00e0 la d\u00e9finition des mesures ERC. Cette d\u00e9clinaison sp\u00e9cifique au milieu marin s\u2019applique aux projets, plans et programmes en lien avec la mer ou le littoral. Tout comme le guide g\u00e9n\u00e9ral, ce volet donne des cat\u00e9gories de mesures\u2026","rel":"","context":"Dans &quot;Am\u00e9nagement&quot;","block_context":{"text":"Am\u00e9nagement","link":"https:\/\/www.enviroscop.fr\/actu\/category\/amenagement\/"},"img":{"alt_text":"","src":"https:\/\/i0.wp.com\/erc.drealnpdc.fr\/wp-content\/uploads\/2023\/02\/Guide-ERc-marin.png?resize=350%2C200&ssl=1","width":350,"height":200},"classes":[]}],"jetpack_sharing_enabled":true,"_links":{"self":[{"href":"https:\/\/www.enviroscop.fr\/actu\/wp-json\/wp\/v2\/posts\/242","targetHints":{"allow":["GET"]}}],"collection":[{"href":"https:\/\/www.enviroscop.fr\/actu\/wp-json\/wp\/v2\/posts"}],"about":[{"href":"https:\/\/www.enviroscop.fr\/actu\/wp-json\/wp\/v2\/types\/post"}],"author":[{"embeddable":true,"href":"https:\/\/www.enviroscop.fr\/actu\/wp-json\/wp\/v2\/users\/1"}],"replies":[{"embeddable":true,"href":"https:\/\/www.enviroscop.fr\/actu\/wp-json\/wp\/v2\/comments?post=242"}],"version-history":[{"count":0,"href":"https:\/\/www.enviroscop.fr\/actu\/wp-json\/wp\/v2\/posts\/242\/revisions"}],"wp:attachment":[{"href":"https:\/\/www.enviroscop.fr\/actu\/wp-json\/wp\/v2\/media?parent=242"}],"wp:term":[{"taxonomy":"category","embeddable":true,"href":"https:\/\/www.enviroscop.fr\/actu\/wp-json\/wp\/v2\/categories?post=242"},{"taxonomy":"post_tag","embeddable":true,"href":"https:\/\/www.enviroscop.fr\/actu\/wp-json\/wp\/v2\/tags?post=242"}],"curies":[{"name":"wp","href":"https:\/\/api.w.org\/{rel}","templated":true}]}}