{"id":2424,"date":"2015-07-23T08:06:51","date_gmt":"2015-07-23T07:06:51","guid":{"rendered":"http:\/\/www.enviroscop.fr\/actu\/?p=2424"},"modified":"2015-07-23T08:06:51","modified_gmt":"2015-07-23T07:06:51","slug":"les-sols-artificialises-continuent-a-gagner-du-terrain","status":"publish","type":"post","link":"https:\/\/www.enviroscop.fr\/actu\/2015\/07\/les-sols-artificialises-continuent-a-gagner-du-terrain\/","title":{"rendered":"Les sols artificialis\u00e9s continuent \u00e0 gagner du terrain"},"content":{"rendered":"<div id=\"zyyne-titre\">B\u00e2timents, routes, parkings, mais aussi parcs et jardins\u2026 : avec 490.000 hectares gagn\u00e9s entre 2006 et 2014, soit un rythme moyen de 60.000 hectares par an, les sols artificialis\u00e9s ont poursuivi leur progression, selon le bulletin statistique du minist\u00e8re de l&rsquo;Agriculture, Agreste, publi\u00e9 le 21 juillet.<\/div>\n<div><\/div>\n<div>L&rsquo;int\u00e9gralit\u00e9 de l&rsquo;article <a href=\"http:\/\/www.localtis.info\/cs\/ContentServer?pagename=Localtis\/LOCActu\/ArticleActualite&amp;jid=1250269289314&amp;cid=1250269285279&amp;nl=1\" target=\"_blank\">sur Localtis<\/a><\/div>\n","protected":false},"excerpt":{"rendered":"<p>B\u00e2timents, routes, parkings, mais aussi parcs et jardins\u2026 : avec 490.000 hectares gagn\u00e9s entre 2006 et 2014, soit un rythme moyen de 60.000 hectares par an, les sols artificialis\u00e9s ont poursuivi leur progression, selon le bulletin statistique du minist\u00e8re de l&rsquo;Agriculture, Agreste, publi\u00e9 le 21 juillet. L&rsquo;int\u00e9gralit\u00e9 de l&rsquo;article sur Localtis<\/p>\n","protected":false},"author":1,"featured_media":0,"comment_status":"open","ping_status":"open","sticky":false,"template":"","format":"standard","meta":{"jetpack_post_was_ever_published":false,"_jetpack_newsletter_access":"","_jetpack_dont_email_post_to_subs":false,"_jetpack_newsletter_tier_id":0,"_jetpack_memberships_contains_paywalled_content":false,"_jetpack_memberships_contains_paid_content":false,"footnotes":"","jetpack_publicize_message":"","jetpack_publicize_feature_enabled":true,"jetpack_social_post_already_shared":true,"jetpack_social_options":{"image_generator_settings":{"template":"highway","default_image_id":0,"font":"","enabled":false},"version":2}},"categories":[3,47,56,57],"tags":[],"class_list":["post-2424","post","type-post","status-publish","format-standard","hentry","category-agriculture","category-ruralite","category-urbanisation","category-urbanisme","item-wrap"],"jetpack_publicize_connections":[],"jetpack_featured_media_url":"","jetpack_shortlink":"https:\/\/wp.me\/p3rXAp-D6","jetpack_likes_enabled":true,"jetpack-related-posts":[{"id":4887,"url":"https:\/\/www.enviroscop.fr\/actu\/2022\/08\/tableau-de-bord-et-analyses-de-la-consommation-despaces-naturels-et-agricoles\/","url_meta":{"origin":2424,"position":0},"title":"Tableau de bord et analyses de la consommation d&rsquo;espaces naturels et agricoles","author":"Enviroscop","date":"17 ao\u00fbt 2022","format":false,"excerpt":"Dans le cadre de l'observatoire de l'artificialisation des sols, le Cerema produit les chiffres de mesure annuelle des flux de consommation d'espaces, gr\u00e2ce \u00e0 l'analyse des fichiers fonciers. Nous mettons \u00e9galement \u00e0 disposition des outils d'aide \u00e0 la visualisation et \u00e0 l'analyse de ces donn\u00e9es, via un tableau de bord\u2026","rel":"","context":"Dans &quot;Agriculture&quot;","block_context":{"text":"Agriculture","link":"https:\/\/www.enviroscop.fr\/actu\/category\/activite\/agriculture\/"},"img":{"alt_text":"","src":"","width":0,"height":0},"classes":[]},{"id":5447,"url":"https:\/\/www.enviroscop.fr\/actu\/2024\/05\/le-cerema-publie-les-donnees-2009-2023-de-consommation-foncier\/","url_meta":{"origin":2424,"position":1},"title":"Le Cerema publie les donn\u00e9es 2009-2023 de consommation fonci\u00e8re","author":"Enviroscop","date":"14 mai 2024","format":false,"excerpt":"Dans le cadre de l'observatoire de l'artificialisation des sols, le Cerema vient de produire les nouveaux chiffres de mesure annuelle de la consommation d'espaces. Des outils d'aide \u00e0 la visualisation et \u00e0 l'analyse de ces donn\u00e9es sont aussi propos\u00e9s, via un tableau de bord interactif et la publication d'indicateurs pr\u00e9-calcul\u00e9s\u2026","rel":"","context":"Dans &quot;Agriculture&quot;","block_context":{"text":"Agriculture","link":"https:\/\/www.enviroscop.fr\/actu\/category\/activite\/agriculture\/"},"img":{"alt_text":"Consommation annuelle d'espaces naturels, agricoles et forestiers","src":"https:\/\/i0.wp.com\/www.cerema.fr\/sites\/default\/files\/inline-images\/graphe1_2023.png?resize=350%2C200&ssl=1","width":350,"height":200,"srcset":"https:\/\/i0.wp.com\/www.cerema.fr\/sites\/default\/files\/inline-images\/graphe1_2023.png?resize=350%2C200&ssl=1 1x, https:\/\/i0.wp.com\/www.cerema.fr\/sites\/default\/files\/inline-images\/graphe1_2023.png?resize=525%2C300&ssl=1 1.5x, https:\/\/i0.wp.com\/www.cerema.fr\/sites\/default\/files\/inline-images\/graphe1_2023.png?resize=700%2C400&ssl=1 2x, https:\/\/i0.wp.com\/www.cerema.fr\/sites\/default\/files\/inline-images\/graphe1_2023.png?resize=1050%2C600&ssl=1 3x, https:\/\/i0.wp.com\/www.cerema.fr\/sites\/default\/files\/inline-images\/graphe1_2023.png?resize=1400%2C800&ssl=1 4x"},"classes":[]},{"id":5101,"url":"https:\/\/www.enviroscop.fr\/actu\/2022\/12\/decret-n-2022-1673-du-27-decembre-2022-portant-diverses-dispositions-relatives-a-levaluation-environnementale-des-actions-ou-operations-damenagement-et-aux-mesures-de-compensation-des-incide\/","url_meta":{"origin":2424,"position":2},"title":"D\u00e9cret n\u00b0 2022-1673 du 27 d\u00e9cembre 2022 portant diverses dispositions relatives \u00e0 l&rsquo;\u00e9valuation environnementale des actions ou op\u00e9rations d&rsquo;am\u00e9nagement et aux mesures de compensation des incidences des projets sur l&rsquo;environnement","author":"Enviroscop","date":"28 d\u00e9cembre 2022","format":false,"excerpt":"Publics concern\u00e9s : tout public. Objet : d\u00e9cret portant diverses mesures li\u00e9es \u00e0 l'\u00e9valuation environnementale et la compensation de projets permettant de pr\u00e9ciser les articles\u00a0197\u00a0et\u00a0214\u00a0de la loi n\u00b0 2021-1104 du 22 ao\u00fbt 2021 portant lutte contre le d\u00e9r\u00e8glement climatique et renforcement de la r\u00e9silience face \u00e0 ses effets. Entr\u00e9e en\u2026","rel":"","context":"Dans &quot;Am\u00e9nagement&quot;","block_context":{"text":"Am\u00e9nagement","link":"https:\/\/www.enviroscop.fr\/actu\/category\/amenagement\/"},"img":{"alt_text":"","src":"https:\/\/i0.wp.com\/www.enviroscop.fr\/actu\/wp-content\/uploads\/2013\/05\/17141_une.jpg?resize=350%2C200","width":350,"height":200},"classes":[]},{"id":5141,"url":"https:\/\/www.enviroscop.fr\/actu\/2023\/01\/decret-n-2022-1673-du-27-decembre-2022-portant-diverses-dispositions-relatives-a-levaluation-environnementale-des-actions-ou-operations-damenagement-et-aux-mesures-de-compensation-des-incide-2\/","url_meta":{"origin":2424,"position":3},"title":"D\u00e9cret n\u00b0 2022-1673 du 27 d\u00e9cembre 2022 portant diverses dispositions relatives \u00e0 l&rsquo;\u00e9valuation environnementale des actions ou op\u00e9rations d&rsquo;am\u00e9nagement et aux mesures de compensation des incidences des projets sur l&rsquo;environnement","author":"Enviroscop","date":"23 janvier 2023","format":false,"excerpt":"Publics concern\u00e9s : tout public. Objet : d\u00e9cret portant diverses mesures li\u00e9es \u00e0 l'\u00e9valuation environnementale et la compensation de projets permettant de pr\u00e9ciser les articles\u00a0197\u00a0et\u00a0214\u00a0de la loi n\u00b0 2021-1104 du 22 ao\u00fbt 2021 portant lutte contre le d\u00e9r\u00e8glement climatique et renforcement de la r\u00e9silience face \u00e0 ses effets. Entr\u00e9e en\u2026","rel":"","context":"Dans &quot;Am\u00e9nagement&quot;","block_context":{"text":"Am\u00e9nagement","link":"https:\/\/www.enviroscop.fr\/actu\/category\/amenagement\/"},"img":{"alt_text":"","src":"https:\/\/i0.wp.com\/www.enviroscop.fr\/actu\/wp-content\/uploads\/2013\/05\/17141_une.jpg?resize=350%2C200","width":350,"height":200},"classes":[]},{"id":4829,"url":"https:\/\/www.enviroscop.fr\/actu\/2022\/06\/lutte-contre-lartificialisation-des-sols-vers-des-zones-preferentielles-de-renaturation-dans-les-documents-durbanisme\/","url_meta":{"origin":2424,"position":4},"title":"Lutte contre l\u2019artificialisation des sols : vers des zones pr\u00e9f\u00e9rentielles de renaturation dans les documents d\u2019urbanisme","author":"Enviroscop","date":"21 juin 2022","format":false,"excerpt":"Afin d'am\u00e9liorer la planification et la mise en oeuvre des op\u00e9rations de renaturation, permettant de restaurer certaines continuit\u00e9s \u00e9cologiques ou d'ins\u00e9rer des espaces de verdure au coeur d'un p\u00e9rim\u00e8tre urbain, des zones pr\u00e9f\u00e9rentielles peuvent d\u00e9sormais \u00eatre identifi\u00e9es au sein des\u00a0sch\u00e9mas de coh\u00e9rence territoriale (ScoT). Un projet de d\u00e9cret mis en\u2026","rel":"","context":"Dans &quot;Am\u00e9nagement&quot;","block_context":{"text":"Am\u00e9nagement","link":"https:\/\/www.enviroscop.fr\/actu\/category\/amenagement\/"},"img":{"alt_text":"corridor biologique","src":"https:\/\/i0.wp.com\/www.banquedesterritoires.fr\/sites\/default\/files\/styles\/landscape_no_crop\/public\/2022-06\/Noeufoss%C3%A9_corridor_lagune_aout2003_1.jpg?resize=350%2C200&ssl=1","width":350,"height":200,"srcset":"https:\/\/i0.wp.com\/www.banquedesterritoires.fr\/sites\/default\/files\/styles\/landscape_no_crop\/public\/2022-06\/Noeufoss%C3%A9_corridor_lagune_aout2003_1.jpg?resize=350%2C200&ssl=1 1x, https:\/\/i0.wp.com\/www.banquedesterritoires.fr\/sites\/default\/files\/styles\/landscape_no_crop\/public\/2022-06\/Noeufoss%C3%A9_corridor_lagune_aout2003_1.jpg?resize=525%2C300&ssl=1 1.5x, https:\/\/i0.wp.com\/www.banquedesterritoires.fr\/sites\/default\/files\/styles\/landscape_no_crop\/public\/2022-06\/Noeufoss%C3%A9_corridor_lagune_aout2003_1.jpg?resize=700%2C400&ssl=1 2x"},"classes":[]},{"id":5177,"url":"https:\/\/www.enviroscop.fr\/actu\/2023\/03\/fabrique-de-la-ville-lademe-presente-son-guide-faire-la-ville-dense-durable-et-desirable\/","url_meta":{"origin":2424,"position":5},"title":"FABRIQUE DE LA VILLE \u2013 L\u2019ADEME PR\u00c9SENTE SON GUIDE : \u00ab FAIRE LA VILLE DENSE, DURABLE ET D\u00c9SIRABLE \u00bb","author":"Enviroscop","date":"2 mars 2023","format":false,"excerpt":"L\u2019atteinte de l\u2019objectif de Z\u00e9ro Artificialisation Nette (ZAN) \u00e0 l\u2019horizon 2050 adopt\u00e9 par la France via la loi Climat et R\u00e9silience de 2021 est clef pour assurer la pr\u00e9servation de la biodiversit\u00e9, et plus largement pour r\u00e9pondre \u00e0 l\u2019urgence climatique, la lutte contre l\u2019\u00e9talement urbain et l\u2019appauvrissement des sols. Alors\u2026","rel":"","context":"Dans &quot;Activit\u00e9&quot;","block_context":{"text":"Activit\u00e9","link":"https:\/\/www.enviroscop.fr\/actu\/category\/activite\/"},"img":{"alt_text":"","src":"","width":0,"height":0},"classes":[]}],"jetpack_sharing_enabled":true,"_links":{"self":[{"href":"https:\/\/www.enviroscop.fr\/actu\/wp-json\/wp\/v2\/posts\/2424","targetHints":{"allow":["GET"]}}],"collection":[{"href":"https:\/\/www.enviroscop.fr\/actu\/wp-json\/wp\/v2\/posts"}],"about":[{"href":"https:\/\/www.enviroscop.fr\/actu\/wp-json\/wp\/v2\/types\/post"}],"author":[{"embeddable":true,"href":"https:\/\/www.enviroscop.fr\/actu\/wp-json\/wp\/v2\/users\/1"}],"replies":[{"embeddable":true,"href":"https:\/\/www.enviroscop.fr\/actu\/wp-json\/wp\/v2\/comments?post=2424"}],"version-history":[{"count":0,"href":"https:\/\/www.enviroscop.fr\/actu\/wp-json\/wp\/v2\/posts\/2424\/revisions"}],"wp:attachment":[{"href":"https:\/\/www.enviroscop.fr\/actu\/wp-json\/wp\/v2\/media?parent=2424"}],"wp:term":[{"taxonomy":"category","embeddable":true,"href":"https:\/\/www.enviroscop.fr\/actu\/wp-json\/wp\/v2\/categories?post=2424"},{"taxonomy":"post_tag","embeddable":true,"href":"https:\/\/www.enviroscop.fr\/actu\/wp-json\/wp\/v2\/tags?post=2424"}],"curies":[{"name":"wp","href":"https:\/\/api.w.org\/{rel}","templated":true}]}}