{"id":2452,"date":"2015-08-04T06:39:26","date_gmt":"2015-08-04T05:39:26","guid":{"rendered":"http:\/\/www.enviroscop.fr\/actu\/?p=2452"},"modified":"2015-08-04T06:39:26","modified_gmt":"2015-08-04T05:39:26","slug":"une-eolienne-flottante-a-fukushima","status":"publish","type":"post","link":"https:\/\/www.enviroscop.fr\/actu\/2015\/08\/une-eolienne-flottante-a-fukushima\/","title":{"rendered":"Une \u00e9olienne flottante \u00e0 Fukushima"},"content":{"rendered":"<p class=\"intertitre\">Premi\u00e8re mise en service d&rsquo;une \u00e9olienne de 7 MW au large de Fukushima, la plus puissante du monde (jusqu\u2019\u00e0 pr\u00e9sent, les prototypes test\u00e9s \u00e9taient dot\u00e9s d\u2019une capacit\u00e9 bien plus faible n\u2019exc\u00e9dant pas 2 MW, comme au Portugal ou \u00e0 Fukushima).<\/p>\n<p>Pour minimiser les co\u00fbts, le consortium (Mitsubishi en t\u00eate) a opt\u00e9 pour une \u00e9olienne de tr\u00e8s grande puissance avec un syst\u00e8me de transmission hydraulique renfor\u00e7ant son efficacit\u00e9. Le diam\u00e8tre du rotor de chacune des g\u00e9antes atteindra 164 m, soit deux fois plus que l\u2019\u00e9olienne de 2 MW pr\u00e9c\u00e9demment install\u00e9e.<\/p>\n<p>C&rsquo;est le test en grandeur nature qui permettra \u00e0 Fukushima de pr\u00e9senter\u00a0un nouveau visage \u00e9nerg\u00e9tique, car\u00a0\u00e0 plus long terme, ce sont\u00a0140 \u00e9oliennes qui\u00a0seront install\u00e9e, pour une\u00a0puissance cumul\u00e9e avoisinant 1\u00a0GW, soit l\u2019\u00e9quivalent de la capacit\u00e9 d\u2019un r\u00e9acteur nucl\u00e9aire<a href=\"http:\/\/www.realplay.com\/channels\/tbsnewsi\/synopses\/213298?hl=ja\" target=\"_blank\">.<\/a><\/p>\n<p><a href=\"http:\/\/www.realplay.com\/channels\/tbsnewsi\/synopses\/213298?hl=ja\" target=\"_blank\">Reportage (en japonais)<\/a><\/p>\n","protected":false},"excerpt":{"rendered":"<p>Premi\u00e8re mise en service d&rsquo;une \u00e9olienne de 7 MW au large de Fukushima, la plus puissante du monde (jusqu\u2019\u00e0 pr\u00e9sent, les prototypes test\u00e9s \u00e9taient dot\u00e9s d\u2019une capacit\u00e9 bien plus faible n\u2019exc\u00e9dant pas 2 MW, comme au Portugal ou \u00e0 Fukushima). Pour minimiser les co\u00fbts, le consortium (Mitsubishi en t\u00eate) a opt\u00e9 pour une \u00e9olienne de &hellip; <\/p>\n<p><a class=\"more-link btn\" href=\"https:\/\/www.enviroscop.fr\/actu\/2015\/08\/une-eolienne-flottante-a-fukushima\/\">Lire la suite<\/a><\/p>\n","protected":false},"author":1,"featured_media":0,"comment_status":"open","ping_status":"open","sticky":false,"template":"","format":"standard","meta":{"_acf_changed":false,"footnotes":""},"categories":[7,8,72],"tags":[],"class_list":["post-2452","post","type-post","status-publish","format-standard","hentry","category-energie","category-eolien","category-marine","item-wrap"],"acf":[],"_links":{"self":[{"href":"https:\/\/www.enviroscop.fr\/actu\/wp-json\/wp\/v2\/posts\/2452","targetHints":{"allow":["GET"]}}],"collection":[{"href":"https:\/\/www.enviroscop.fr\/actu\/wp-json\/wp\/v2\/posts"}],"about":[{"href":"https:\/\/www.enviroscop.fr\/actu\/wp-json\/wp\/v2\/types\/post"}],"author":[{"embeddable":true,"href":"https:\/\/www.enviroscop.fr\/actu\/wp-json\/wp\/v2\/users\/1"}],"replies":[{"embeddable":true,"href":"https:\/\/www.enviroscop.fr\/actu\/wp-json\/wp\/v2\/comments?post=2452"}],"version-history":[{"count":0,"href":"https:\/\/www.enviroscop.fr\/actu\/wp-json\/wp\/v2\/posts\/2452\/revisions"}],"wp:attachment":[{"href":"https:\/\/www.enviroscop.fr\/actu\/wp-json\/wp\/v2\/media?parent=2452"}],"wp:term":[{"taxonomy":"category","embeddable":true,"href":"https:\/\/www.enviroscop.fr\/actu\/wp-json\/wp\/v2\/categories?post=2452"},{"taxonomy":"post_tag","embeddable":true,"href":"https:\/\/www.enviroscop.fr\/actu\/wp-json\/wp\/v2\/tags?post=2452"}],"curies":[{"name":"wp","href":"https:\/\/api.w.org\/{rel}","templated":true}]}}