{"id":251,"date":"2013-01-17T07:26:00","date_gmt":"2013-01-17T06:26:00","guid":{"rendered":"http:\/\/actu.enviroscop.com\/recensement-et-evaluation-des-pratiques-de-co"},"modified":"2013-05-01T13:04:59","modified_gmt":"2013-05-01T12:04:59","slug":"recensement-et-evaluation-des-pratiques-de-co","status":"publish","type":"post","link":"https:\/\/www.enviroscop.fr\/actu\/2013\/01\/recensement-et-evaluation-des-pratiques-de-co\/","title":{"rendered":"Recensement et \u00e9valuation des pratiques de concertation dans les Plans Climat Energie Territoriaux (PCET)"},"content":{"rendered":"<div class=\"presentation\" style=\"font-family:Verdana, Arial, sans-serif;font-size:11px;margin:0 15px 0 10px !important;padding:5px 5px 0!important;\">\n<div class=\"presentation\" style=\"margin:0 15px 0 10px !important;padding:5px 5px 0!important;\">17\/01\/13<\/div>\n<p \/>\n<div class=\"presentation\" style=\"margin:0 15px 0 10px !important;padding:5px 5px 0!important;\"><span class=\"gras\" style=\"font-weight:bold;\">R&eacute;sum&eacute;&nbsp;:&nbsp;<\/span><\/div>\n<div class=\"presentation\" style=\"margin:0 15px 0 10px !important;padding:5px 5px 0!important;\">\n<p>L&rsquo;objectif de l&rsquo;&eacute;tude est de r&eacute;pondre &agrave; la question suivante : quelle place donner &agrave; la concertation dans des strat&eacute;gies locales de lutte contre le changement climatique ? Pour r&eacute;pondre &agrave; cette question, l&rsquo;&eacute;tude &eacute;tudie les d&eacute;marches de concertation organis&eacute;es dans le cadre des Plans Climat Energie Territoriaux.<\/p>\n<p \/><span class=\"gras\" style=\"font-weight:bold;\">Public&nbsp;:&nbsp;<\/span><\/p>\n<p>Collectivit&eacute;s devant mettre en place un Plan Climat Energie Territorial, bureaux d&rsquo;&eacute;tude les accompagnant<\/p>\n<p><img data-recalc-dims=\"1\" decoding=\"async\" src=\"https:\/\/i0.wp.com\/www2.ademe.fr\/images\/ademe-V2\/ligne_soustitre2.gif?fit=750%2C4\" border=\"0\" height=\"4\" alt=\"\" width=\"750\" \/><br \/>D&eacute;cembre&nbsp;2012 &#8211; 21&#215;29,7 &#8211; 124p.<span class=\"gras\" style=\"font-weight:bold;\">&nbsp;<\/span><img data-recalc-dims=\"1\" decoding=\"async\" src=\"https:\/\/i0.wp.com\/www2.ademe.fr\/images\/ademe-V2\/ligne_soustitre2.gif?fit=750%2C4\" border=\"0\" height=\"4\" alt=\"\" width=\"750\" \/><br \/><span class=\"gras\" style=\"font-weight:bold;\">T&eacute;l&eacute;chargement(s) gratuit(s) :<\/span><\/div>\n<ul class=\"down2 down2ProdServ\" style=\"margin-left:0!important;\">\n<li style=\"padding:0;font-weight:bold;margin-top:0;\"><a href=\"http:\/\/www2.ademe.fr\/servlet\/getBin?name=5747C5D5E20F6A4ED3B1BF63794C6F6D_tomcatlocal1358332024904.pdf\" title=\"Recensement et &eacute;valuation des pratiques de concertation dans les PCET\" style=\"text-decoration:initial;color:#800080;\">Recensement et &eacute;valuation des pratiques de concertation dans les PCET<\/a><span class=\"descfile\" style=\"color:#888888;font-family:Tahoma, Arial, sans-serif;font-weight:lighter;\">&nbsp;(PDF &#8211; 2M &#8211; 14\/01\/2013)<\/span><\/li>\n<\/ul>\n<p><img decoding=\"async\" class=\"spacer\" src=\"http:\/\/www2.ademe.fr\/servlet\/getImg?img=5747C5D5E20F6A4ED3B1BF63794C6F6D_tomcatlocal1358331842328.png\" border=\"0\" alt=\"Recensement et &amp;eacute;valuation des pratiques de concertation dans les Plans Climat Energie Territoriaux (PCET)\" style=\"clear:both;\" \/><\/div>\n<p \/>\n<p>&nbsp;<\/p>\n","protected":false},"excerpt":{"rendered":"<p>17\/01\/13 R??sum?? : L???objectif de l?????tude est de r??pondre   la question suivante : quelle place donner   la concertation dans des strat??gies locales de lutte contre le changement climatique ? Pour r??pondre   cette question, l?????tude &#8230;<\/p>\n","protected":false},"author":1,"featured_media":0,"comment_status":"open","ping_status":"open","sticky":false,"template":"","format":"standard","meta":{"jetpack_post_was_ever_published":false,"_jetpack_newsletter_access":"","_jetpack_dont_email_post_to_subs":false,"_jetpack_newsletter_tier_id":0,"_jetpack_memberships_contains_paywalled_content":false,"_jetpack_memberships_contains_paid_content":false,"footnotes":"","jetpack_publicize_message":"","jetpack_publicize_feature_enabled":true,"jetpack_social_post_already_shared":false,"jetpack_social_options":{"image_generator_settings":{"template":"highway","default_image_id":0,"font":"","enabled":false},"version":2}},"categories":[15],"tags":[],"class_list":["post-251","post","type-post","status-publish","format-standard","hentry","category-climat","item-wrap"],"jetpack_publicize_connections":[],"jetpack_featured_media_url":"","jetpack_shortlink":"https:\/\/wp.me\/p3rXAp-43","jetpack_likes_enabled":true,"jetpack-related-posts":[{"id":104,"url":"https:\/\/www.enviroscop.fr\/actu\/2011\/05\/valorisation-des-enjeux-climatiques-dans-lana\/","url_meta":{"origin":251,"position":0},"title":"Valorisation des enjeux climatiques dans l&rsquo;analyse financi??re","author":"Enviroscop","date":"13 mai 2011","format":false,"excerpt":"Cette ??tude de l'ADEME a pour objectif de r??pondre la question suivante : \"comment la sph??re financi??re prend-elle en compte le changement climatique ?\" En effet, alors que la probl??matique climat occupe le devant de la sc??ne depuis plusi...","rel":"","context":"Dans &quot;Climat&quot;","block_context":{"text":"Climat","link":"https:\/\/www.enviroscop.fr\/actu\/category\/climat\/"},"img":{"alt_text":"","src":"","width":0,"height":0},"classes":[]},{"id":377,"url":"https:\/\/www.enviroscop.fr\/actu\/2012\/06\/integrer-les-questions-energetiques-et-la-lut\/","url_meta":{"origin":251,"position":1},"title":"Int\u00e9grer les questions \u00e9nerg\u00e9tiques et la lutte contre le changement climatique dans les SCoT","author":"Enviroscop","date":"4 juin 2012","format":false,"excerpt":"A l???heure de l???application de la loi ENE (Engagement national pour l???environnement), dite Grenelle 2, des changements majeurs viennent renforcer le lien entre urbanisme et objectifs ??nergie-climat. Dans la continuit?? des travaux men??s par...","rel":"","context":"Dans &quot;Climat&quot;","block_context":{"text":"Climat","link":"https:\/\/www.enviroscop.fr\/actu\/category\/climat\/"},"img":{"alt_text":"","src":"","width":0,"height":0},"classes":[]},{"id":4524,"url":"https:\/\/www.enviroscop.fr\/actu\/2021\/12\/consultation-projets-de-decret-et-darrete-pris-pour-lapplication-de-larticle-114-de-la-loi-n-2021-1104-du-22-aout-2021-portant-lutte-contre-le-dereglement-climatique\/","url_meta":{"origin":251,"position":2},"title":"Consultation : Projets de d\u00e9cret et d\u2019arr\u00eat\u00e9 pris pour l\u2019application de l\u2019article 114 de la loi n\u00b0 2021-1104 du 22 ao\u00fbt 2021 portant lutte contre le d\u00e9r\u00e8glement climatique et renforcement de la r\u00e9silience face \u00e0 ses effets","author":"Enviroscop","date":"6 d\u00e9cembre 2021","format":false,"excerpt":"Cette consultation publique est men\u00e9e en application de l\u2019article L.123-19-1 du code de l\u2019environnement pour la mise en \u0153uvre du principe de participation du public aux d\u00e9cisions publiques ayant une incidence sur l\u2019environnement pr\u00e9vu \u00e0 l\u2019article 7 de la Charte de l\u2019environnement. La loi du 22 ao\u00fbt 2021 portant lutte\u2026","rel":"","context":"Dans &quot;Air&quot;","block_context":{"text":"Air","link":"https:\/\/www.enviroscop.fr\/actu\/category\/compartiments\/air\/"},"img":{"alt_text":"Marianne du site","src":"http:\/\/www.consultations-publiques.developpement-durable.gouv.fr\/plugins\/internet_neutre\/_images\/mariannes\/mte.svg","width":350,"height":200},"classes":[]},{"id":5029,"url":"https:\/\/www.enviroscop.fr\/actu\/2022\/10\/concertation-nationale-sur-le-mix-energetique\/","url_meta":{"origin":251,"position":3},"title":"Concertation nationale sur le mix \u00e9nerg\u00e9tique","author":"Enviroscop","date":"24 octobre 2022","format":false,"excerpt":"\u00a0 Les\u00a0trois th\u00e8mes soumis au d\u00e9bat\u00a0dans cette concertation et sur lesquels le public est amen\u00e9 \u00e0 se prononcer sont : Comment adapter notre consommation pour atteindre l\u2019objectif de neutralit\u00e9 carbone ? Comment satisfaire nos besoins en \u00e9lectricit\u00e9, et plus largement en \u00e9nergie, tout en assurant la sortie de notre d\u00e9pendance\u2026","rel":"","context":"Dans &quot;Activit\u00e9&quot;","block_context":{"text":"Activit\u00e9","link":"https:\/\/www.enviroscop.fr\/actu\/category\/activite\/"},"img":{"alt_text":"","src":"https:\/\/i0.wp.com\/concertation-strategie-energie-climat.gouv.fr\/sites\/default\/files\/styles\/debate\/public\/2022-10\/Montage%20paysage%20conso.jpg?resize=350%2C200&ssl=1","width":350,"height":200},"classes":[]},{"id":1725,"url":"https:\/\/www.enviroscop.fr\/actu\/2014\/01\/colloque-natureparif\/","url_meta":{"origin":251,"position":4},"title":"Colloque Natureparif","author":"Enviroscop","date":"16 janvier 2014","format":false,"excerpt":"Le colloque de Natureparif portera cette ann\u00e9e sur le th\u00e8me \u00ab Quelle nature\u00a0en ville ? Pour vivre mieux et s\u2019adapter au changement\u00a0climatique \u00bb. Il se d\u00e9roulera \u00e0 Paris (lieu \u00e0 d\u00e9finir) avec une\u00a0conf\u00e9rence le mercredi 4 juin 2014, suivie de deux ateliers scientifiques\u00a0parall\u00e8les le jeudi 5 juin et de visites\u2026","rel":"","context":"Dans &quot;biodiversit\u00e9&quot;","block_context":{"text":"biodiversit\u00e9","link":"https:\/\/www.enviroscop.fr\/actu\/category\/nature\/biodiversite\/"},"img":{"alt_text":"","src":"","width":0,"height":0},"classes":[]},{"id":4815,"url":"https:\/\/www.enviroscop.fr\/actu\/2022\/06\/decarboner-les-territoires\/","url_meta":{"origin":251,"position":5},"title":"D\u00e9carboner les territoires","author":"Enviroscop","date":"15 juin 2022","format":false,"excerpt":"Pilot\u00e9e par le Cerema, la s\u00e9rie de fiches d\u00e9carboner les territoires vise \u00e0\u00a0aider les techniciens de collectivit\u00e9s\u00a0\u00e0 une meilleure connaissance des\u00a0techniques de d\u00e9carbonation des territoires. Elle offre des \u00e9l\u00e9ments cl\u00e9s concernant le contenu des technologies, leurs impacts, des exemples de bonnes pratiques et le r\u00f4le possible des collectivit\u00e9s. Fiche n\u00b0\u2026","rel":"","context":"Dans &quot;Agriculture&quot;","block_context":{"text":"Agriculture","link":"https:\/\/www.enviroscop.fr\/actu\/category\/activite\/agriculture\/"},"img":{"alt_text":"","src":"","width":0,"height":0},"classes":[]}],"jetpack_sharing_enabled":true,"_links":{"self":[{"href":"https:\/\/www.enviroscop.fr\/actu\/wp-json\/wp\/v2\/posts\/251","targetHints":{"allow":["GET"]}}],"collection":[{"href":"https:\/\/www.enviroscop.fr\/actu\/wp-json\/wp\/v2\/posts"}],"about":[{"href":"https:\/\/www.enviroscop.fr\/actu\/wp-json\/wp\/v2\/types\/post"}],"author":[{"embeddable":true,"href":"https:\/\/www.enviroscop.fr\/actu\/wp-json\/wp\/v2\/users\/1"}],"replies":[{"embeddable":true,"href":"https:\/\/www.enviroscop.fr\/actu\/wp-json\/wp\/v2\/comments?post=251"}],"version-history":[{"count":0,"href":"https:\/\/www.enviroscop.fr\/actu\/wp-json\/wp\/v2\/posts\/251\/revisions"}],"wp:attachment":[{"href":"https:\/\/www.enviroscop.fr\/actu\/wp-json\/wp\/v2\/media?parent=251"}],"wp:term":[{"taxonomy":"category","embeddable":true,"href":"https:\/\/www.enviroscop.fr\/actu\/wp-json\/wp\/v2\/categories?post=251"},{"taxonomy":"post_tag","embeddable":true,"href":"https:\/\/www.enviroscop.fr\/actu\/wp-json\/wp\/v2\/tags?post=251"}],"curies":[{"name":"wp","href":"https:\/\/api.w.org\/{rel}","templated":true}]}}