{"id":2546,"date":"2016-01-12T13:23:41","date_gmt":"2016-01-12T12:23:41","guid":{"rendered":"http:\/\/www.enviroscop.fr\/actu\/?p=2546"},"modified":"2016-01-12T13:23:41","modified_gmt":"2016-01-12T12:23:41","slug":"loccupation-des-sols-en-france-progression-moderee-de-lartificialisation-entre-2006-2012","status":"publish","type":"post","link":"https:\/\/www.enviroscop.fr\/actu\/2016\/01\/loccupation-des-sols-en-france-progression-moderee-de-lartificialisation-entre-2006-2012\/","title":{"rendered":"L&rsquo;occupation des sols en France : progression plus mod\u00e9r\u00e9e de l\u2019artificialisation entre 2006 et 2012"},"content":{"rendered":"<p>L\u2019\u00e9dition 2015 de CORINE Land Cover met en \u00e9vidence les grandes tendances de l\u2019\u00e9volution de l\u2019occupation des sols en France. Le rythme de croissance de la surface des terres artificialis\u00e9es en m\u00e9tropole s\u2019\u00e9tablit, entre 2006 et 2012, \u00e0 + 0,49 % par an. Il est nettement inf\u00e9rieur \u00e0 celui observ\u00e9 entre 2000 et 2006 (+ 1,30 % par an). La population m\u00e9tropolitaine, en comparaison, cro\u00eet de 0,53 % par an. Au-del\u00e0 de cet enseignement important, cette nouvelle \u00e9dition de CORINE Land Cover offre une photographie compl\u00e8te de l\u2019occupation des sols fran\u00e7ais en 2012.<\/p>\n<p><a href=\"http:\/\/www.statistiques.developpement-durable.gouv.fr\/fileadmin\/documents\/Produits_editoriaux\/Publications\/Le_Point_Sur\/2015\/lps219-occupation-des-sols-decembre2015.pdf\" target=\"_blank\">T\u00e9l\u00e9charger \u00ab\u00a0Le point sur&#8230;\u00a0L&rsquo;occupation des sols en France\u00a0\u00bb<\/a><\/p>\n","protected":false},"excerpt":{"rendered":"<p>L\u2019\u00e9dition 2015 de CORINE Land Cover met en \u00e9vidence les grandes tendances de l\u2019\u00e9volution de l\u2019occupation des sols en France. Le rythme de croissance de la surface des terres artificialis\u00e9es en m\u00e9tropole s\u2019\u00e9tablit, entre 2006 et 2012, \u00e0 + 0,49 % par an. Il est nettement inf\u00e9rieur \u00e0 celui observ\u00e9 entre 2000 et 2006 (+ &hellip; <\/p>\n<p><a class=\"more-link btn\" href=\"https:\/\/www.enviroscop.fr\/actu\/2016\/01\/loccupation-des-sols-en-france-progression-moderee-de-lartificialisation-entre-2006-2012\/\">Lire la suite<\/a><\/p>\n","protected":false},"author":1,"featured_media":0,"comment_status":"open","ping_status":"open","sticky":false,"template":"","format":"standard","meta":{"jetpack_post_was_ever_published":false,"_jetpack_newsletter_access":"","_jetpack_dont_email_post_to_subs":false,"_jetpack_newsletter_tier_id":0,"_jetpack_memberships_contains_paywalled_content":false,"_jetpack_memberships_contains_paid_content":false,"footnotes":"","jetpack_publicize_message":"","jetpack_publicize_feature_enabled":true,"jetpack_social_post_already_shared":true,"jetpack_social_options":{"image_generator_settings":{"template":"highway","default_image_id":0,"font":"","enabled":false},"version":2}},"categories":[3,20,27,68,33,67,41,56,59],"tags":[],"class_list":["post-2546","post","type-post","status-publish","format-standard","hentry","category-agriculture","category-durable","category-foret","category-france","category-indicateur","category-nature","category-paysage","category-urbanisation","category-zones-humides","item-wrap"],"jetpack_publicize_connections":[],"jetpack_featured_media_url":"","jetpack_shortlink":"https:\/\/wp.me\/p3rXAp-F4","jetpack_likes_enabled":true,"jetpack-related-posts":[{"id":3767,"url":"https:\/\/www.enviroscop.fr\/actu\/2020\/06\/observatoire-de-lartificialisation-du-sol\/","url_meta":{"origin":2546,"position":0},"title":"Observatoire de l&rsquo;artificialisation du sol","author":"Enviroscop","date":"4 juin 2020","format":false,"excerpt":"Pour nous aider \u00e0 comprendre ce ph\u00e9nom\u00e8ne et mieux prendre conscience de ces enjeux qui nous concerne tous, l'Etat met \u00e0 disposition un observatoire. Cet outil de mesure permet de constater l'\u00e9volution de l'artificialisation des sols \u00e0 l'\u00e9chelle de chaque commune. Il donne les moyens aux territoires et aux citoyens\u2026","rel":"","context":"Dans &quot;Evaluation&quot;","block_context":{"text":"Evaluation","link":"https:\/\/www.enviroscop.fr\/actu\/category\/evaluation\/"},"img":{"alt_text":"","src":"https:\/\/i0.wp.com\/www.enviroscop.fr\/actu\/wp-content\/uploads\/2020\/06\/Annotation-2020-06-04-133534-300x157.png?resize=350%2C200","width":350,"height":200},"classes":[]},{"id":5260,"url":"https:\/\/www.enviroscop.fr\/actu\/2023\/06\/projet-de-decret-relatif-a-levaluation-et-au-suivi-de-lartificialisation-des-sols\/","url_meta":{"origin":2546,"position":1},"title":"Projet de d\u00e9cret relatif \u00e0 l\u2019\u00e9valuation et au suivi de l\u2019artificialisation des sols","author":"Enviroscop","date":"19 juin 2023","format":false,"excerpt":"Consultation du 13\/06\/2023 au 04\/07\/2023 \u00a0 La loi n\u00b0\u00a02021-1104 du 22 ao\u00fbt 2021 portant lutte contre le d\u00e9r\u00e8glement climatique et renforcement de la r\u00e9silience face \u00e0 ses effets a fix\u00e9 l\u2019objectif d\u2019atteindre le \u00ab\u00a0z\u00e9ro artificialisation nette des sols\u00a0\u00bb en 2050, avec un objectif interm\u00e9diaire de r\u00e9duction de moiti\u00e9 de la\u2026","rel":"","context":"Dans &quot;Am\u00e9nagement&quot;","block_context":{"text":"Am\u00e9nagement","link":"https:\/\/www.enviroscop.fr\/actu\/category\/amenagement\/"},"img":{"alt_text":"Carte de l'artificialisation des sols","src":"https:\/\/i0.wp.com\/www.enviroscop.fr\/actu\/wp-content\/uploads\/2020\/06\/Annotation-2020-06-04-133534-300x157.png?resize=350%2C200&ssl=1","width":350,"height":200},"classes":[]},{"id":5221,"url":"https:\/\/www.enviroscop.fr\/actu\/2023\/04\/une-carte-doccupation-du-sol-pour-outiller-la-lutte-contre-lartificialisation\/","url_meta":{"origin":2546,"position":2},"title":"Une carte d&rsquo;occupation du sol pour outiller la lutte contre l\u2019artificialisation","author":"Enviroscop","date":"18 avril 2023","format":false,"excerpt":"L\u2019artificialisation est d\u00e9finie comme l\u2019alt\u00e9ration durable de tout ou partie des fonctions \u00e9cologiques d\u2019un sol (fonctions biologiques, hydriques et climatiques) et de son potentiel agronomique par son occupation ou son usage. Le ph\u00e9nom\u00e8ne est aujourd\u2019hui consid\u00e9r\u00e9 comme l\u2019une des causes premi\u00e8res de l\u2019effondrement de la biodiversit\u00e9, de la r\u00e9duction des\u2026","rel":"","context":"Dans &quot;Am\u00e9nagement&quot;","block_context":{"text":"Am\u00e9nagement","link":"https:\/\/www.enviroscop.fr\/actu\/category\/amenagement\/"},"img":{"alt_text":"","src":"https:\/\/i0.wp.com\/www.enviroscop.fr\/actu\/wp-content\/uploads\/2023\/04\/Capture-decran-2023-04-18-101351.png?resize=350%2C200&ssl=1","width":350,"height":200,"srcset":"https:\/\/i0.wp.com\/www.enviroscop.fr\/actu\/wp-content\/uploads\/2023\/04\/Capture-decran-2023-04-18-101351.png?resize=350%2C200&ssl=1 1x, https:\/\/i0.wp.com\/www.enviroscop.fr\/actu\/wp-content\/uploads\/2023\/04\/Capture-decran-2023-04-18-101351.png?resize=525%2C300&ssl=1 1.5x, https:\/\/i0.wp.com\/www.enviroscop.fr\/actu\/wp-content\/uploads\/2023\/04\/Capture-decran-2023-04-18-101351.png?resize=700%2C400&ssl=1 2x, https:\/\/i0.wp.com\/www.enviroscop.fr\/actu\/wp-content\/uploads\/2023\/04\/Capture-decran-2023-04-18-101351.png?resize=1050%2C600&ssl=1 3x, https:\/\/i0.wp.com\/www.enviroscop.fr\/actu\/wp-content\/uploads\/2023\/04\/Capture-decran-2023-04-18-101351.png?resize=1400%2C800&ssl=1 4x"},"classes":[]},{"id":5387,"url":"https:\/\/www.enviroscop.fr\/actu\/2023\/11\/decret-n-2023-1096-du-27-novembre-2023-relatif-a-levaluation-et-au-suivi-de-lartificialisation-des-sols\/","url_meta":{"origin":2546,"position":3},"title":"D\u00e9cret n\u00b0 2023-1096 du 27 novembre 2023 relatif \u00e0 l&rsquo;\u00e9valuation et au suivi de l&rsquo;artificialisation des sols","author":"Enviroscop","date":"28 novembre 2023","format":false,"excerpt":"Publics concern\u00e9s : Etat, collectivit\u00e9s territoriales et leurs groupements, leurs \u00e9tablissements publics Objet : conditions d'application de l'article L. 101-2-1 du code de l'urbanisme\u00a0et de l'article L. 2231-1 du code g\u00e9n\u00e9ral des collectivit\u00e9s territoriales Entr\u00e9e en vigueur : le texte entre en vigueur le lendemain de sa publication. Notice :\u2026","rel":"","context":"Dans &quot;Agriculture&quot;","block_context":{"text":"Agriculture","link":"https:\/\/www.enviroscop.fr\/actu\/category\/activite\/agriculture\/"},"img":{"alt_text":"","src":"https:\/\/i0.wp.com\/www.enviroscop.fr\/actu\/wp-content\/uploads\/2013\/05\/17141_une.jpg?resize=350%2C200&ssl=1","width":350,"height":200},"classes":[]},{"id":4660,"url":"https:\/\/www.enviroscop.fr\/actu\/2022\/03\/lutte-contre-lartificialisation-des-sols-les-premiers-textes-dapplication-de-la-loi-climat-en-consultation\/","url_meta":{"origin":2546,"position":4},"title":"Lutte contre l&rsquo;artificialisation des sols : les premiers textes d&rsquo;application de la loi Climat en consultation","author":"Enviroscop","date":"9 mars 2022","format":false,"excerpt":"Coup sur coup, le minist\u00e8re de la Transition \u00e9cologique vient de d\u00e9voiler trois projets de d\u00e9crets d'application de la loi Climat et R\u00e9silience fixant le cadre du dispositif de lutte contre l'artificialisation des sols. Soumis \u00e0 consultation jusqu'au 25 mars prochain, ces textes portent respectivement sur la d\u00e9finition et la\u2026","rel":"","context":"Dans &quot;Agriculture&quot;","block_context":{"text":"Agriculture","link":"https:\/\/www.enviroscop.fr\/actu\/category\/activite\/agriculture\/"},"img":{"alt_text":"artificialisation des sols ","src":"https:\/\/i0.wp.com\/www.banquedesterritoires.fr\/sites\/default\/files\/styles\/landscape_no_crop\/public\/2022-03\/AdobeStock_275682836.jpeg.jpg?resize=350%2C200&ssl=1","width":350,"height":200,"srcset":"https:\/\/i0.wp.com\/www.banquedesterritoires.fr\/sites\/default\/files\/styles\/landscape_no_crop\/public\/2022-03\/AdobeStock_275682836.jpeg.jpg?resize=350%2C200&ssl=1 1x, https:\/\/i0.wp.com\/www.banquedesterritoires.fr\/sites\/default\/files\/styles\/landscape_no_crop\/public\/2022-03\/AdobeStock_275682836.jpeg.jpg?resize=525%2C300&ssl=1 1.5x, https:\/\/i0.wp.com\/www.banquedesterritoires.fr\/sites\/default\/files\/styles\/landscape_no_crop\/public\/2022-03\/AdobeStock_275682836.jpeg.jpg?resize=700%2C400&ssl=1 2x"},"classes":[]},{"id":4518,"url":"https:\/\/www.enviroscop.fr\/actu\/2021\/11\/portail-de-lartificialisation-des-sols\/","url_meta":{"origin":2546,"position":5},"title":"Portail de l&rsquo;artificialisation des sols","author":"Enviroscop","date":"30 novembre 2021","format":false,"excerpt":"Retrouvez sur ce site les chiffres de la consommation d'espaces, obtenus gr\u00e2ce aux fichiers fonciers. Les indicateurs sont fournis au niveau communal et sont t\u00e9l\u00e9chargeables. Vous trouverez \u00e9galement une carte interactive pour visualiser les donn\u00e9es, et des \u00e9l\u00e9ments d'analyse. Les donn\u00e9es 2009-2020, ont \u00e9t\u00e9 publi\u00e9es en septembre 2021. Elle viennent\u2026","rel":"","context":"Dans &quot;Agriculture&quot;","block_context":{"text":"Agriculture","link":"https:\/\/www.enviroscop.fr\/actu\/category\/activite\/agriculture\/"},"img":{"alt_text":"","src":"https:\/\/i0.wp.com\/www.enviroscop.fr\/actu\/wp-content\/uploads\/2021\/11\/Capture-decran-2021-11-30-082724.jpg?resize=350%2C200","width":350,"height":200,"srcset":"https:\/\/i0.wp.com\/www.enviroscop.fr\/actu\/wp-content\/uploads\/2021\/11\/Capture-decran-2021-11-30-082724.jpg?resize=350%2C200 1x, https:\/\/i0.wp.com\/www.enviroscop.fr\/actu\/wp-content\/uploads\/2021\/11\/Capture-decran-2021-11-30-082724.jpg?resize=525%2C300 1.5x"},"classes":[]}],"jetpack_sharing_enabled":true,"_links":{"self":[{"href":"https:\/\/www.enviroscop.fr\/actu\/wp-json\/wp\/v2\/posts\/2546","targetHints":{"allow":["GET"]}}],"collection":[{"href":"https:\/\/www.enviroscop.fr\/actu\/wp-json\/wp\/v2\/posts"}],"about":[{"href":"https:\/\/www.enviroscop.fr\/actu\/wp-json\/wp\/v2\/types\/post"}],"author":[{"embeddable":true,"href":"https:\/\/www.enviroscop.fr\/actu\/wp-json\/wp\/v2\/users\/1"}],"replies":[{"embeddable":true,"href":"https:\/\/www.enviroscop.fr\/actu\/wp-json\/wp\/v2\/comments?post=2546"}],"version-history":[{"count":0,"href":"https:\/\/www.enviroscop.fr\/actu\/wp-json\/wp\/v2\/posts\/2546\/revisions"}],"wp:attachment":[{"href":"https:\/\/www.enviroscop.fr\/actu\/wp-json\/wp\/v2\/media?parent=2546"}],"wp:term":[{"taxonomy":"category","embeddable":true,"href":"https:\/\/www.enviroscop.fr\/actu\/wp-json\/wp\/v2\/categories?post=2546"},{"taxonomy":"post_tag","embeddable":true,"href":"https:\/\/www.enviroscop.fr\/actu\/wp-json\/wp\/v2\/tags?post=2546"}],"curies":[{"name":"wp","href":"https:\/\/api.w.org\/{rel}","templated":true}]}}