{"id":2555,"date":"2016-02-05T19:11:13","date_gmt":"2016-02-05T18:11:13","guid":{"rendered":"http:\/\/www.enviroscop.fr\/actu\/?p=2555"},"modified":"2016-02-05T19:11:13","modified_gmt":"2016-02-05T18:11:13","slug":"enviroscop-recrute","status":"publish","type":"post","link":"https:\/\/www.enviroscop.fr\/actu\/2016\/02\/enviroscop-recrute\/","title":{"rendered":"Enviroscop recrute"},"content":{"rendered":"<h2>Descriptif du poste<\/h2>\n<div class=\"texte resizable\">EnviroScop &#8211; Bureau d\u2019\u00e9tudes et conseils en Environnement propose un <span style=\"color: #3366ff;\">CDI<\/span> pour un poste de charg\u00e9 d\u2019\u00e9tude en \u00e9valuation environnementale en Seine-Maritime (76).<\/p>\n<p>Missions :<br \/>\nAu sein de l\u2019\u00e9quipe, vous aurez en charge l\u2019analyse et la r\u00e9daction d&rsquo;\u00e9tudes d&rsquo;impact de projets d&rsquo;am\u00e9nagement, d&rsquo;\u00e9valuations environnementales de plans et programmes, d&rsquo;\u00e9tude de terrain pour l&rsquo;appr\u00e9ciation de la qualit\u00e9 paysag\u00e8re et environnementale de sites, avec :<br \/>\n&#8211; Collecte de donn\u00e9es sur les sites internet de r\u00e9f\u00e9rence et synth\u00e8se bibliographique ;<br \/>\n&#8211; Visite sur le terrain et collecte d\u2019informations sur place en lien avec les diff\u00e9rents th\u00e8mes environnementaux (hors faune-flore) ;<br \/>\n&#8211; Analyse et traitement des donn\u00e9es de terrain ;<br \/>\n&#8211; Int\u00e9gration \u00e0 un SIG et cartographie ;<br \/>\n&#8211; Evaluation et hi\u00e9rarchisation des enjeux ;<br \/>\n&#8211; R\u00e9daction de rapports d\u2019\u00e9tudes (Etude d\u2019impact) ;<br \/>\n&#8211; D\u00e9placements possibles dans toute la moiti\u00e9 nord de la France.<\/p><\/div>\n<h2>Comp\u00e9tences requises<\/h2>\n<div class=\"texte resizable\">Profil recherch\u00e9, qualifications requises :<br \/>\n&#8211; Exp\u00e9rience similaire en bureau d\u2019\u00e9tudes attendue ;<br \/>\n&#8211; Grande capacit\u00e9 d\u2019analyse, de r\u00e9daction et de synth\u00e8se ;<br \/>\n&#8211; Autonomie, rigueur intellectuelle, capacit\u00e9 d\u2019organisation et esprit d\u2019initiative ;<br \/>\n&#8211; Connaissance indispensable des cadres juridiques et m\u00e9thodologiques des \u00e9valuations environnementales de projets, plans et programmes ;<br \/>\n&#8211; Ma\u00eetrise indispensable des outils informatiques (Word, Excel&#8230;);<br \/>\n&#8211; Ma\u00eetrise indispensable des outils de cartographie SIG (MapInfo, QGis) ;<br \/>\n&#8211; Capacit\u00e9s d\u2019animation de groupes de travail ;<br \/>\n&#8211; Titulaire du Permis B, v\u00e9hicule indispensable,<br \/>\n&#8211; Niveau : Ing\u00e9nieur environnement (Bac +4\/+5) (grandes \u00e9coles, facult\u00e9)<\/p>\n<p>Int\u00e9r\u00eat dans l\u2019\u00e9conomie sociale et solidaire et <em>esprit coop\u00e9ratif<\/em>.<\/p>\n<p>Conditions :<br \/>\n&#8211; D\u00e9placements pris en charge lors des \u00e9tudes (d\u00e9fraiement, bar\u00e8me imp\u00f4ts),<br \/>\n&#8211; Convention collective SYNTEC, indice en fonction de l\u2019exp\u00e9rience,<\/p>\n<p>Modalit\u00e9s de recrutement :<br \/>\nLes dossiers de candidature comporteront une lettre de motivation circonstanci\u00e9e et un curriculum vitae d\u00e9taill\u00e9<\/p><\/div>\n<div class=\"texte resizable\"><\/div>\n<div class=\"texte resizable\">Merci d&rsquo;adresser vos candidatures \u00e0 : recrutement@enviroscop.fr<\/div>\n","protected":false},"excerpt":{"rendered":"<p>Descriptif du poste EnviroScop &#8211; Bureau d\u2019\u00e9tudes et conseils en Environnement propose un CDI pour un poste de charg\u00e9 d\u2019\u00e9tude en \u00e9valuation environnementale en Seine-Maritime (76). Missions : Au sein de l\u2019\u00e9quipe, vous aurez en charge l\u2019analyse et la r\u00e9daction d&rsquo;\u00e9tudes d&rsquo;impact de projets d&rsquo;am\u00e9nagement, d&rsquo;\u00e9valuations environnementales de plans et programmes, d&rsquo;\u00e9tude de terrain pour &hellip; <\/p>\n<p><a class=\"more-link btn\" href=\"https:\/\/www.enviroscop.fr\/actu\/2016\/02\/enviroscop-recrute\/\">Lire la suite<\/a><\/p>\n","protected":false},"author":1,"featured_media":0,"comment_status":"open","ping_status":"open","sticky":false,"template":"","format":"standard","meta":{"jetpack_post_was_ever_published":false,"_jetpack_newsletter_access":"","_jetpack_dont_email_post_to_subs":false,"_jetpack_newsletter_tier_id":0,"_jetpack_memberships_contains_paywalled_content":false,"_jetpack_memberships_contains_paid_content":false,"footnotes":"","jetpack_publicize_message":"","jetpack_publicize_feature_enabled":true,"jetpack_social_post_already_shared":true,"jetpack_social_options":{"image_generator_settings":{"template":"highway","default_image_id":0,"font":"","enabled":false},"version":2}},"categories":[1,48],"tags":[],"class_list":["post-2555","post","type-post","status-publish","format-standard","hentry","category-non-classe","category-scop","item-wrap"],"jetpack_publicize_connections":[],"jetpack_featured_media_url":"","jetpack_shortlink":"https:\/\/wp.me\/p3rXAp-Fd","jetpack_likes_enabled":true,"jetpack-related-posts":[{"id":2633,"url":"https:\/\/www.enviroscop.fr\/actu\/2016\/07\/enviroscop-recrute-2\/","url_meta":{"origin":2555,"position":0},"title":"Enviroscop recrute","author":"Enviroscop","date":"2 juillet 2016","format":false,"excerpt":"Au sein de l\u2019\u00e9quipe, vous aurez en charge l\u2019analyse et la r\u00e9daction d'\u00e9tudes d'impact de projets d'am\u00e9nagement, d'\u00e9valuations environnementales de plans, programmes et projets, d'\u00e9tude de terrain pour l'appr\u00e9ciation de la qualit\u00e9 urbaine et environnementale de sites, de propositions de solutions innovantes pour une meilleure int\u00e9gration urbaine dans l\u2019environnement, de\u2026","rel":"","context":"Dans &quot;Enviroscop&quot;","block_context":{"text":"Enviroscop","link":"https:\/\/www.enviroscop.fr\/actu\/category\/non-classe\/"},"img":{"alt_text":"cropped-TITLE32.jpg","src":"https:\/\/i0.wp.com\/www.enviroscop.fr\/actu\/wp-content\/uploads\/2013\/02\/cropped-TITLE32-300x31.jpg?resize=350%2C200","width":350,"height":200},"classes":[]},{"id":2871,"url":"https:\/\/www.enviroscop.fr\/actu\/2017\/09\/enviroscop-recrute-une-chargee-detude-geographie-paysage\/","url_meta":{"origin":2555,"position":1},"title":"Poste pourvu ! Enviroscop recrute un(e) charg\u00e9(e) d\u2019\u00e9tude g\u00e9ographie et paysage","author":"Enviroscop","date":"19 septembre 2017","format":false,"excerpt":"Dans le cadre du d\u00e9veloppement de nos activit\u00e9s, nous recherchons un(e) charg\u00e9(e) d\u2019\u00e9tude en g\u00e9ographie\/paysage pour renforcer notre \u00e9quipe pluridisciplinaire de 5 personnes (g\u00e9ographes, ing\u00e9nieurs \u00e9cologues et paysagistes). \u00a0 Missions Au sein de l\u2019\u00e9quipe, vous assisterez les chefs de projet pour l\u2019analyse, la cartographie et la r\u00e9daction d'\u00e9tudes paysag\u00e8res (\u00e9olien\u2026","rel":"","context":"Dans &quot;Enviroscop&quot;","block_context":{"text":"Enviroscop","link":"https:\/\/www.enviroscop.fr\/actu\/category\/non-classe\/"},"img":{"alt_text":"","src":"","width":0,"height":0},"classes":[]},{"id":4100,"url":"https:\/\/www.enviroscop.fr\/actu\/2021\/02\/offre-de-recrutement-charge-e-detudes-paysage-eolien\/","url_meta":{"origin":2555,"position":2},"title":"Offre de recrutement : CHARGE.E D\u2019ETUDES PAYSAGE EOLIEN","author":"Enviroscop","date":"11 f\u00e9vrier 2021","format":false,"excerpt":"Dans le cadre du d\u00e9veloppement de nos activit\u00e9s, nous recherchons un(e) charg\u00e9(e) d\u2019\u00e9tude en paysage pour renforcer notre \u00e9quipe pluridisciplinaire (g\u00e9ographes, ing\u00e9nieurs \u00e9cologues et paysagistes). Au sein de l\u2019\u00e9quipe, vous assisterez les chefs de projet paysage pour l\u2019analyse, la cartographie et la r\u00e9daction des volets paysagers de projets \u00e9oliens. Vous\u2026","rel":"","context":"Dans &quot;Enviroscop&quot;","block_context":{"text":"Enviroscop","link":"https:\/\/www.enviroscop.fr\/actu\/category\/non-classe\/"},"img":{"alt_text":"","src":"","width":0,"height":0},"classes":[]},{"id":2286,"url":"https:\/\/www.enviroscop.fr\/actu\/2015\/04\/vers-une-etude-dimpact-projets-en-milieu-sensible\/","url_meta":{"origin":2555,"position":3},"title":"Vers une \u00e9tude d&rsquo;impact \u00ab\u00a0projets en milieu sensible\u00a0\u00bb","author":"Enviroscop","date":"8 avril 2015","format":false,"excerpt":"Ce 3 avril, S\u00e9gol\u00e8ne Royal a re\u00e7u le rapport demand\u00e9\u00a0sur l'\u00e9valuation environnementale dans le cadre des travaux de modernisation du Droit de l'Environnement qui \u00e9met\u00a0des propositions sur le\u00a0r\u00e9gime des \u00e9tudes d'impact et sur\u00a0l'autorit\u00e9 environnementale, dans un objectif de simplification, mais sans pour autant revenir sur les avanc\u00e9es en mati\u00e8re de\u2026","rel":"","context":"Dans &quot;Enqu\u00eate publique&quot;","block_context":{"text":"Enqu\u00eate publique","link":"https:\/\/www.enviroscop.fr\/actu\/category\/evaluation\/enquete-publique\/"},"img":{"alt_text":"","src":"","width":0,"height":0},"classes":[]},{"id":3755,"url":"https:\/\/www.enviroscop.fr\/actu\/2020\/05\/consultation-des-etudes-dimpact\/","url_meta":{"origin":2555,"position":4},"title":"Consultation des \u00e9tudes d&rsquo;impact","author":"Enviroscop","date":"27 mai 2020","format":false,"excerpt":"On en parlait d\u00e9j\u00e0 au si\u00e8cle dernier, d'avoir une base de donn\u00e9es des \u00e9tudes d'impacts r\u00e9alis\u00e9es sur le territoire national... Apr\u00e8s plusieurs tentatives plus ou moins effectives, voici la derni\u00e8re mouture qui semble fonctionnelle. Recherche g\u00e9ographique, th\u00e9matique, statutaire ou proc\u00e9durale, rien ne semble oubli\u00e9, et la base est d\u00e9j\u00e0 riche\u2026","rel":"","context":"Dans &quot;Enviroscop&quot;","block_context":{"text":"Enviroscop","link":"https:\/\/www.enviroscop.fr\/actu\/category\/non-classe\/"},"img":{"alt_text":"","src":"https:\/\/i0.wp.com\/www.enviroscop.fr\/actu\/wp-content\/uploads\/2020\/05\/Annotation-2020-05-27-091357-300x240.png?resize=350%2C200","width":350,"height":200},"classes":[]},{"id":3827,"url":"https:\/\/www.enviroscop.fr\/actu\/2020\/09\/autorisation-environnementale-une-charte-avec-les-bureaux-detudes\/","url_meta":{"origin":2555,"position":5},"title":"Autorisation environnementale : une charte avec les bureaux d\u2019\u00e9tudes","author":"Enviroscop","date":"9 septembre 2020","format":false,"excerpt":"La DRIEE publie une charte d\u2019engagement\u00a0entre la DRIEE et les bureaux d\u2019\u00e9tudes\u00a0:\u00a0Charte d\u2019engagement entre la DRIEE et les bureaux d\u2019\u00e9tudes\u00a0(format pdf - 178.6 ko - 07\/09\/2020)\u00a0.Cette charte liste par exemple les attentes de la DRIEE dans le cadre de la phase amont et de la phase d\u2019instruction des dossiers. Elle\u2026","rel":"","context":"Dans &quot;DREAL&quot;","block_context":{"text":"DREAL","link":"https:\/\/www.enviroscop.fr\/actu\/category\/source\/dreal\/"},"img":{"alt_text":"","src":"","width":0,"height":0},"classes":[]}],"jetpack_sharing_enabled":true,"_links":{"self":[{"href":"https:\/\/www.enviroscop.fr\/actu\/wp-json\/wp\/v2\/posts\/2555","targetHints":{"allow":["GET"]}}],"collection":[{"href":"https:\/\/www.enviroscop.fr\/actu\/wp-json\/wp\/v2\/posts"}],"about":[{"href":"https:\/\/www.enviroscop.fr\/actu\/wp-json\/wp\/v2\/types\/post"}],"author":[{"embeddable":true,"href":"https:\/\/www.enviroscop.fr\/actu\/wp-json\/wp\/v2\/users\/1"}],"replies":[{"embeddable":true,"href":"https:\/\/www.enviroscop.fr\/actu\/wp-json\/wp\/v2\/comments?post=2555"}],"version-history":[{"count":0,"href":"https:\/\/www.enviroscop.fr\/actu\/wp-json\/wp\/v2\/posts\/2555\/revisions"}],"wp:attachment":[{"href":"https:\/\/www.enviroscop.fr\/actu\/wp-json\/wp\/v2\/media?parent=2555"}],"wp:term":[{"taxonomy":"category","embeddable":true,"href":"https:\/\/www.enviroscop.fr\/actu\/wp-json\/wp\/v2\/categories?post=2555"},{"taxonomy":"post_tag","embeddable":true,"href":"https:\/\/www.enviroscop.fr\/actu\/wp-json\/wp\/v2\/tags?post=2555"}],"curies":[{"name":"wp","href":"https:\/\/api.w.org\/{rel}","templated":true}]}}