{"id":2564,"date":"2016-02-23T08:43:58","date_gmt":"2016-02-23T07:43:58","guid":{"rendered":"http:\/\/www.enviroscop.fr\/actu\/?p=2564"},"modified":"2016-02-23T08:43:58","modified_gmt":"2016-02-23T07:43:58","slug":"la-mise-a-disposition-du-public-dune-etude-dimpact-peut-etre-exigible-meme-si-le-droit-interne-ne-le-prevoit-pas-encore-conseil-detat","status":"publish","type":"post","link":"https:\/\/www.enviroscop.fr\/actu\/2016\/02\/la-mise-a-disposition-du-public-dune-etude-dimpact-peut-etre-exigible-meme-si-le-droit-interne-ne-le-prevoit-pas-encore-conseil-detat\/","title":{"rendered":"La mise \u00e0 disposition du public d\u2019une \u00e9tude d\u2019impact peut \u00eatre exigible m\u00eame si le droit interne ne le pr\u00e9voit pas encore (Conseil d\u2019Etat)"},"content":{"rendered":"<header class=\"box-header\">Le Conseil d\u2019Etat vient de rendre un arr\u00eat important pour le r\u00e9gime juridique de l&rsquo;\u00e9tude d&rsquo;impact mais aussi de la participation du public. Aux termes de sa d\u00e9cision n\u00b0387106 du 22 janvier 2016, le d\u00e9faut de mise \u00e0 disposition du public d\u2019une \u00e9tude d\u2019impact peut constituer un vice de proc\u00e9dure, m\u00eame si aucune disposition l\u00e9gislative ou r\u00e9glementaire de droit interne ne le pr\u00e9voit encore, \u00e0 la diff\u00e9rence du droit de l\u2019Union europ\u00e9enne.<\/p>\n<p>Analyse de notre confr\u00e8re Arnaud Gossement sur son site : <a href=\"http:\/\/www.arnaudgossement.com\/archive\/2016\/02\/03\/la-mise-a-disposition-du-public-d-une-etude-d-impact-peut-et-5754504.html\" target=\"_blank\">c&rsquo;est ICI<\/a><\/p>\n<p>&nbsp;<\/p>\n<\/header>\n","protected":false},"excerpt":{"rendered":"<p>Le Conseil d\u2019Etat vient de rendre un arr\u00eat important pour le r\u00e9gime juridique de l&rsquo;\u00e9tude d&rsquo;impact mais aussi de la participation du public. Aux termes de sa d\u00e9cision n\u00b0387106 du 22 janvier 2016, le d\u00e9faut de mise \u00e0 disposition du public d\u2019une \u00e9tude d\u2019impact peut constituer un vice de proc\u00e9dure, m\u00eame si aucune disposition l\u00e9gislative &hellip; <\/p>\n<p><a class=\"more-link btn\" href=\"https:\/\/www.enviroscop.fr\/actu\/2016\/02\/la-mise-a-disposition-du-public-dune-etude-dimpact-peut-etre-exigible-meme-si-le-droit-interne-ne-le-prevoit-pas-encore-conseil-detat\/\">Lire la suite<\/a><\/p>\n","protected":false},"author":1,"featured_media":0,"comment_status":"open","ping_status":"open","sticky":false,"template":"","format":"standard","meta":{"jetpack_post_was_ever_published":false,"_jetpack_newsletter_access":"","_jetpack_dont_email_post_to_subs":false,"_jetpack_newsletter_tier_id":0,"_jetpack_memberships_contains_paywalled_content":false,"_jetpack_memberships_contains_paid_content":false,"footnotes":"","jetpack_publicize_message":"","jetpack_publicize_feature_enabled":true,"jetpack_social_post_already_shared":true,"jetpack_social_options":{"image_generator_settings":{"template":"highway","default_image_id":0,"font":"","enabled":false},"version":2}},"categories":[78,9,34],"tags":[],"class_list":["post-2564","post","type-post","status-publish","format-standard","hentry","category-conseil-detat","category-etude-dimpact","category-jurisprudence","item-wrap"],"jetpack_publicize_connections":[],"jetpack_featured_media_url":"","jetpack_shortlink":"https:\/\/wp.me\/p3rXAp-Fm","jetpack_likes_enabled":true,"jetpack-related-posts":[{"id":4508,"url":"https:\/\/www.enviroscop.fr\/actu\/2021\/11\/etude-dimpact-le-conseil-detat-fixe-des-limites-a-la-presentation-de-solutions-de-substitution\/","url_meta":{"origin":2564,"position":0},"title":"\u00c9tude d&rsquo;impact : le Conseil d&rsquo;\u00c9tat fixe des limites \u00e0 la pr\u00e9sentation de solutions de substitution","author":"Enviroscop","date":"23 novembre 2021","format":false,"excerpt":"Le contentieux portant sur la centrale de production d'\u00e9lectricit\u00e9 de Landivisiau (Finist\u00e8re) fait d\u00e9cid\u00e9ment \u00e9voluer la jurisprudence. En m\u00eame temps qu'une d\u00e9cision reconnaissant l'effet direct d'une nouvelle disposition de la Convention d'Aarhus, le Conseil d'\u00c9tat a rendu, le 15\u00a0novembre, une autre\u00a0d\u00e9cision\u00a0qui, quant \u00e0 elle, pr\u00e9cise l'obligation pour le porteur de\u2026","rel":"","context":"Dans &quot;Conseil d'Etat&quot;","block_context":{"text":"Conseil d'Etat","link":"https:\/\/www.enviroscop.fr\/actu\/category\/juridique\/conseil-detat\/"},"img":{"alt_text":"","src":"","width":0,"height":0},"classes":[]},{"id":4184,"url":"https:\/\/www.enviroscop.fr\/actu\/2021\/04\/evaluation-environnementale-et-clause-filet-letat-doit-reviser-la-liste-des-projets-soumis-a-etude-dimpact-dans-un-delai-de-9-mois-conseil-detat\/","url_meta":{"origin":2564,"position":1},"title":"Evaluation environnementale et \u00ab\u00a0clause filet\u00a0\u00bb : l&rsquo;Etat doit r\u00e9viser la liste des projets soumis \u00e0 \u00e9tude d&rsquo;impact dans un d\u00e9lai de 9 mois (Conseil d&rsquo;Etat)","author":"Enviroscop","date":"28 avril 2021","format":false,"excerpt":"Par arr\u00eat n\u00b0425424 du 15 avril 2021, le Conseil d'Etat\u00a0a, \u00e0 la demande de l'association France Nature Environnement, enjoint au Premier ministre de r\u00e9viser, dans un d\u00e9lai de 9 mois, la nomenclature des projets soumis \u00e0 \u00e9valuation environnementale. Et ce, de mani\u00e8re \u00e0 ce que cette nomenclature ne soit plus\u2026","rel":"","context":"Dans &quot;Conseil d'Etat&quot;","block_context":{"text":"Conseil d'Etat","link":"https:\/\/www.enviroscop.fr\/actu\/category\/juridique\/conseil-detat\/"},"img":{"alt_text":"","src":"https:\/\/i0.wp.com\/www.enviroscop.fr\/actu\/wp-content\/uploads\/2013\/05\/17141_une.jpg?resize=350%2C200","width":350,"height":200},"classes":[]},{"id":5228,"url":"https:\/\/www.enviroscop.fr\/actu\/2023\/04\/etude-dimpact-le-porteur-de-projet-doit-analyser-les-incidences-directes-de-louvrage-sur-lenvironnement-mais-aussi-les-incidences-indirectes-de-son-utilisation-et-de-son-exploitation-conseil\/","url_meta":{"origin":2564,"position":2},"title":"Etude d&rsquo;impact : le porteur de projet doit analyser les incidences directes de l&rsquo;ouvrage sur l&rsquo;environnement mais aussi les incidences indirectes de son utilisation et de son exploitation (Conseil d&rsquo;Etat, 27 mars 2023, n\u00b0450135 &#8211; centrale biomasse de Gardanne)","author":"Enviroscop","date":"26 avril 2023","format":false,"excerpt":"Par une d\u00e9cision - tr\u00e8s importante - n\u00b0450135 du 27 mars 2023, le Conseil d'Etat a confirm\u00e9 l'annulation de l'autorisation d'exploiter la centrale biomasse de Provence (Gardanne). Cette autorisation proc\u00e8de en effet d'une \u00e9tude d'impact insuffisante, cette derni\u00e8re ne comportant pas d'analyse\u00a0des incidences pr\u00e9visibles de l'utilisation et de l'exploitation de\u2026","rel":"","context":"Dans &quot;Arnaud Gossement&quot;","block_context":{"text":"Arnaud Gossement","link":"https:\/\/www.enviroscop.fr\/actu\/category\/source\/arnaud-gossement\/"},"img":{"alt_text":"","src":"https:\/\/i0.wp.com\/www.enviroscop.fr\/actu\/wp-content\/uploads\/2013\/05\/17141_une.jpg?resize=350%2C200&ssl=1","width":350,"height":200},"classes":[]},{"id":5199,"url":"https:\/\/www.enviroscop.fr\/actu\/2023\/03\/etude-dimpact-le-porteur-de-projet-doit-analyser-les-incidences-directes-de-louvrage-sur-lenvironnement-mais-aussi-les-incidences-indirectes-de-son-utilisation-et-de-son-exploitation\/","url_meta":{"origin":2564,"position":3},"title":"Etude d&rsquo;impact : le porteur de projet doit analyser les incidences directes de l&rsquo;ouvrage sur l&rsquo;environnement mais aussi les incidences indirectes de son utilisation et de son exploitation","author":"Enviroscop","date":"29 mars 2023","format":false,"excerpt":"Par une d\u00e9cision - tr\u00e8s importante - n\u00b0450135 du 27 mars 2023, le Conseil d'Etat a confirm\u00e9 l'annulation de l'autorisation d'exploiter la centrale biomasse de Provence (Gardanne). Cette autorisation proc\u00e8de en effet d'une \u00e9tude d'impact insuffisante, cette derni\u00e8re ne comportant pas d'analyse\u00a0des incidences pr\u00e9visibles de l'utilisation et de l'exploitation de\u2026","rel":"","context":"Dans &quot;Arnaud Gossement&quot;","block_context":{"text":"Arnaud Gossement","link":"https:\/\/www.enviroscop.fr\/actu\/category\/source\/arnaud-gossement\/"},"img":{"alt_text":"","src":"https:\/\/i0.wp.com\/www.enviroscop.fr\/actu\/wp-content\/uploads\/2013\/05\/17141_une.jpg?resize=350%2C200","width":350,"height":200},"classes":[]},{"id":3175,"url":"https:\/\/www.enviroscop.fr\/actu\/2018\/11\/autorite-environnementale-retour-sur-lavis-du-conseil-detat-du-27-septembre-2018\/","url_meta":{"origin":2564,"position":4},"title":"Autorit\u00e9 environnementale : retour sur l&rsquo;avis du Conseil d&rsquo;Etat du 27 septembre 2018","author":"Enviroscop","date":"6 novembre 2018","format":false,"excerpt":"Ce 27 septembre 2018, le Conseil d'Etat a rendu un avis tr\u00e8s attendu sur les conditions de r\u00e9gularisation d'une autorisation environnementale dont la l\u00e9galit\u00e9 est affect\u00e9e par l'irr\u00e9gularit\u00e9 de l'avis \u00e9mis par l'autorit\u00e9 environnementale. Un avis complexe qui appelle une analyse tr\u00e8s attentive de son sens et de sa port\u00e9e.\u2026","rel":"","context":"Dans &quot;Conseil d'Etat&quot;","block_context":{"text":"Conseil d'Etat","link":"https:\/\/www.enviroscop.fr\/actu\/category\/juridique\/conseil-detat\/"},"img":{"alt_text":"","src":"","width":0,"height":0},"classes":[]},{"id":3027,"url":"https:\/\/www.enviroscop.fr\/actu\/2018\/05\/levaluation-environnementale-dun-plan-peut-etre-requise-meme-sans-texte-reglementaire-conseil-detat\/","url_meta":{"origin":2564,"position":5},"title":"L\u2019\u00e9valuation environnementale d\u2019un plan peut \u00eatre requise m\u00eame sans texte r\u00e9glementaire (Conseil d\u2019Etat)","author":"Enviroscop","date":"31 mai 2018","format":false,"excerpt":"Par une\u00a0d\u00e9cision n\u00b0408887 en date du 16 mai 2018, le Conseil d\u2019Etat a jug\u00e9 que l'\u00e9valuation\u00a0 environnementale d'un plan ou d'un programme peut \u00eatre requise sur le seul fondement de l\u2019article L. 122-4 de l\u2019environnement . En cons\u00e9quence, le Conseil d\u2019Etat a pr\u00e9cis\u00e9 que le sch\u00e9ma r\u00e9gional du climat, de\u2026","rel":"","context":"Dans &quot;Etude d'impact&quot;","block_context":{"text":"Etude d'impact","link":"https:\/\/www.enviroscop.fr\/actu\/category\/evaluation\/etude-dimpact\/"},"img":{"alt_text":"","src":"","width":0,"height":0},"classes":[]}],"jetpack_sharing_enabled":true,"_links":{"self":[{"href":"https:\/\/www.enviroscop.fr\/actu\/wp-json\/wp\/v2\/posts\/2564","targetHints":{"allow":["GET"]}}],"collection":[{"href":"https:\/\/www.enviroscop.fr\/actu\/wp-json\/wp\/v2\/posts"}],"about":[{"href":"https:\/\/www.enviroscop.fr\/actu\/wp-json\/wp\/v2\/types\/post"}],"author":[{"embeddable":true,"href":"https:\/\/www.enviroscop.fr\/actu\/wp-json\/wp\/v2\/users\/1"}],"replies":[{"embeddable":true,"href":"https:\/\/www.enviroscop.fr\/actu\/wp-json\/wp\/v2\/comments?post=2564"}],"version-history":[{"count":0,"href":"https:\/\/www.enviroscop.fr\/actu\/wp-json\/wp\/v2\/posts\/2564\/revisions"}],"wp:attachment":[{"href":"https:\/\/www.enviroscop.fr\/actu\/wp-json\/wp\/v2\/media?parent=2564"}],"wp:term":[{"taxonomy":"category","embeddable":true,"href":"https:\/\/www.enviroscop.fr\/actu\/wp-json\/wp\/v2\/categories?post=2564"},{"taxonomy":"post_tag","embeddable":true,"href":"https:\/\/www.enviroscop.fr\/actu\/wp-json\/wp\/v2\/tags?post=2564"}],"curies":[{"name":"wp","href":"https:\/\/api.w.org\/{rel}","templated":true}]}}