{"id":260,"date":"2013-02-05T07:14:00","date_gmt":"2013-02-05T07:14:00","guid":{"rendered":"http:\/\/actu.enviroscop.com\/le-potentiel-eolien-dune-zone-doit-etre-deter"},"modified":"2013-02-28T17:06:52","modified_gmt":"2013-02-28T16:06:52","slug":"le-potentiel-eolien-dune-zone-doit-etre-deter","status":"publish","type":"post","link":"https:\/\/www.enviroscop.fr\/actu\/2013\/02\/le-potentiel-eolien-dune-zone-doit-etre-deter\/","title":{"rendered":"Le potentiel \u00e9olien d&rsquo;une zone doit \u00eatre d\u00e9termin\u00e9 de fa\u00e7on scientifique"},"content":{"rendered":"<h1 class=\"resizable\" style=\"font-size: 18px; margin: 0 0 8px 1px; color: #c95100; font-weight: 100; text-align: justify; line-height: 22px; font-family: Trebuchet MS, Arial, Helvetica, sans-serif;\"><span style=\"color: #282828; font-weight: bold; line-height: 19px; font-size: 13px;\">Comment appr\u00e9cier le potentiel \u00e9olien d&rsquo;une zone ? Potentiel qui conditionne la l\u00e9galit\u00e9 d&rsquo;une zone de d\u00e9veloppement de l&rsquo;\u00e9olien et, partant, les conditions d&rsquo;achat de l&rsquo;\u00e9lectricit\u00e9 produite. Le Conseil d&rsquo;Etat apporte une r\u00e9ponse.<\/span><\/h1>\n<p><span style=\"font-family: Trebuchet MS, Arial, Helvetica, sans-serif; line-height: 20px; text-align: justify;\">Le Conseil d&rsquo;Etat pr\u00e9cise que \u00ab\u00a0<\/span><em style=\"font-family: Trebuchet MS, Arial, Helvetica, sans-serif; line-height: 20px; text-align: justify;\">pour pouvoir se livrer \u00e0 une telle appr\u00e9ciation, l&rsquo;autorit\u00e9 pr\u00e9fectorale doit disposer de donn\u00e9es recueillies selon une m\u00e9thode scientifique de nature \u00e0 \u00e9tablir le potentiel \u00e9olien de la zone \u00e0 une \u00e9chelle g\u00e9ographique et avec une pr\u00e9cision suffisante<\/em><span style=\"font-family: Trebuchet MS, Arial, Helvetica, sans-serif; line-height: 20px; text-align: justify;\">\u00ab\u00a0.<\/span><\/p>\n<p><span style=\"color: #282828; font-weight: bold; line-height: 19px; font-size: 13px;\"><a href=\"http:\/\/www.actu-environnement.com\/ae\/news\/eolien-potentiel-ZDE-SRE-Conseil-Etat-17711.php4#xtor=EPR-1\" target=\"_blank\">Un article d&rsquo;ActuEnvironnement<\/a><\/span><\/p>\n","protected":false},"excerpt":{"rendered":"<p>Comment appr??cier le potentiel ??olien d&rsquo;une zone ? Potentiel qui conditionne la l??galit?? d&rsquo;une zone de d??veloppement de l&rsquo;??olien et, partant, les conditions d&rsquo;achat de l&rsquo;??lectricit?? produite. Le Conseil d&rsquo;Etat apporte une r??ponse. Le Cons&#8230;<\/p>\n","protected":false},"author":1,"featured_media":0,"comment_status":"open","ping_status":"open","sticky":false,"template":"","format":"standard","meta":{"jetpack_post_was_ever_published":false,"_jetpack_newsletter_access":"","_jetpack_dont_email_post_to_subs":false,"_jetpack_newsletter_tier_id":0,"_jetpack_memberships_contains_paywalled_content":false,"_jetpack_memberships_contains_paid_content":false,"footnotes":"","jetpack_publicize_message":"","jetpack_publicize_feature_enabled":true,"jetpack_social_post_already_shared":false,"jetpack_social_options":{"image_generator_settings":{"template":"highway","default_image_id":0,"font":"","enabled":false},"version":2}},"categories":[8],"tags":[],"class_list":["post-260","post","type-post","status-publish","format-standard","hentry","category-eolien","item-wrap"],"jetpack_publicize_connections":[],"jetpack_featured_media_url":"","jetpack_shortlink":"https:\/\/wp.me\/p3rXAp-4c","jetpack_likes_enabled":true,"jetpack-related-posts":[{"id":37,"url":"https:\/\/www.enviroscop.fr\/actu\/2012\/03\/eolien-annulation-du-tarif-de-rachat\/","url_meta":{"origin":260,"position":0},"title":"Eolien : annulation du tarif de rachat ?","author":"Enviroscop","date":"31 mars 2012","format":false,"excerpt":"Le SER (Syndicat des ??nergies renouvelables) s'affirme \"tr??s inquiet\" sur la possible annulation par le Conseil d'Etat. En effet, \"Vent de col??re\", collectif national d'associations anti-??oliennes, en a demand?? la suspension. Le Conseil d'Eta...","rel":"","context":"Dans &quot;Eolien&quot;","block_context":{"text":"Eolien","link":"https:\/\/www.enviroscop.fr\/actu\/category\/energie\/renouvelable\/eolien\/"},"img":{"alt_text":"","src":"","width":0,"height":0},"classes":[]},{"id":1837,"url":"https:\/\/www.enviroscop.fr\/actu\/2014\/03\/le-conseil-detat-transmet-une-question-prioritaire-de-constitutionnalite-sur-les-schemas-regionaux-du-climat-de-lair-et-de-lenergie\/","url_meta":{"origin":260,"position":1},"title":"Le Conseil d&rsquo;Etat transmet une question prioritaire de constitutionnalit\u00e9 sur les sch\u00e9mas r\u00e9gionaux du climat, de l&rsquo;air et de l&rsquo;\u00e9nergie","author":"Enviroscop","date":"10 mars 2014","format":false,"excerpt":"Voici une d\u00e9cision d'une particuli\u00e8re importance dont les cons\u00e9quences peuvent \u00eatre importantes pour le d\u00e9veloppement des \u00e9nergies renouvelables et, \u00e9ventuellement, pour la r\u00e9daction du projet de loi sur la transition \u00e9nerg\u00e9tique. Ce 7 mars 2014, le Conseil d'Etat a en effet transmis au Conseil constitutionnel une \"question prioritaire de constitutionnalit\u00e9\"\u2026","rel":"","context":"Dans &quot;Climat&quot;","block_context":{"text":"Climat","link":"https:\/\/www.enviroscop.fr\/actu\/category\/climat\/"},"img":{"alt_text":"","src":"","width":0,"height":0},"classes":[]},{"id":1227,"url":"https:\/\/www.enviroscop.fr\/actu\/2013\/07\/eolien-les-arretes-definissant-les-zde-etaient-ils-soumis-a-la-participation-du-public\/","url_meta":{"origin":260,"position":2},"title":"Eolien : les arr\u00eat\u00e9s d\u00e9finissant les ZDE \u00e9taient-ils soumis \u00e0 la participation du public ?","author":"Enviroscop","date":"2 juillet 2013","format":false,"excerpt":"Les arr\u00eat\u00e9s pr\u00e9fectoraux d\u00e9finissant les ZDE n'\u00e9taient pas soumis au principe de participation du public tel qu'\u00e9nonc\u00e9 par le code de l'environnement. C'est ce que vient de trancher le Conseil d'Etat, non sans cons\u00e9quences. Par\u00a0une d\u00e9cision du 26 juin 2013, le Conseil d'Etat s'est prononc\u00e9 sur la question de savoir\u2026","rel":"","context":"Dans &quot;Concertation&quot;","block_context":{"text":"Concertation","link":"https:\/\/www.enviroscop.fr\/actu\/category\/concertation\/"},"img":{"alt_text":"Eolien : les arr\u00eat\u00e9s d\u00e9finissant les ZDE \u00e9taient-ils soumis \u00e0 la participation du public ?","src":"https:\/\/i0.wp.com\/www.actu-environnement.com\/images\/illustrations\/news\/18899_une.jpg?resize=350%2C200","width":350,"height":200},"classes":[]},{"id":245,"url":"https:\/\/www.enviroscop.fr\/actu\/2010\/05\/la-zde-et-le-schma-rgional-olien\/","url_meta":{"origin":260,"position":3},"title":"La ZDE et le sch??ma r??gional ??olien","author":"Enviroscop","date":"21 mai 2010","format":false,"excerpt":"Le cinqui??me alin??a de l???article L. 222-1 du code de l???environnement est compl??t?? par une phrase ainsi r??dig??e : Un sch??ma r??gional ??olien qui constitue un volet annex?? ce document d??finit les parties du territoire favorables a...","rel":"","context":"Dans &quot;Eolien&quot;","block_context":{"text":"Eolien","link":"https:\/\/www.enviroscop.fr\/actu\/category\/energie\/renouvelable\/eolien\/"},"img":{"alt_text":"","src":"","width":0,"height":0},"classes":[]},{"id":191,"url":"https:\/\/www.enviroscop.fr\/actu\/2012\/03\/amenagement-urbain-et-energies-renouvelables\/","url_meta":{"origin":260,"position":4},"title":"Am\u00e9nagement urbain et \u00e9nergies renouvelables","author":"Enviroscop","date":"16 mars 2012","format":false,"excerpt":"L'article 8 de la loi Grenelle I pr??voit que : Toute action ou op??ration d'am??nagement telle que d??finie l'article L. 300-1 et faisant l'objet d'une ??tude d'impact doit faire l'objet d'une ??tude de faisabilit?? sur le potentiel de d...","rel":"","context":"Dans &quot;Am\u00e9nagement&quot;","block_context":{"text":"Am\u00e9nagement","link":"https:\/\/www.enviroscop.fr\/actu\/category\/amenagement\/"},"img":{"alt_text":"","src":"","width":0,"height":0},"classes":[]},{"id":131,"url":"https:\/\/www.enviroscop.fr\/actu\/2012\/07\/eoliennes-des-ouvragesequipements-dinteret-pu\/","url_meta":{"origin":260,"position":5},"title":"Eoliennes : des ouvrages\/\u00e9quipements d&rsquo;int\u00e9r\u00eat public au sens des r\u00e9glements des zones NC ou ND des POS","author":"Enviroscop","date":"24 juillet 2012","format":false,"excerpt":"Par une s??rie de trois arr??ts rendus ce 13 juillet 2012, le Conseil d'Etat a apport?? d'utiles pr??cisions sur la qualit?? d'ouvrage d'int??r??t public que repr??sentent les ??oliennes au regard des dispositions des r??glements des zones NC et N...","rel":"","context":"Dans &quot;Eolien&quot;","block_context":{"text":"Eolien","link":"https:\/\/www.enviroscop.fr\/actu\/category\/energie\/renouvelable\/eolien\/"},"img":{"alt_text":"","src":"","width":0,"height":0},"classes":[]}],"jetpack_sharing_enabled":true,"_links":{"self":[{"href":"https:\/\/www.enviroscop.fr\/actu\/wp-json\/wp\/v2\/posts\/260","targetHints":{"allow":["GET"]}}],"collection":[{"href":"https:\/\/www.enviroscop.fr\/actu\/wp-json\/wp\/v2\/posts"}],"about":[{"href":"https:\/\/www.enviroscop.fr\/actu\/wp-json\/wp\/v2\/types\/post"}],"author":[{"embeddable":true,"href":"https:\/\/www.enviroscop.fr\/actu\/wp-json\/wp\/v2\/users\/1"}],"replies":[{"embeddable":true,"href":"https:\/\/www.enviroscop.fr\/actu\/wp-json\/wp\/v2\/comments?post=260"}],"version-history":[{"count":0,"href":"https:\/\/www.enviroscop.fr\/actu\/wp-json\/wp\/v2\/posts\/260\/revisions"}],"wp:attachment":[{"href":"https:\/\/www.enviroscop.fr\/actu\/wp-json\/wp\/v2\/media?parent=260"}],"wp:term":[{"taxonomy":"category","embeddable":true,"href":"https:\/\/www.enviroscop.fr\/actu\/wp-json\/wp\/v2\/categories?post=260"},{"taxonomy":"post_tag","embeddable":true,"href":"https:\/\/www.enviroscop.fr\/actu\/wp-json\/wp\/v2\/tags?post=260"}],"curies":[{"name":"wp","href":"https:\/\/api.w.org\/{rel}","templated":true}]}}