{"id":2656,"date":"2016-09-07T08:13:49","date_gmt":"2016-09-07T07:13:49","guid":{"rendered":"http:\/\/www.enviroscop.fr\/actu\/?p=2656"},"modified":"2016-09-07T08:14:51","modified_gmt":"2016-09-07T07:14:51","slug":"compensation-agricole","status":"publish","type":"post","link":"https:\/\/www.enviroscop.fr\/actu\/2016\/09\/compensation-agricole\/","title":{"rendered":"Compensation agricole"},"content":{"rendered":"<p>Le d\u00e9cret du 31 ao\u00fbt, pr\u00e9cisant les modalit\u00e9s de compensation agricole collective et les projets qui y sont soumis, est paru le 2 septembre dernier au Journal Officiel.<\/p>\n<p>Le texte int\u00e9gral est lisible sur <a href=\"https:\/\/www.legifrance.gouv.fr\/jo_pdf.do?id=JORFTEXT000033084702\">Legifrance<\/a><\/p>\n<p>&nbsp;<\/p>\n<p>Il entre en vigueur pour tout projet soumis \u00e0 \u00e9valuation environnementale d\u00e9pos\u00e9 apr\u00e8s le 1er novembre 2016.<\/p>\n<p>&nbsp;<\/p>\n<p>En r\u00e9sum\u00e9 :<\/p>\n<p>L\u2019\u00e9tude pr\u00e9alable pr\u00e9vue \u00e0 l\u2019article L.112-1-3 du code rural s\u2019impose pour tous les projets situ\u00e9s :<\/p>\n<ul>\n<li>sur une zone agricole, foresti\u00e8re ou naturelle,<\/li>\n<li>sur une zone \u00e0 urbaniser,<\/li>\n<li>sur toute surface qui est ou a \u00e9t\u00e9 affect\u00e9e \u00e0 une activit\u00e9 agricole dans les cinq ann\u00e9es pr\u00e9c\u00e9dant la date de d\u00e9p\u00f4t du dossier (en l\u2019absence de document d\u2019urbanisme d\u00e9limitant ces zones).<\/li>\n<\/ul>\n<p>N.B. : le seuil de d\u00e9clenchement de la proc\u00e9dure est de 5\u00a0hectares. Cependant, le pr\u00e9fet peut y d\u00e9roger en fixant un ou plusieurs seuils d\u00e9partementaux compris entre un et dix hectares, tenant notamment compte des types de production et de leur valeur ajout\u00e9e. Une d\u00e9marche qu\u2019il ne pourra mener qu\u2019apr\u00e8s avis de la CDPENAF.<\/p>\n<p>L\u2019\u00e9tude<u> <\/u>pr\u00e9alable doit comprendre au minimum\u00a0:<\/p>\n<ul>\n<li>Une description du projet et la d\u00e9limitation du territoire concern\u00e9\u2009;<\/li>\n<li>Une analyse de l\u2019\u00e9tat initial de l\u2019\u00e9conomie agricole du territoire concern\u00e9, portant sur la production agricole primaire, la premi\u00e8re transformation et la commercialisation par les exploitants agricoles et justifiant le p\u00e9rim\u00e8tre retenu par l\u2019\u00e9tude\u2009;<\/li>\n<li>L\u2019\u00e9tude des effets du projet sur l\u2019\u00e9conomie agricole, int\u00e9grant une \u00e9valuation de l\u2019impact sur l\u2019emploi ainsi qu\u2019une \u00e9valuation financi\u00e8re globale des impacts, y compris les effets cumul\u00e9s avec d\u2019autres projets connus\u2009;<\/li>\n<li>Le cas \u00e9ch\u00e9ant, les mesures de compensation collective envisag\u00e9es pour consolider l\u2019\u00e9conomie agricole du territoire concern\u00e9, l\u2019\u00e9valuation de leur co\u00fbt et les modalit\u00e9s de leur mise en \u0153uvre.<\/li>\n<\/ul>\n<p>NB\u00a0: l\u2019\u00e9tude pr\u00e9alable peut \u00eatre incorpor\u00e9e dans l\u2019\u00e9tude d\u2019impact d\u2019un dossier de demande d\u2019autorisation.<\/p>\n<p>&nbsp;<\/p>\n","protected":false},"excerpt":{"rendered":"<p>Le d\u00e9cret du 31 ao\u00fbt, pr\u00e9cisant les modalit\u00e9s de compensation agricole collective et les projets qui y sont soumis, est paru le 2 septembre dernier au Journal Officiel. Le texte int\u00e9gral est lisible sur Legifrance &nbsp; Il entre en vigueur pour tout projet soumis \u00e0 \u00e9valuation environnementale d\u00e9pos\u00e9 apr\u00e8s le 1er novembre 2016. &nbsp; En &hellip; <\/p>\n<p><a class=\"more-link btn\" href=\"https:\/\/www.enviroscop.fr\/actu\/2016\/09\/compensation-agricole\/\">Lire la suite<\/a><\/p>\n","protected":false},"author":1,"featured_media":0,"comment_status":"open","ping_status":"open","sticky":false,"template":"","format":"standard","meta":{"jetpack_post_was_ever_published":false,"_jetpack_newsletter_access":"","_jetpack_dont_email_post_to_subs":false,"_jetpack_newsletter_tier_id":0,"_jetpack_memberships_contains_paywalled_content":false,"_jetpack_memberships_contains_paid_content":false,"footnotes":"","jetpack_publicize_message":"","jetpack_publicize_feature_enabled":true,"jetpack_social_post_already_shared":true,"jetpack_social_options":{"image_generator_settings":{"template":"highway","default_image_id":0,"font":"","enabled":false},"version":2}},"categories":[3,9,10,68,35],"tags":[],"class_list":["post-2656","post","type-post","status-publish","format-standard","hentry","category-agriculture","category-etude-dimpact","category-evaluation","category-france","category-juridique","item-wrap"],"jetpack_publicize_connections":[],"jetpack_featured_media_url":"","jetpack_shortlink":"https:\/\/wp.me\/p3rXAp-GQ","jetpack_likes_enabled":true,"jetpack-related-posts":[{"id":4346,"url":"https:\/\/www.enviroscop.fr\/actu\/2021\/07\/compensations-environnementale-forestiere-et-collective-agricole-evaluation-et-mise-en-coherence-2\/","url_meta":{"origin":2656,"position":0},"title":"Compensations environnementale, foresti\u00e8re et collective agricole : \u00e9valuation et mise en coh\u00e9rence","author":"Enviroscop","date":"19 juillet 2021","format":false,"excerpt":"Par lettre du 6 janvier 2020, le ministre de l\u2019Agriculture et de l\u2019alimentation et la ministre de la Transition \u00e9cologique et solidaire ont demand\u00e9 au Conseil g\u00e9n\u00e9ral de l\u2019alimentation, de l\u2019agriculture et des espaces ruraux (CGAAER) et au Conseil g\u00e9n\u00e9ral de l\u2019environnement et du d\u00e9veloppement durable (CGEDD) de diligenter une\u2026","rel":"","context":"Dans &quot;Agriculture&quot;","block_context":{"text":"Agriculture","link":"https:\/\/www.enviroscop.fr\/actu\/category\/activite\/agriculture\/"},"img":{"alt_text":"Photomontage","src":"https:\/\/i0.wp.com\/www.enviroscop.fr\/actu\/wp-content\/uploads\/2020\/10\/Conlie.jpg?resize=350%2C200","width":350,"height":200,"srcset":"https:\/\/i0.wp.com\/www.enviroscop.fr\/actu\/wp-content\/uploads\/2020\/10\/Conlie.jpg?resize=350%2C200 1x, https:\/\/i0.wp.com\/www.enviroscop.fr\/actu\/wp-content\/uploads\/2020\/10\/Conlie.jpg?resize=525%2C300 1.5x, https:\/\/i0.wp.com\/www.enviroscop.fr\/actu\/wp-content\/uploads\/2020\/10\/Conlie.jpg?resize=700%2C400 2x, https:\/\/i0.wp.com\/www.enviroscop.fr\/actu\/wp-content\/uploads\/2020\/10\/Conlie.jpg?resize=1050%2C600 3x, https:\/\/i0.wp.com\/www.enviroscop.fr\/actu\/wp-content\/uploads\/2020\/10\/Conlie.jpg?resize=1400%2C800 4x"},"classes":[]},{"id":4298,"url":"https:\/\/www.enviroscop.fr\/actu\/2021\/06\/compensations-environnementale-forestiere-et-collective-agricole-evaluation-et-mise-en-coherence\/","url_meta":{"origin":2656,"position":1},"title":"Compensations environnementale, foresti\u00e8re et collective agricole : \u00e9valuation et mise en coh\u00e9rence","author":"Enviroscop","date":"18 juin 2021","format":false,"excerpt":"Par lettre du 6 janvier 2020, le ministre de l\u2019Agriculture et de l\u2019alimentation et la ministre de la Transition \u00e9cologique et solidaire ont demand\u00e9 au Conseil g\u00e9n\u00e9ral de l\u2019alimentation, de l\u2019agriculture et des espaces ruraux (CGAAER) et au Conseil g\u00e9n\u00e9ral de l\u2019environnement et du d\u00e9veloppement durable (CGEDD) de diligenter une\u2026","rel":"","context":"Dans &quot;Agriculture&quot;","block_context":{"text":"Agriculture","link":"https:\/\/www.enviroscop.fr\/actu\/category\/activite\/agriculture\/"},"img":{"alt_text":"","src":"https:\/\/i0.wp.com\/www.enviroscop.fr\/actu\/wp-content\/uploads\/2021\/06\/Capture-decran-2021-06-18-141842.jpg?resize=350%2C200","width":350,"height":200},"classes":[]},{"id":5021,"url":"https:\/\/www.enviroscop.fr\/actu\/2022\/10\/energie-les-senateurs-adoptent-en-commission-une-proposition-de-loi-sur-lagrivoltaisme\/","url_meta":{"origin":2656,"position":2},"title":"\u00c9nergie : les s\u00e9nateurs adoptent en commission une proposition de loi sur l&rsquo;agrivolta\u00efsme","author":"Enviroscop","date":"17 octobre 2022","format":false,"excerpt":"La commission des affaires \u00e9conomiques du S\u00e9nat a adopt\u00e9 ce 5 octobre une proposition de loi en faveur du d\u00e9veloppement de l'agrivolta\u00efsme. \u00c0 quelques semaines de l'examen par la Chambre Haute du projet de loi d'acc\u00e9l\u00e9ration de la production d'\u00e9nergies renouvelables, ce texte entend pour la premi\u00e8re fois donner un\u2026","rel":"","context":"Dans &quot;Activit\u00e9&quot;","block_context":{"text":"Activit\u00e9","link":"https:\/\/www.enviroscop.fr\/actu\/category\/activite\/"},"img":{"alt_text":"Panneaux solaire ferme","src":"https:\/\/i0.wp.com\/www.banquedesterritoires.fr\/sites\/default\/files\/styles\/landscape_auto_crop\/public\/2022-10\/Sanjgc%3Bhgf%3Bhgfhgfs%20titre-1.jpg?resize=350%2C200&ssl=1","width":350,"height":200,"srcset":"https:\/\/i0.wp.com\/www.banquedesterritoires.fr\/sites\/default\/files\/styles\/landscape_auto_crop\/public\/2022-10\/Sanjgc%3Bhgf%3Bhgfhgfs%20titre-1.jpg?resize=350%2C200&ssl=1 1x, https:\/\/i0.wp.com\/www.banquedesterritoires.fr\/sites\/default\/files\/styles\/landscape_auto_crop\/public\/2022-10\/Sanjgc%3Bhgf%3Bhgfhgfs%20titre-1.jpg?resize=525%2C300&ssl=1 1.5x, https:\/\/i0.wp.com\/www.banquedesterritoires.fr\/sites\/default\/files\/styles\/landscape_auto_crop\/public\/2022-10\/Sanjgc%3Bhgf%3Bhgfhgfs%20titre-1.jpg?resize=700%2C400&ssl=1 2x"},"classes":[]},{"id":4602,"url":"https:\/\/www.enviroscop.fr\/actu\/2022\/01\/engie-green-lance-avec-linrae-la-construction-dun-demonstrateur-agrivoltaique-vertical-dans-le-puy-de-dome\/","url_meta":{"origin":2656,"position":3},"title":"ENGIE Green lance avec l\u2019INRAE la construction d\u2019un d\u00e9monstrateur agrivolta\u00efque vertical dans le Puy de D\u00f4me","author":"Enviroscop","date":"19 janvier 2022","format":false,"excerpt":"\u00a0 Autant dire qu\u2019avec la pression exerc\u00e9e sur le foncier par le d\u00e9veloppement des centrales solaires au sol, l\u2019agrivolta\u00efsme, qui m\u00eale pastoralisme et photovolta\u00efque a le vent en poupe. Avec le d\u00e9monstrateur Camelia, ENGIE Green met \u00e0 l\u2019\u00e9tude ce qui pourrait \u00eatre la meilleure solution possible \u00a0pour une cohabitation harmonieuse\u2026","rel":"","context":"Dans &quot;Agriculture&quot;","block_context":{"text":"Agriculture","link":"https:\/\/www.enviroscop.fr\/actu\/category\/activite\/agriculture\/"},"img":{"alt_text":"Engie_Green_modules_verticaux","src":"https:\/\/tecsol.blogs.com\/.a\/6a00d8341bfe5d53ef027880665603200d-580wi","width":350,"height":200,"srcset":"https:\/\/tecsol.blogs.com\/.a\/6a00d8341bfe5d53ef027880665603200d-580wi 1x, https:\/\/tecsol.blogs.com\/.a\/6a00d8341bfe5d53ef027880665603200d-580wi 1.5x"},"classes":[]},{"id":2772,"url":"https:\/\/www.enviroscop.fr\/actu\/2017\/03\/centrale-solaire-au-sol-zone-agricole-les-precisions-apportees-par-la-decision-du-conseil-detat-du-8-fevrier-2017\/","url_meta":{"origin":2656,"position":4},"title":"Centrale solaire au sol et zone agricole : les pr\u00e9cisions apport\u00e9es par la d\u00e9cision du Conseil d\u2019Etat du 8 f\u00e9vrier 2017","author":"Enviroscop","date":"23 mars 2017","format":false,"excerpt":"Le Conseil d'Etat vient de rendre un arr\u00eat particuli\u00e8rement important pour les projets de cr\u00e9ation de centrales solaires au sol en zones agricoles. Une soci\u00e9t\u00e9 a demand\u00e9 l\u2019annulation d\u2019une d\u00e9cision de refus d\u2019un permis de construire concernant la r\u00e9alisation d\u2019une centrale solaire au sol sur un terrain class\u00e9 en zone\u2026","rel":"","context":"Dans &quot;Agriculture&quot;","block_context":{"text":"Agriculture","link":"https:\/\/www.enviroscop.fr\/actu\/category\/activite\/agriculture\/"},"img":{"alt_text":"","src":"","width":0,"height":0},"classes":[]},{"id":5282,"url":"https:\/\/www.enviroscop.fr\/actu\/2023\/07\/solaire-agrivoltaisme-precisions-sur-les-conditions-dinstruction-des-demandes-de-permis-de-construire-pour-les-projets-photovoltaiques-sur-terrains-agricoles-instruction-ministerielle-du-27-jui\/","url_meta":{"origin":2656,"position":5},"title":"Solaire &#8211; agrivolta\u00efsme : pr\u00e9cisions sur les conditions d&rsquo;instruction des demandes de permis de construire pour les projets photovolta\u00efques sur terrains agricoles (instruction minist\u00e9rielle du 27 juin 2023)","author":"Enviroscop","date":"17 juillet 2023","format":false,"excerpt":"Par une instruction en date du 27 juin 2023 (cf. au bas de l'article), les ministres de la transition \u00e9cologique, de la transition \u00e9nerg\u00e9tique et de l'agriculture ont pr\u00e9cis\u00e9 les conditions d'instruction des demandes de permis de construire des installations de production d'\u00e9nergie solaire photovolta\u00efque en zone agricole, dans l'attente\u2026","rel":"","context":"Dans &quot;Agriculture&quot;","block_context":{"text":"Agriculture","link":"https:\/\/www.enviroscop.fr\/actu\/category\/activite\/agriculture\/"},"img":{"alt_text":"","src":"https:\/\/i0.wp.com\/www.enviroscop.fr\/actu\/wp-content\/uploads\/2013\/05\/17141_une.jpg?resize=350%2C200&ssl=1","width":350,"height":200},"classes":[]}],"jetpack_sharing_enabled":true,"_links":{"self":[{"href":"https:\/\/www.enviroscop.fr\/actu\/wp-json\/wp\/v2\/posts\/2656","targetHints":{"allow":["GET"]}}],"collection":[{"href":"https:\/\/www.enviroscop.fr\/actu\/wp-json\/wp\/v2\/posts"}],"about":[{"href":"https:\/\/www.enviroscop.fr\/actu\/wp-json\/wp\/v2\/types\/post"}],"author":[{"embeddable":true,"href":"https:\/\/www.enviroscop.fr\/actu\/wp-json\/wp\/v2\/users\/1"}],"replies":[{"embeddable":true,"href":"https:\/\/www.enviroscop.fr\/actu\/wp-json\/wp\/v2\/comments?post=2656"}],"version-history":[{"count":0,"href":"https:\/\/www.enviroscop.fr\/actu\/wp-json\/wp\/v2\/posts\/2656\/revisions"}],"wp:attachment":[{"href":"https:\/\/www.enviroscop.fr\/actu\/wp-json\/wp\/v2\/media?parent=2656"}],"wp:term":[{"taxonomy":"category","embeddable":true,"href":"https:\/\/www.enviroscop.fr\/actu\/wp-json\/wp\/v2\/categories?post=2656"},{"taxonomy":"post_tag","embeddable":true,"href":"https:\/\/www.enviroscop.fr\/actu\/wp-json\/wp\/v2\/tags?post=2656"}],"curies":[{"name":"wp","href":"https:\/\/api.w.org\/{rel}","templated":true}]}}