{"id":2659,"date":"2016-09-07T10:18:46","date_gmt":"2016-09-07T09:18:46","guid":{"rendered":"http:\/\/www.enviroscop.fr\/actu\/?p=2659"},"modified":"2016-09-07T10:18:46","modified_gmt":"2016-09-07T09:18:46","slug":"1re-edition-des-rencontres-normandes-du-developpement-durable-rndd","status":"publish","type":"post","link":"https:\/\/www.enviroscop.fr\/actu\/2016\/09\/1re-edition-des-rencontres-normandes-du-developpement-durable-rndd\/","title":{"rendered":"1re \u00e9dition des Rencontres Normandes du D\u00e9veloppement Durable (RNDD)"},"content":{"rendered":"<p>Cette ann\u00e9e, dans le cadre de la r\u00e9unification des Normandie, la R\u00e9gion s\u2019associe \u00e0 l\u2019Agence R\u00e9gionale de l\u2019Environnement de Normandie pour organiser cet \u00e9v\u00e9nement. Il s\u2019agira avant tout de poursuivre et d\u2019amplifier l\u2019interconnaissance entre les acteurs des 2 anciennes Normandie afin de favoriser l\u2019\u00e9mergence de nouveaux projets.<\/p>\n<p>Alors, prenez vite votre agenda et notez d\u00e8s \u00e0 pr\u00e9sent la date des 1<sup>res<\/sup> rencontres normandes du d\u00e9veloppement durable, le <strong>Mercredi 7 d\u00e9cembre 2016 <\/strong><strong>\u00e0 l\u2019universit\u00e9 de Caen Normandie.<\/strong><\/p>\n<p>Le programme d\u00e9taill\u00e9 vous sera adress\u00e9 ult\u00e9rieurement, vous pourrez alors vous inscrire en ligne sur le site internet de la R\u00e9gion.<br \/>\nEn attendant votre participation, retrouvez les temps forts des <a href=\"http:\/\/asso.us10.list-manage2.com\/track\/click?u=3303fba92ebcdc439e59bb948&amp;id=1f747399e1&amp;e=a0cfe7445d\">assises r\u00e9gionales du d\u00e9veloppement durable<\/a> organis\u00e9es en ex-Basse-Normandie et des <a href=\"http:\/\/asso.us10.list-manage1.com\/track\/click?u=3303fba92ebcdc439e59bb948&amp;id=05c41bb567&amp;e=a0cfe7445d\">Journ\u00e9es des pratiques du d\u00e9veloppement durable organis\u00e9es<\/a> en ex-Haute-Normandie.<\/p>\n<p>Par ailleurs, notez \u00e9galement que l\u2019Agence R\u00e9gionale de l\u2019Environnement de Normandie organisera <strong>deux <\/strong><strong>\u00c9duc\u2019Tours <\/strong>dans la 2<sup>e<\/sup> quinzaine de novembre en lien avec les RNDD : un dans l\u2019agglom\u00e9ration caennaise et l\u2019autre dans le d\u00e9partement de l\u2019Eure.<\/p>\n","protected":false},"excerpt":{"rendered":"<p>Cette ann\u00e9e, dans le cadre de la r\u00e9unification des Normandie, la R\u00e9gion s\u2019associe \u00e0 l\u2019Agence R\u00e9gionale de l\u2019Environnement de Normandie pour organiser cet \u00e9v\u00e9nement. Il s\u2019agira avant tout de poursuivre et d\u2019amplifier l\u2019interconnaissance entre les acteurs des 2 anciennes Normandie afin de favoriser l\u2019\u00e9mergence de nouveaux projets. Alors, prenez vite votre agenda et notez d\u00e8s &hellip; <\/p>\n<p><a class=\"more-link btn\" href=\"https:\/\/www.enviroscop.fr\/actu\/2016\/09\/1re-edition-des-rencontres-normandes-du-developpement-durable-rndd\/\">Lire la suite<\/a><\/p>\n","protected":false},"author":1,"featured_media":0,"comment_status":"open","ping_status":"open","sticky":false,"template":"","format":"standard","meta":{"jetpack_post_was_ever_published":false,"_jetpack_newsletter_access":"","_jetpack_dont_email_post_to_subs":false,"_jetpack_newsletter_tier_id":0,"_jetpack_memberships_contains_paywalled_content":false,"_jetpack_memberships_contains_paid_content":false,"footnotes":"","jetpack_publicize_message":"","jetpack_publicize_feature_enabled":true,"jetpack_social_post_already_shared":true,"jetpack_social_options":{"image_generator_settings":{"template":"highway","default_image_id":0,"font":"","enabled":false},"version":2}},"categories":[20,40,42],"tags":[],"class_list":["post-2659","post","type-post","status-publish","format-standard","hentry","category-durable","category-normandie","category-pedagogie","item-wrap"],"jetpack_publicize_connections":[],"jetpack_featured_media_url":"","jetpack_shortlink":"https:\/\/wp.me\/p3rXAp-GT","jetpack_likes_enabled":true,"jetpack-related-posts":[{"id":1572,"url":"https:\/\/www.enviroscop.fr\/actu\/2013\/11\/concertation-et-action-pour-le-developpement-de-la-vallee-de-la-seine-15-millions-dhabitants-concernes-les-cooperations-avec-les-autres-collectivites-linstitution-les-elus-region-haute-n\/","url_meta":{"origin":2659,"position":0},"title":"Concertation et action pour le d\u00e9veloppement de la Vall\u00e9e de la Seine : 15 millions d&rsquo;habitants concern\u00e9s &#8211; Les coop\u00e9rations avec les autres collectivit\u00e9s &#8211; L&rsquo;institution \/ Les Elus &#8211; R\u00e9gion Haute Normandie","author":"Enviroscop","date":"12 novembre 2013","format":false,"excerpt":"Comit\u00e9 directeur pour le d\u00e9veloppement de la Vall\u00e9e de la Seine Le Comit\u00e9 directeur pour l\u2019am\u00e9nagement et le d\u00e9veloppement de la vall\u00e9e de la Seine s\u2019est r\u00e9uni ce vendredi 8 novembre \u00e0 Rouen \u00e0 l\u2019invitation de Nicolas Mayer Rossignol, Pr\u00e9sident de la R\u00e9gion Haute-Normandie. Compos\u00e9 \u00e9galement de Laurent Beauvais et\u2026","rel":"","context":"Dans &quot;biodiversit\u00e9&quot;","block_context":{"text":"biodiversit\u00e9","link":"https:\/\/www.enviroscop.fr\/actu\/category\/nature\/biodiversite\/"},"img":{"alt_text":"","src":"","width":0,"height":0},"classes":[]},{"id":2472,"url":"https:\/\/www.enviroscop.fr\/actu\/2015\/09\/haute-normandie-la-fete-de-lenergie\/","url_meta":{"origin":2659,"position":1},"title":"HAUTE-NORMANDIE : LA FETE DE L&rsquo;ENERGIE","author":"Enviroscop","date":"8 septembre 2015","format":false,"excerpt":"Du 8 au 11 octobre 2015, les Espaces INFO > \u00c9NERGIE de Haute-Normandie, un service public mis en place par l\u2019ADEME avec le partenariat de la R\u00e9gion Haute-Normandie et du D\u00e9partement de l\u2019Eure, proposent un programme complet d\u2019\u00e9v\u00e8nements pour r\u00e9duire ses d\u00e9penses d\u2019\u00e9nergie chez soi. Durant ces 4 journ\u00e9es et\u2026","rel":"","context":"Dans &quot;Energie&quot;","block_context":{"text":"Energie","link":"https:\/\/www.enviroscop.fr\/actu\/category\/energie\/"},"img":{"alt_text":"","src":"https:\/\/i0.wp.com\/www.haute-normandie.infoenergie.org\/sites\/default\/files\/Affiche%20A3%20FDE%20HN%202015.jpg?resize=350%2C200","width":350,"height":200},"classes":[]},{"id":1806,"url":"https:\/\/www.enviroscop.fr\/actu\/2014\/02\/arehn-la-tableau-de-bord-devient-lobservatoire-regional-du-developpement-durable\/","url_meta":{"origin":2659,"position":2},"title":"AREHN : la tableau de bord devient l&rsquo;Observatoire R\u00e9gional du D\u00e9veloppement Durable","author":"Enviroscop","date":"11 f\u00e9vrier 2014","format":false,"excerpt":"L'objectif de l\u2019Observatoire r\u00e9gional du d\u00e9veloppement durable est de faire un \u00e9tat des lieux du territoire haut-normand en int\u00e9grant de fa\u00e7on transversale les dimensions environnementales, sociales et \u00e9conomiques, \u00e0 partir des donn\u00e9es disponibles et de montrer l'\u00e9volution d'indicateurs pertinents. Il correspond \u00e0 une volont\u00e9 de ses financeurs - la R\u00e9gion\u2026","rel":"","context":"Dans &quot;durable&quot;","block_context":{"text":"durable","link":"https:\/\/www.enviroscop.fr\/actu\/category\/durable\/"},"img":{"alt_text":"","src":"","width":0,"height":0},"classes":[]},{"id":1924,"url":"https:\/\/www.enviroscop.fr\/actu\/2014\/05\/programme-operationnel-federfse-et-programme-de-developpement-rural-2014-2020-deposes-a-la-commission-europeenne-europe-solidarite-internationale-les-actions-region-haute-normandie\/","url_meta":{"origin":2659,"position":3},"title":"Programme Op\u00e9rationnel FEDER\/FSE et Programme de D\u00e9veloppement Rural 2014-2020 d\u00e9pos\u00e9s \u00e0 la Commission europ\u00e9enne","author":"Enviroscop","date":"7 mai 2014","format":false,"excerpt":"Programme Op\u00e9rationnel FEDER\/FSE et Programme de D\u00e9veloppement Rural 2014-2020 d\u00e9pos\u00e9s \u00e0 la Commission europ\u00e9enne www.europe-haute-normandie.fr Apr\u00e8s une longue phase de pr\u00e9paration avec notamment l\u2019\u00e9laboration d\u2019un diagnostic territorial strat\u00e9gique et une phase de concertation avec les acteurs du territoire : l\u2019assembl\u00e9e pl\u00e9ni\u00e8re du Conseil R\u00e9gional de Haute Normandie a adopt\u00e9 les\u2026","rel":"","context":"Dans &quot;Agriculture&quot;","block_context":{"text":"Agriculture","link":"https:\/\/www.enviroscop.fr\/actu\/category\/activite\/agriculture\/"},"img":{"alt_text":"","src":"","width":0,"height":0},"classes":[]},{"id":1493,"url":"https:\/\/www.enviroscop.fr\/actu\/2013\/10\/les-energies-source-demplois-et-deconomies\/","url_meta":{"origin":2659,"position":4},"title":"Les \u00e9nergies, source d\u2019emplois et d\u2019\u00e9conomies","author":"Enviroscop","date":"2 octobre 2013","format":false,"excerpt":"Cette ann\u00e9e, l\u2019\u00e9dition 2013 de la Route des Energies croise la F\u00eate de l\u2019Energie. Une double occasion de d\u00e9couvrir l\u2019efficacit\u00e9 \u00e9nerg\u00e9tique made in Haute-Normandie \u00e0 travers des visites d\u2019entreprises qui recrutent ou d\u2019habitations exemplaires. Du 14 au 18 octobre, la Route des Energies ouvre les portes de 39 entreprises haut-normandes\u2026","rel":"","context":"Dans &quot;durable&quot;","block_context":{"text":"durable","link":"https:\/\/www.enviroscop.fr\/actu\/category\/durable\/"},"img":{"alt_text":"","src":"","width":0,"height":0},"classes":[]},{"id":1947,"url":"https:\/\/www.enviroscop.fr\/actu\/2014\/06\/haute-normandie-approbation-du-s3renr\/","url_meta":{"origin":2659,"position":5},"title":"Haute-Normandie : Approbation du S3REnR","author":"Enviroscop","date":"2 juin 2014","format":false,"excerpt":"A la suite de l\u2019adoption le 21 mars dernier du Sch\u00e9ma R\u00e9gional du Climat de l\u2019Air et de l\u2019\u00c9nergie (SRCAE), RTE, gestionnaire du r\u00e9seau de transport d\u2019\u00e9lectricit\u00e9, vient d\u2019\u00e9tablir le projet de Sch\u00e9ma R\u00e9gional de Raccordement au R\u00e9seau des \u00c9nergies Renouvelables (S3REnR) aff\u00e9rent. Celui-ci franchit aujourd\u2019hui une \u00e9tape d\u00e9cisive avant\u2026","rel":"","context":"Dans &quot;Climat&quot;","block_context":{"text":"Climat","link":"https:\/\/www.enviroscop.fr\/actu\/category\/climat\/"},"img":{"alt_text":"","src":"","width":0,"height":0},"classes":[]}],"jetpack_sharing_enabled":true,"_links":{"self":[{"href":"https:\/\/www.enviroscop.fr\/actu\/wp-json\/wp\/v2\/posts\/2659","targetHints":{"allow":["GET"]}}],"collection":[{"href":"https:\/\/www.enviroscop.fr\/actu\/wp-json\/wp\/v2\/posts"}],"about":[{"href":"https:\/\/www.enviroscop.fr\/actu\/wp-json\/wp\/v2\/types\/post"}],"author":[{"embeddable":true,"href":"https:\/\/www.enviroscop.fr\/actu\/wp-json\/wp\/v2\/users\/1"}],"replies":[{"embeddable":true,"href":"https:\/\/www.enviroscop.fr\/actu\/wp-json\/wp\/v2\/comments?post=2659"}],"version-history":[{"count":0,"href":"https:\/\/www.enviroscop.fr\/actu\/wp-json\/wp\/v2\/posts\/2659\/revisions"}],"wp:attachment":[{"href":"https:\/\/www.enviroscop.fr\/actu\/wp-json\/wp\/v2\/media?parent=2659"}],"wp:term":[{"taxonomy":"category","embeddable":true,"href":"https:\/\/www.enviroscop.fr\/actu\/wp-json\/wp\/v2\/categories?post=2659"},{"taxonomy":"post_tag","embeddable":true,"href":"https:\/\/www.enviroscop.fr\/actu\/wp-json\/wp\/v2\/tags?post=2659"}],"curies":[{"name":"wp","href":"https:\/\/api.w.org\/{rel}","templated":true}]}}