{"id":268,"date":"2011-02-17T08:23:00","date_gmt":"2011-02-17T08:23:00","guid":{"rendered":"http:\/\/actu.enviroscop.com\/projet-de-decret-scot-plu"},"modified":"2011-02-17T08:23:00","modified_gmt":"2011-02-17T08:23:00","slug":"projet-de-decret-scot-plu","status":"publish","type":"post","link":"https:\/\/www.enviroscop.fr\/actu\/2011\/02\/projet-de-decret-scot-plu\/","title":{"rendered":"Projet de d??cret SCoT &#8211; PLU"},"content":{"rendered":"<p style=\"text-align:left;\">Ce&nbsp;projet&nbsp;de&nbsp;d&eacute;cret&nbsp;est pris pour l&rsquo;application des&nbsp;articles&nbsp;17 et 19 de Grenelle II et pour l&rsquo;application des dispositions d&rsquo;urbanisme de la loi&nbsp; de modernisation de l&rsquo;agriculture et de la p&ecirc;che (Mis en consultation jusqu&rsquo;au 1er mars 2011).<\/p>\n<p style=\"text-align:left;\"><!--more-->&nbsp;1\/ SCoT : <br \/> &#8211; analyser la consommation d&rsquo;espaces naturels, agricoles et forestiers au cours des dix ann&eacute;es pr&eacute;c&eacute;dant l&rsquo;approbation du sch&eacute;ma et justifier les objectifs chiffr&eacute;s de consommation &eacute;conome arr&ecirc;t&eacute;s dans le document d&rsquo;orientation et d&rsquo;objectifs (DOO)<br \/> &#8211; justification des choix selon le diagnostic environnemental<br \/> &#8211; rapport de pr&eacute;sentation d&eacute;termine les crit&egrave;res retenus pour l&rsquo;analyse des r&eacute;sultats<br \/> &#8211; contenu des documents graphiques du document d&rsquo;am&eacute;nagement commercial et du DOO<\/p>\n<p style=\"text-align:left;\">2\/ PLU intercommunaux :<\/p>\n<p \/>  Constructions en Zone agricole<br \/> &#8211; densit&eacute; minimale de constructions dans les secteurs situ&eacute;s &agrave; proximit&eacute; des transports collectifs existants ou programm&eacute;s<br \/> &#8211; pr&eacute;cise en outre les constructions admises dans les zones agricoles, naturelles et foresti&egrave;res, ainsi que dans les cartes communales, et les crit&egrave;res de protection de leur vocation<br \/> &#8211; obligations impos&eacute;es aux constructeurs en mati&egrave;re de performances &eacute;nerg&eacute;tiques et environnementales, d&rsquo;infrastructures et de r&eacute;seaux de communications &eacute;lectroniques<br \/> &#8211; densit&eacute; minimale de constructions dans les secteurs situ&eacute;s &agrave; proximit&eacute; des transports collectifs <br \/> &#8211; constructions et installations n&eacute;cessaires &agrave; des &eacute;quipements collectifs ne pourront &ecirc;tre admises que si elles ne sont pas incompatibles avec l&rsquo;exercice d&rsquo;une activit&eacute; agricole ou pastorale du terrain sur lequel elles sont implant&eacute;es et ne portent pas atteinte &agrave; la sauvegarde des espaces naturels et des paysages<\/p>\n<p \/> <a href=\"http:\/\/www.developpement-durable.gouv.fr\/Decret-pris-pour-l-application-des.html\">http:\/\/www.developpement-durable.gouv.fr\/Decret-pris-pour-l-application-des.html<\/a><\/p>\n","protected":false},"excerpt":{"rendered":"<p>Ce projet de d??cret est pris pour l???application des articles 17 et 19 de Grenelle II et pour l???application des dispositions d???urbanisme de la loi de modernisation de l???agriculture et de la p??che (Mis en consultation jusqu&rsquo;au 1er mars 201&#8230;<\/p>\n","protected":false},"author":1,"featured_media":0,"comment_status":"open","ping_status":"open","sticky":false,"template":"","format":"standard","meta":{"jetpack_post_was_ever_published":false,"_jetpack_newsletter_access":"","_jetpack_dont_email_post_to_subs":false,"_jetpack_newsletter_tier_id":0,"_jetpack_memberships_contains_paywalled_content":false,"_jetpack_memberships_contains_paid_content":false,"footnotes":"","jetpack_publicize_message":"","jetpack_publicize_feature_enabled":true,"jetpack_social_post_already_shared":false,"jetpack_social_options":{"image_generator_settings":{"template":"highway","default_image_id":0,"font":"","enabled":false},"version":2}},"categories":[35,49],"tags":[],"class_list":["post-268","post","type-post","status-publish","format-standard","hentry","category-juridique","category-scot","item-wrap"],"jetpack_publicize_connections":[],"jetpack_featured_media_url":"","jetpack_shortlink":"https:\/\/wp.me\/p3rXAp-4k","jetpack_likes_enabled":true,"jetpack-related-posts":[{"id":130,"url":"https:\/\/www.enviroscop.fr\/actu\/2013\/02\/clarification-des-procedures-des-documents-du\/","url_meta":{"origin":268,"position":0},"title":"Clarification des proc\u00e9dures des documents d&rsquo;urbanisme","author":"Enviroscop","date":"18 f\u00e9vrier 2013","format":false,"excerpt":"Le d??cret no 2013-142 du 14 f??vrier 2013 pris pour l???application de l???ordonnance no 2012-11 du 5 janvier 2012 portant clarification et simplification des proc??dures d?????laboration, de modification et de r??vision des documents d???urbanis...","rel":"","context":"Dans &quot;Juridique&quot;","block_context":{"text":"Juridique","link":"https:\/\/www.enviroscop.fr\/actu\/category\/juridique\/"},"img":{"alt_text":"","src":"","width":0,"height":0},"classes":[]},{"id":30,"url":"https:\/\/www.enviroscop.fr\/actu\/2011\/01\/loi-du-5-janvier-2011-portant-diverses-dispos\/","url_meta":{"origin":268,"position":1},"title":"Loi du 5 janvier 2011 portant diverses dispositions d&rsquo;adaptation de la l??gislation au droit de l&rsquo;Union europ??enne","author":"Enviroscop","date":"7 janvier 2011","format":false,"excerpt":"Report de la mise en conformit?? des Scot et des PLU Deux articles modifient les dispositions de la loi du 12 juillet 2010 portant engagement national pour l???environnement, dite \"Grenelle 2\", dans le domaine de l???urbanisme : L???article 19 r??tablit l...","rel":"","context":"Dans &quot;Juridique&quot;","block_context":{"text":"Juridique","link":"https:\/\/www.enviroscop.fr\/actu\/category\/juridique\/"},"img":{"alt_text":"","src":"","width":0,"height":0},"classes":[]},{"id":8,"url":"https:\/\/www.enviroscop.fr\/actu\/2010\/07\/mesure-et-suivi-de-la-consommation-despace-dans-les-scot-et-plu\/","url_meta":{"origin":268,"position":2},"title":"Mesure et suivi de la consommation d&rsquo;espace dans les Scot et PLU","author":"Enviroscop","date":"12 juillet 2010","format":false,"excerpt":"Auteurs : Certu Paru dans : Observation urbaine - Consommation d???espace, Fiche n 6, Juin 2010 R??sum?? : Cette fiche pr??sente la synth??se d???une ??tude qui conduit produire un r??f??rentiel d???indicateurs pour mesurer et suivre la conso...","rel":"","context":"Dans &quot;PLU&quot;","block_context":{"text":"PLU","link":"https:\/\/www.enviroscop.fr\/actu\/category\/amenagement\/urbanisme\/plu\/"},"img":{"alt_text":"","src":"","width":0,"height":0},"classes":[]},{"id":377,"url":"https:\/\/www.enviroscop.fr\/actu\/2012\/06\/integrer-les-questions-energetiques-et-la-lut\/","url_meta":{"origin":268,"position":3},"title":"Int\u00e9grer les questions \u00e9nerg\u00e9tiques et la lutte contre le changement climatique dans les SCoT","author":"Enviroscop","date":"4 juin 2012","format":false,"excerpt":"A l???heure de l???application de la loi ENE (Engagement national pour l???environnement), dite Grenelle 2, des changements majeurs viennent renforcer le lien entre urbanisme et objectifs ??nergie-climat. Dans la continuit?? des travaux men??s par...","rel":"","context":"Dans &quot;Climat&quot;","block_context":{"text":"Climat","link":"https:\/\/www.enviroscop.fr\/actu\/category\/climat\/"},"img":{"alt_text":"","src":"","width":0,"height":0},"classes":[]},{"id":39,"url":"https:\/\/www.enviroscop.fr\/actu\/2012\/04\/le-projet-de-decret-sur-levaluation-environne\/","url_meta":{"origin":268,"position":4},"title":"Le projet de d\u00e9cret sur l&rsquo;\u00e9valuation environnementale est mis en consultation","author":"Enviroscop","date":"16 avril 2012","format":false,"excerpt":"Le minist??re de l???Ecologie met en ligne sur son site, jusqu???au 27 avril, le projet de d??cret relatif l?????valuation environnementale des documents d???urbanisme afin de r??pondre aux crit??res de la directive communautaire 2001\/42\/CE du ...","rel":"","context":"Dans &quot;Etude d'impact&quot;","block_context":{"text":"Etude d'impact","link":"https:\/\/www.enviroscop.fr\/actu\/category\/evaluation\/etude-dimpact\/"},"img":{"alt_text":"","src":"","width":0,"height":0},"classes":[]},{"id":253,"url":"https:\/\/www.enviroscop.fr\/actu\/2010\/05\/scot-et-trame-verte-et-bleue\/","url_meta":{"origin":268,"position":5},"title":"SCoT et Trame verte et bleue","author":"Enviroscop","date":"12 mai 2010","format":false,"excerpt":"dans le cadre de l'amendement l'art 9, du Grenelle II, adopt?? le 11 mai 2010, Le pr??sent projet de loi pr??voit actuellement que le pr??fet pourra retarder la date laquelle la d??lib??ration approuvant le sch??ma de coh??rence territoriale...","rel":"","context":"Dans &quot;SCOT&quot;","block_context":{"text":"SCOT","link":"https:\/\/www.enviroscop.fr\/actu\/category\/amenagement\/urbanisme\/scot\/"},"img":{"alt_text":"","src":"","width":0,"height":0},"classes":[]}],"jetpack_sharing_enabled":true,"_links":{"self":[{"href":"https:\/\/www.enviroscop.fr\/actu\/wp-json\/wp\/v2\/posts\/268","targetHints":{"allow":["GET"]}}],"collection":[{"href":"https:\/\/www.enviroscop.fr\/actu\/wp-json\/wp\/v2\/posts"}],"about":[{"href":"https:\/\/www.enviroscop.fr\/actu\/wp-json\/wp\/v2\/types\/post"}],"author":[{"embeddable":true,"href":"https:\/\/www.enviroscop.fr\/actu\/wp-json\/wp\/v2\/users\/1"}],"replies":[{"embeddable":true,"href":"https:\/\/www.enviroscop.fr\/actu\/wp-json\/wp\/v2\/comments?post=268"}],"version-history":[{"count":0,"href":"https:\/\/www.enviroscop.fr\/actu\/wp-json\/wp\/v2\/posts\/268\/revisions"}],"wp:attachment":[{"href":"https:\/\/www.enviroscop.fr\/actu\/wp-json\/wp\/v2\/media?parent=268"}],"wp:term":[{"taxonomy":"category","embeddable":true,"href":"https:\/\/www.enviroscop.fr\/actu\/wp-json\/wp\/v2\/categories?post=268"},{"taxonomy":"post_tag","embeddable":true,"href":"https:\/\/www.enviroscop.fr\/actu\/wp-json\/wp\/v2\/tags?post=268"}],"curies":[{"name":"wp","href":"https:\/\/api.w.org\/{rel}","templated":true}]}}