{"id":2702,"date":"2016-11-04T13:31:10","date_gmt":"2016-11-04T12:31:10","guid":{"rendered":"http:\/\/www.enviroscop.fr\/actu\/?p=2702"},"modified":"2016-11-04T13:31:10","modified_gmt":"2016-11-04T12:31:10","slug":"resultats-des-appels-a-projets-eolien-flottant-energies-marines","status":"publish","type":"post","link":"https:\/\/www.enviroscop.fr\/actu\/2016\/11\/resultats-des-appels-a-projets-eolien-flottant-energies-marines\/","title":{"rendered":"R\u00e9sultats des appels \u00e0 projets \u00e9olien flottant et \u00e9nergies marines"},"content":{"rendered":"<p>Deux nouveaux laur\u00e9ats de l&rsquo;appel \u00e0 projets fermes pilotes pour l&rsquo;\u00e9olien flottant :<\/p>\n<ul>\n<li>le projet PGL port\u00e9 par EDF EN, avec des turbines Siemens et des flotteurs SBM\/IFPEN, sur la zone de Faraman en M\u00e9diterran\u00e9e qui se compose de 3 \u00e9oliennes de 8 MW ;<\/li>\n<li>le projet EFGL port\u00e9 par Engie\/EDPR\/CDC, avec des turbines GE et des flotteurs Eiffage\/PPI, sur la zone de Leucate en M\u00e9diterran\u00e9e qui se compose de 4 \u00e9oliennes de 6 MW ;<\/li>\n<\/ul>\n<p>Ils rejoignent les deux premiers laur\u00e9ats de l\u2019appel \u00e0 projets lanc\u00e9 en ao\u00fbt 2015 dans le cadre du programme des investissements d\u2019avenir d\u00e9sign\u00e9s le 22 juillet 2016 (projet Eolfi\/CGN \u00e0 Groix en Bretagne et projet Quadran \u00e0 Gruissan en Occitanie).<\/p>\n","protected":false},"excerpt":{"rendered":"<p>Deux nouveaux laur\u00e9ats de l&rsquo;appel \u00e0 projets fermes pilotes pour l&rsquo;\u00e9olien flottant : le projet PGL port\u00e9 par EDF EN, avec des turbines Siemens et des flotteurs SBM\/IFPEN, sur la zone de Faraman en M\u00e9diterran\u00e9e qui se compose de 3 \u00e9oliennes de 8 MW ; le projet EFGL port\u00e9 par Engie\/EDPR\/CDC, avec des turbines GE &hellip; <\/p>\n<p><a class=\"more-link btn\" href=\"https:\/\/www.enviroscop.fr\/actu\/2016\/11\/resultats-des-appels-a-projets-eolien-flottant-energies-marines\/\">Lire la suite<\/a><\/p>\n","protected":false},"author":1,"featured_media":0,"comment_status":"open","ping_status":"open","sticky":false,"template":"","format":"standard","meta":{"jetpack_post_was_ever_published":false,"_jetpack_newsletter_access":"","_jetpack_dont_email_post_to_subs":false,"_jetpack_newsletter_tier_id":0,"_jetpack_memberships_contains_paywalled_content":false,"_jetpack_memberships_contains_paid_content":false,"footnotes":"","jetpack_publicize_message":"","jetpack_publicize_feature_enabled":true,"jetpack_social_post_already_shared":true,"jetpack_social_options":{"image_generator_settings":{"template":"highway","default_image_id":0,"font":"","enabled":false},"version":2}},"categories":[8,68,72,38],"tags":[],"class_list":["post-2702","post","type-post","status-publish","format-standard","hentry","category-eolien","category-france","category-marine","category-ministere","item-wrap"],"jetpack_publicize_connections":[],"jetpack_featured_media_url":"","jetpack_shortlink":"https:\/\/wp.me\/p3rXAp-HA","jetpack_likes_enabled":true,"jetpack-related-posts":[{"id":1098,"url":"https:\/\/www.enviroscop.fr\/actu\/2013\/06\/eolien-offshore-consortium-reduit-edf-et-wpd-offshore-avec-alstom-comme-fournisseur\/","url_meta":{"origin":2702,"position":0},"title":"\u00c9olien offshore : consortium r\u00e9duit EDF et WPD Offshore, avec Alstom comme fournisseur","author":"Enviroscop","date":"3 juin 2013","format":false,"excerpt":"EDF \u00c9nergies Nouvelles et l\u2019allemand WPD Offshore vont cr\u00e9er une soci\u00e9t\u00e9 commune pour r\u00e9pondre au second appel d\u2019offres gouvernemental pour l\u2019\u00e9olien en mer. EDF Energies Nouvelles EDF EN et WPD Offshore ont annonc\u00e9 la signature d\u2019un accord de partenariat. Les deux groupes veulent ainsi r\u00e9pondre ensemble au second appel d\u2019offres\u2026","rel":"","context":"Dans &quot;Energie&quot;","block_context":{"text":"Energie","link":"https:\/\/www.enviroscop.fr\/actu\/category\/energie\/"},"img":{"alt_text":"eole3","src":"https:\/\/i0.wp.com\/www.enviroscop.fr\/actu\/wp-content\/uploads\/2013\/04\/eole3.jpg?resize=350%2C200","width":350,"height":200},"classes":[]},{"id":2052,"url":"https:\/\/www.enviroscop.fr\/actu\/2014\/09\/eoliennes-et-radars-larmee-envisagerait-une-etude-au-cas-par-cas\/","url_meta":{"origin":2702,"position":1},"title":"Eoliennes et radars : l&rsquo;arm\u00e9e envisagerait une \u00e9tude au cas par cas","author":"Enviroscop","date":"19 septembre 2014","format":false,"excerpt":"Il n'y aura pas d'interdiction globale mais une \u00e9tude au cas par cas des projets de parcs \u00e9oliens qui pourraient entrer en conflit avec des zones d'entra\u00eenement de l'arm\u00e9e ou des radars militaires, rapporte l'AFP ce mardi 16 septembre. \"Le ministre de la D\u00e9fense s'est personnellement engag\u00e9 \u00e0 ce qu'il\u2026","rel":"","context":"Dans &quot;Energie&quot;","block_context":{"text":"Energie","link":"https:\/\/www.enviroscop.fr\/actu\/category\/energie\/"},"img":{"alt_text":"","src":"","width":0,"height":0},"classes":[]},{"id":1529,"url":"https:\/\/www.enviroscop.fr\/actu\/2013\/10\/beganne-premier-parc-eolien-citoyen-en-france\/","url_meta":{"origin":2702,"position":2},"title":"B\u00e9ganne, premier parc \u00e9olien citoyen en France","author":"Enviroscop","date":"14 octobre 2013","format":false,"excerpt":"La filiale du Groupe indien Suzlon, REpower Systems SE a r\u00e9cemment annonc\u00e9 avoir remport\u00e9 un contrat pour la fourniture \u00e0 la soci\u00e9t\u00e9 fran\u00e7aise B\u00e9gawatts des turbines \u00e9oliennes \u00e0 destination du 1er parc \u00e9olien citoyen en France : B\u00e9ganne. Le parc \u00e9olien de B\u00e9ganne, situ\u00e9 dans le d\u00e9partement du Morbihan en\u2026","rel":"","context":"Dans &quot;durable&quot;","block_context":{"text":"durable","link":"https:\/\/www.enviroscop.fr\/actu\/category\/durable\/"},"img":{"alt_text":"","src":"","width":0,"height":0},"classes":[]},{"id":1936,"url":"https:\/\/www.enviroscop.fr\/actu\/2014\/05\/eolien-en-mer-une-pluie-de-retombees-attendues-sur-le-littoral-localtis-info-un-service-caisse-des-depots\/","url_meta":{"origin":2702,"position":3},"title":"Eolien en mer : une pluie de retomb\u00e9es attendues sur le littoral &#8211; Localtis.info un service Caisse des D\u00e9p\u00f4ts","author":"Enviroscop","date":"13 mai 2014","format":false,"excerpt":"Le 7 mai, la ministre de l'Ecologie, S\u00e9gol\u00e8ne Royal, a d\u00e9voil\u00e9 les r\u00e9sultats du second appel d'offres du gouvernement sur l'\u00e9olien en mer. GDF Suez et Areva remportent, au d\u00e9triment d'EDF et Alstom, l'installation et l'exploitation des deux parcs \u00e9oliens de Yeu-Noirmoutier (Vend\u00e9e) et du Tr\u00e9port (Seine-Maritime). Une bonne nouvelle\u2026","rel":"","context":"Dans &quot;durable&quot;","block_context":{"text":"durable","link":"https:\/\/www.enviroscop.fr\/actu\/category\/durable\/"},"img":{"alt_text":"","src":"","width":0,"height":0},"classes":[]},{"id":2306,"url":"https:\/\/www.enviroscop.fr\/actu\/2015\/04\/moins-de-contraintes-pour-les-eoliennes\/","url_meta":{"origin":2702,"position":4},"title":"Moins de contraintes pour les \u00e9oliennes","author":"Enviroscop","date":"19 avril 2015","format":false,"excerpt":"Lors de l'\u00e9laboration du projet de loi sur la transition \u00e9nerg\u00e9tique, le S\u00e9nat avait pris plusieurs mesures limitant fortement\u00a0le d\u00e9veloppement de l'\u00e9olien mesures sur lesquelles les d\u00e9put\u00e9s viennent de revenir. L'\u00e9l\u00e9ment le plus marquant est bien s\u00fbr le\u00a0r\u00e9tablissement de la\u00a0distance minimale de 500 m\u00e8tres, contre\u00a01 km, entre les \u00e9oliennes et\u2026","rel":"","context":"Dans &quot;Enviroscop&quot;","block_context":{"text":"Enviroscop","link":"https:\/\/www.enviroscop.fr\/actu\/category\/non-classe\/"},"img":{"alt_text":"","src":"","width":0,"height":0},"classes":[]},{"id":330,"url":"https:\/\/www.enviroscop.fr\/actu\/2013\/01\/letat-investit-dans-le-deploiement-des-eolien\/","url_meta":{"origin":2702,"position":5},"title":"L&rsquo;Etat investit dans le d\u00e9ploiement des \u00e9oliennes offshore","author":"Enviroscop","date":"23 janvier 2013","format":false,"excerpt":"23\/01\/13 Lundi 21 janvier 2013, le premier ministre Jean-Marc Ayrault,en pr??sence de Fran??ois Moisan Directeur ex??cutif de l???ADEME, de Patrick Kron pr??sident d'Alstom, des ministres Pierre Moscovici ministre de l'??conomie et des Finances, A...","rel":"","context":"Dans &quot;ADEME&quot;","block_context":{"text":"ADEME","link":"https:\/\/www.enviroscop.fr\/actu\/category\/source\/ademe\/"},"img":{"alt_text":"","src":"","width":0,"height":0},"classes":[]}],"jetpack_sharing_enabled":true,"_links":{"self":[{"href":"https:\/\/www.enviroscop.fr\/actu\/wp-json\/wp\/v2\/posts\/2702","targetHints":{"allow":["GET"]}}],"collection":[{"href":"https:\/\/www.enviroscop.fr\/actu\/wp-json\/wp\/v2\/posts"}],"about":[{"href":"https:\/\/www.enviroscop.fr\/actu\/wp-json\/wp\/v2\/types\/post"}],"author":[{"embeddable":true,"href":"https:\/\/www.enviroscop.fr\/actu\/wp-json\/wp\/v2\/users\/1"}],"replies":[{"embeddable":true,"href":"https:\/\/www.enviroscop.fr\/actu\/wp-json\/wp\/v2\/comments?post=2702"}],"version-history":[{"count":0,"href":"https:\/\/www.enviroscop.fr\/actu\/wp-json\/wp\/v2\/posts\/2702\/revisions"}],"wp:attachment":[{"href":"https:\/\/www.enviroscop.fr\/actu\/wp-json\/wp\/v2\/media?parent=2702"}],"wp:term":[{"taxonomy":"category","embeddable":true,"href":"https:\/\/www.enviroscop.fr\/actu\/wp-json\/wp\/v2\/categories?post=2702"},{"taxonomy":"post_tag","embeddable":true,"href":"https:\/\/www.enviroscop.fr\/actu\/wp-json\/wp\/v2\/tags?post=2702"}],"curies":[{"name":"wp","href":"https:\/\/api.w.org\/{rel}","templated":true}]}}