{"id":2730,"date":"2017-01-11T10:26:47","date_gmt":"2017-01-11T09:26:47","guid":{"rendered":"http:\/\/www.enviroscop.fr\/actu\/?p=2730"},"modified":"2017-01-11T10:26:47","modified_gmt":"2017-01-11T09:26:47","slug":"icpe-le-conseil-detat-precise-les-conditions-dopposabilite-des-documents-durbanisme-aux-autorisations-dexploiter","status":"publish","type":"post","link":"https:\/\/www.enviroscop.fr\/actu\/2017\/01\/icpe-le-conseil-detat-precise-les-conditions-dopposabilite-des-documents-durbanisme-aux-autorisations-dexploiter\/","title":{"rendered":"ICPE : le Conseil d&rsquo;Etat pr\u00e9cise les conditions d&rsquo;opposabilit\u00e9 des documents d&rsquo;urbanisme aux autorisations d&rsquo;exploiter"},"content":{"rendered":"<p>La d\u00e9cision du Conseil d\u2019Etat en date du 16 d\u00e9cembre 2016 (n\u00b0391452) apporte des \u00e9l\u00e9ments tr\u00e8s importants concernant l\u2019opposabilit\u00e9 des r\u00e8gles d\u2019occupation des sols aux d\u00e9cisions autorisant l\u2019exploitation d\u2019une installation class\u00e9e pour la protection de l\u2019environnement (ICPE). Analyse de notre confr\u00e8re Arnaud Gossement.<\/p>\n<p>Source\u00a0: <em><a href=\"http:\/\/www.arnaudgossement.com\/archive\/2017\/01\/06\/icpe-le-conseil-d-etat-precise-les-conditions-d-opposabilite-5895437.html\">ICPE : le Conseil d&rsquo;Etat pr\u00e9cise les conditions d&rsquo;opposabilit\u00e9 des documents d&rsquo;urbanisme aux autorisations d&rsquo;exploiter &#8211; Cabinet d&rsquo;avocats Gossement &#8211; Le Blog<\/a><\/em><\/p>\n","protected":false},"excerpt":{"rendered":"<p>La d\u00e9cision du Conseil d\u2019Etat en date du 16 d\u00e9cembre 2016 (n\u00b0391452) apporte des \u00e9l\u00e9ments tr\u00e8s importants concernant l\u2019opposabilit\u00e9 des r\u00e8gles d\u2019occupation des sols aux d\u00e9cisions autorisant l\u2019exploitation d\u2019une installation class\u00e9e pour la protection de l\u2019environnement (ICPE). Analyse de notre confr\u00e8re Arnaud Gossement. Source\u00a0: ICPE : le Conseil d&rsquo;Etat pr\u00e9cise les conditions d&rsquo;opposabilit\u00e9 des documents &hellip; <\/p>\n<p><a class=\"more-link btn\" href=\"https:\/\/www.enviroscop.fr\/actu\/2017\/01\/icpe-le-conseil-detat-precise-les-conditions-dopposabilite-des-documents-durbanisme-aux-autorisations-dexploiter\/\">Lire la suite<\/a><\/p>\n","protected":false},"author":1,"featured_media":0,"comment_status":"open","ping_status":"open","sticky":false,"template":"","format":"standard","meta":{"jetpack_post_was_ever_published":false,"_jetpack_newsletter_access":"","_jetpack_dont_email_post_to_subs":false,"_jetpack_newsletter_tier_id":0,"_jetpack_memberships_contains_paywalled_content":false,"_jetpack_memberships_contains_paid_content":false,"footnotes":"","jetpack_publicize_message":"","jetpack_publicize_feature_enabled":true,"jetpack_social_post_already_shared":true,"jetpack_social_options":{"image_generator_settings":{"template":"highway","default_image_id":0,"font":"","enabled":false},"version":2}},"categories":[5,78,32,44,49],"tags":[],"class_list":["post-2730","post","type-post","status-publish","format-standard","hentry","category-amenagement","category-conseil-detat","category-icpe","category-plu","category-scot","item-wrap"],"jetpack_publicize_connections":[],"jetpack_featured_media_url":"","jetpack_shortlink":"https:\/\/wp.me\/p3rXAp-I2","jetpack_likes_enabled":true,"jetpack-related-posts":[{"id":3268,"url":"https:\/\/www.enviroscop.fr\/actu\/2019\/03\/icpe-des-precisions-apportees-sur-le-contenu-de-letude-dimpact-jointe-a-la-demande-dautorisation-dexploiter-une-installation-classee-conseil-detat\/","url_meta":{"origin":2730,"position":0},"title":"ICPE : des pr\u00e9cisions apport\u00e9es sur le contenu de l\u2019\u00e9tude d\u2019impact jointe \u00e0 la demande d\u2019autorisation d\u2019exploiter une installation class\u00e9e (Conseil d\u2019Etat)","author":"Enviroscop","date":"22 mars 2019","format":false,"excerpt":"Par une d\u00e9cision du 13 mars 2019,\u00a0n\u00b0418949, le Conseil d\u2019Etat pr\u00e9cise dans quelles mesures les effets sur l\u2019environnement d\u2019un projet d\u2019ICPE doivent appara\u00eetre dans l\u2019\u00e9tude d\u2019impact jointe \u00e0 une demande d\u2019autorisation d\u2019exploiter. Les effets sur l\u2019environnement d\u2019un projet d\u2019installation class\u00e9e qui doivent, conform\u00e9ment \u00e0 l\u2019article R. 512-8 du code de\u2026","rel":"","context":"Dans &quot;Air&quot;","block_context":{"text":"Air","link":"https:\/\/www.enviroscop.fr\/actu\/category\/compartiments\/air\/"},"img":{"alt_text":"","src":"","width":0,"height":0},"classes":[]},{"id":116,"url":"https:\/\/www.enviroscop.fr\/actu\/2010\/11\/eoliennes-le-passage-a-la-police-des-installa\/","url_meta":{"origin":2730,"position":1},"title":"Eoliennes : le passage \u00e0 la police des installations class\u00e9es (ICPE)","author":"Enviroscop","date":"29 novembre 2010","format":false,"excerpt":"Si vous ne connaissez pas d??j l'excellent blog d'Arnaud Gossement, voici le dernier article paru : C'est un peu long, mais complet A la suite d'une intense pol??mique et aux termes de l'article 90 de la loi \"Grenelle 2\" du 12 juillet 2010 porta...","rel":"","context":"Dans &quot;Eolien&quot;","block_context":{"text":"Eolien","link":"https:\/\/www.enviroscop.fr\/actu\/category\/energie\/renouvelable\/eolien\/"},"img":{"alt_text":"","src":"","width":0,"height":0},"classes":[]},{"id":52,"url":"https:\/\/www.enviroscop.fr\/actu\/2013\/01\/le-conseil-detat-rejette-le-recours-de-la-fee\/","url_meta":{"origin":2730,"position":2},"title":"Le Conseil d&rsquo;Etat rejette le recours de la FEE sur le classement ICPE des \u00e9oliennes","author":"Enviroscop","date":"17 janvier 2013","format":false,"excerpt":"Le Conseil d'Etat a rejet?? le recours de l'association France Energie Eolienne (FEE) visant faire annuler le d??cret du 23\/08\/11 (classement ICPE des ??oliennes).","rel":"","context":"Dans &quot;Eolien&quot;","block_context":{"text":"Eolien","link":"https:\/\/www.enviroscop.fr\/actu\/category\/energie\/renouvelable\/eolien\/"},"img":{"alt_text":"","src":"","width":0,"height":0},"classes":[]},{"id":2068,"url":"https:\/\/www.enviroscop.fr\/actu\/2014\/09\/icpe-le-juge-peut-tenir-compte-de-la-regularisation-des-insuffisances-du-dossier-dautorisation\/","url_meta":{"origin":2730,"position":3},"title":"ICPE : le juge peut tenir compte de la r\u00e9gularisation des insuffisances du dossier d&rsquo;autorisation","author":"Enviroscop","date":"29 septembre 2014","format":false,"excerpt":"Proc\u00e9dure d'autorisation au titre des installations class\u00e9es, articulation avec la demande de permis de construire et pouvoirs du juge du plein contentieux sont au menu d'une tr\u00e8s int\u00e9ressante d\u00e9cision rendue par le Conseil d'Etat. Le Conseil d'Etat a rendu le lundi 22 septembre un\u00a0arr\u00eat\u00a0tr\u00e8s instructif \u00e0 double titre. Au niveau\u2026","rel":"","context":"Dans &quot;ICPE&quot;","block_context":{"text":"ICPE","link":"https:\/\/www.enviroscop.fr\/actu\/category\/icpe\/"},"img":{"alt_text":"","src":"","width":0,"height":0},"classes":[]},{"id":5228,"url":"https:\/\/www.enviroscop.fr\/actu\/2023\/04\/etude-dimpact-le-porteur-de-projet-doit-analyser-les-incidences-directes-de-louvrage-sur-lenvironnement-mais-aussi-les-incidences-indirectes-de-son-utilisation-et-de-son-exploitation-conseil\/","url_meta":{"origin":2730,"position":4},"title":"Etude d&rsquo;impact : le porteur de projet doit analyser les incidences directes de l&rsquo;ouvrage sur l&rsquo;environnement mais aussi les incidences indirectes de son utilisation et de son exploitation (Conseil d&rsquo;Etat, 27 mars 2023, n\u00b0450135 &#8211; centrale biomasse de Gardanne)","author":"Enviroscop","date":"26 avril 2023","format":false,"excerpt":"Par une d\u00e9cision - tr\u00e8s importante - n\u00b0450135 du 27 mars 2023, le Conseil d'Etat a confirm\u00e9 l'annulation de l'autorisation d'exploiter la centrale biomasse de Provence (Gardanne). Cette autorisation proc\u00e8de en effet d'une \u00e9tude d'impact insuffisante, cette derni\u00e8re ne comportant pas d'analyse\u00a0des incidences pr\u00e9visibles de l'utilisation et de l'exploitation de\u2026","rel":"","context":"Dans &quot;Arnaud Gossement&quot;","block_context":{"text":"Arnaud Gossement","link":"https:\/\/www.enviroscop.fr\/actu\/category\/source\/arnaud-gossement\/"},"img":{"alt_text":"","src":"https:\/\/i0.wp.com\/www.enviroscop.fr\/actu\/wp-content\/uploads\/2013\/05\/17141_une.jpg?resize=350%2C200&ssl=1","width":350,"height":200},"classes":[]},{"id":5199,"url":"https:\/\/www.enviroscop.fr\/actu\/2023\/03\/etude-dimpact-le-porteur-de-projet-doit-analyser-les-incidences-directes-de-louvrage-sur-lenvironnement-mais-aussi-les-incidences-indirectes-de-son-utilisation-et-de-son-exploitation\/","url_meta":{"origin":2730,"position":5},"title":"Etude d&rsquo;impact : le porteur de projet doit analyser les incidences directes de l&rsquo;ouvrage sur l&rsquo;environnement mais aussi les incidences indirectes de son utilisation et de son exploitation","author":"Enviroscop","date":"29 mars 2023","format":false,"excerpt":"Par une d\u00e9cision - tr\u00e8s importante - n\u00b0450135 du 27 mars 2023, le Conseil d'Etat a confirm\u00e9 l'annulation de l'autorisation d'exploiter la centrale biomasse de Provence (Gardanne). Cette autorisation proc\u00e8de en effet d'une \u00e9tude d'impact insuffisante, cette derni\u00e8re ne comportant pas d'analyse\u00a0des incidences pr\u00e9visibles de l'utilisation et de l'exploitation de\u2026","rel":"","context":"Dans &quot;Arnaud Gossement&quot;","block_context":{"text":"Arnaud Gossement","link":"https:\/\/www.enviroscop.fr\/actu\/category\/source\/arnaud-gossement\/"},"img":{"alt_text":"","src":"https:\/\/i0.wp.com\/www.enviroscop.fr\/actu\/wp-content\/uploads\/2013\/05\/17141_une.jpg?resize=350%2C200","width":350,"height":200},"classes":[]}],"jetpack_sharing_enabled":true,"_links":{"self":[{"href":"https:\/\/www.enviroscop.fr\/actu\/wp-json\/wp\/v2\/posts\/2730","targetHints":{"allow":["GET"]}}],"collection":[{"href":"https:\/\/www.enviroscop.fr\/actu\/wp-json\/wp\/v2\/posts"}],"about":[{"href":"https:\/\/www.enviroscop.fr\/actu\/wp-json\/wp\/v2\/types\/post"}],"author":[{"embeddable":true,"href":"https:\/\/www.enviroscop.fr\/actu\/wp-json\/wp\/v2\/users\/1"}],"replies":[{"embeddable":true,"href":"https:\/\/www.enviroscop.fr\/actu\/wp-json\/wp\/v2\/comments?post=2730"}],"version-history":[{"count":0,"href":"https:\/\/www.enviroscop.fr\/actu\/wp-json\/wp\/v2\/posts\/2730\/revisions"}],"wp:attachment":[{"href":"https:\/\/www.enviroscop.fr\/actu\/wp-json\/wp\/v2\/media?parent=2730"}],"wp:term":[{"taxonomy":"category","embeddable":true,"href":"https:\/\/www.enviroscop.fr\/actu\/wp-json\/wp\/v2\/categories?post=2730"},{"taxonomy":"post_tag","embeddable":true,"href":"https:\/\/www.enviroscop.fr\/actu\/wp-json\/wp\/v2\/tags?post=2730"}],"curies":[{"name":"wp","href":"https:\/\/api.w.org\/{rel}","templated":true}]}}