{"id":2754,"date":"2017-03-06T08:43:28","date_gmt":"2017-03-06T07:43:28","guid":{"rendered":"http:\/\/www.enviroscop.fr\/actu\/?p=2754"},"modified":"2017-03-06T08:43:28","modified_gmt":"2017-03-06T07:43:28","slug":"tableau-de-bord-eolien-quatrieme-trimestre-2016","status":"publish","type":"post","link":"https:\/\/www.enviroscop.fr\/actu\/2017\/03\/tableau-de-bord-eolien-quatrieme-trimestre-2016\/","title":{"rendered":"Tableau de bord : \u00e9olien &#8211; Quatri\u00e8me trimestre 2016"},"content":{"rendered":"<p>La puissance du parc \u00e9olien fran\u00e7ais atteint 11,7 GW fin d\u00e9cembre 2016. La puissance raccord\u00e9e au cours de l\u2019ann\u00e9e 2016, estim\u00e9e \u00e0 1 351 MW \u2013 dont 530 MW pour le seul quatri\u00e8me trimestre \u2013 est sup\u00e9rieure de 37 % \u00e0 celle raccord\u00e9e durant l\u2019ann\u00e9e 2015. Il s\u2019agit du plus haut niveau de raccordement jamais observ\u00e9 sur une ann\u00e9e. La puissance des projets \u00e9oliens en cours d\u2019instruction s\u2019\u00e9l\u00e8ve par ailleurs \u00e0 plus de 11 GW en fin d\u2019ann\u00e9e. Malgr\u00e9 le d\u00e9veloppement soutenu du parc, la production d\u2019\u00e9lectricit\u00e9 \u00e9olienne ne progresse pas en 2016, en raison de conditions de vent d\u00e9favorables depuis le milieu de l\u2019\u00e9t\u00e9. Elle s\u2019\u00e9l\u00e8ve \u00e0 environ 20 TWh sur l\u2019ensemble de l\u2019ann\u00e9e et repr\u00e9sente ainsi pr\u00e8s de 4,1 % de la consommation \u00e9lectrique fran\u00e7aise.<\/p>\n<p><a href=\"http:\/\/www.statistiques.developpement-durable.gouv.fr\/fileadmin\/documents\/Produits_editoriaux\/Publications\/Datalab_essentiel\/2017\/datalab-essentiel-90-tableau-bord-eolien-4t2016-fevrier-2017.pdf\">T\u00e9l\u00e9charger le tableau de bord : \u00e9olien &#8211; Quatri\u00e8me trimestre 2016<\/a><\/p>\n<p>Source\u00a0: <em><a href=\"http:\/\/www.statistiques.developpement-durable.gouv.fr\/publications\/p\/2668\/1406\/tableau-bord-eolien-quatrieme-trimestre-2016.html\">Tableau de bord : \u00e9olien &#8211; Quatri\u00e8me trimestre 2016 [Publications, Datalab essentiel, 2017]\u00a0:\u00a0Observation et statistiques<\/a><\/em><\/p>\n","protected":false},"excerpt":{"rendered":"<p>La puissance du parc \u00e9olien fran\u00e7ais atteint 11,7 GW fin d\u00e9cembre 2016. La puissance raccord\u00e9e au cours de l\u2019ann\u00e9e 2016, estim\u00e9e \u00e0 1 351 MW \u2013 dont 530 MW pour le seul quatri\u00e8me trimestre \u2013 est sup\u00e9rieure de 37 % \u00e0 celle raccord\u00e9e durant l\u2019ann\u00e9e 2015. Il s\u2019agit du plus haut niveau de raccordement jamais &hellip; <\/p>\n<p><a class=\"more-link btn\" href=\"https:\/\/www.enviroscop.fr\/actu\/2017\/03\/tableau-de-bord-eolien-quatrieme-trimestre-2016\/\">Lire la suite<\/a><\/p>\n","protected":false},"author":1,"featured_media":0,"comment_status":"open","ping_status":"open","sticky":false,"template":"","format":"standard","meta":{"jetpack_post_was_ever_published":false,"_jetpack_newsletter_access":"","_jetpack_dont_email_post_to_subs":false,"_jetpack_newsletter_tier_id":0,"_jetpack_memberships_contains_paywalled_content":false,"_jetpack_memberships_contains_paid_content":false,"footnotes":"","jetpack_publicize_message":"","jetpack_publicize_feature_enabled":true,"jetpack_social_post_already_shared":true,"jetpack_social_options":{"image_generator_settings":{"template":"highway","default_image_id":0,"font":"","enabled":false},"version":2}},"categories":[7,8],"tags":[],"class_list":["post-2754","post","type-post","status-publish","format-standard","hentry","category-energie","category-eolien","item-wrap"],"jetpack_publicize_connections":[],"jetpack_featured_media_url":"","jetpack_shortlink":"https:\/\/wp.me\/p3rXAp-Iq","jetpack_likes_enabled":true,"jetpack-related-posts":[{"id":2160,"url":"https:\/\/www.enviroscop.fr\/actu\/2014\/12\/tableau-de-bord-eolien-photovoltaique-2\/","url_meta":{"origin":2754,"position":0},"title":"Tableau de bord \u00e9olien-photovolta\u00efque","author":"Enviroscop","date":"1 d\u00e9cembre 2014","format":false,"excerpt":"La puissance du parc \u00e9olien fran\u00e7ais s\u2019\u00e9l\u00e8ve \u00e0 8\u00a0807\u00a0MW\u00a0fin septembre 2014. L\u2019ann\u00e9e 2014 sera meilleure que 2013 en termes de\u00a0puissance raccord\u00e9e pour l\u2019\u00e9olien. La puissance raccord\u00e9e de\u00a0janvier \u00e0 septembre 2014 atteint en effet pr\u00e8s de 600 MW\u00a0d\u2019apr\u00e8s des chiffres provisoires, contre 581 MW raccord\u00e9s\u00a0sur l\u2019ensemble de l\u2019ann\u00e9e 2013. La baisse\u2026","rel":"","context":"Dans &quot;Economie&quot;","block_context":{"text":"Economie","link":"https:\/\/www.enviroscop.fr\/actu\/category\/activite\/economie\/"},"img":{"alt_text":"","src":"","width":0,"height":0},"classes":[]},{"id":2830,"url":"https:\/\/www.enviroscop.fr\/actu\/2017\/06\/tableau-de-bord-eolien-premier-trimestre-2017\/","url_meta":{"origin":2754,"position":1},"title":"Tableau de bord : \u00e9olien &#8211; Premier trimestre 2017","author":"Enviroscop","date":"6 juin 2017","format":false,"excerpt":"La puissance du parc \u00e9olien fran\u00e7ais franchit le seuil des\u00a012\u00a0GW au cours du premier trimestre\u00a02017, pour atteindre 12,1\u00a0GW au\u00a031\u00a0mars. La puissance raccord\u00e9e au cours de cette p\u00e9riode, estim\u00e9e \u00e0\u00a0330\u00a0MW, est la plus forte jamais observ\u00e9e lors d'un premier trimestre. Cette forte dynamique est confort\u00e9e par la croissance des projets \u00e9oliens\u2026","rel":"","context":"Dans &quot;Energie&quot;","block_context":{"text":"Energie","link":"https:\/\/www.enviroscop.fr\/actu\/category\/energie\/"},"img":{"alt_text":"","src":"","width":0,"height":0},"classes":[]},{"id":2604,"url":"https:\/\/www.enviroscop.fr\/actu\/2016\/05\/tableau-de-bord-eolien-premier-trimestre-2016\/","url_meta":{"origin":2754,"position":2},"title":"Tableau de bord : \u00e9olien &#8211; Premier trimestre 2016","author":"Enviroscop","date":"30 mai 2016","format":false,"excerpt":"Chiffres et statistiques n\u00b0 764 - mai 2016 La puissance du parc \u00e9olien fran\u00e7ais atteint 10 460 MW fin mars 2016. Le seuil de 10 GW a \u00e9t\u00e9 franchi courant 2015, ann\u00e9e qui, avec une puissance raccord\u00e9e de 944 MW, s\u2019inscrit en net retrait par rapport \u00e0 2014 (- 20\u2026","rel":"","context":"Dans &quot;Energie&quot;","block_context":{"text":"Energie","link":"https:\/\/www.enviroscop.fr\/actu\/category\/energie\/"},"img":{"alt_text":"","src":"https:\/\/i0.wp.com\/www.statistiques.developpement-durable.gouv.fr\/uploads\/pics\/cs764.jpg?resize=350%2C200","width":350,"height":200},"classes":[]},{"id":2355,"url":"https:\/\/www.enviroscop.fr\/actu\/2015\/06\/parution-du-tableau-de-bord-eolien-photovoltaique-juin-2015\/","url_meta":{"origin":2754,"position":3},"title":"Parution du Tableau de bord \u00e9olien-photovolta\u00efque, juin 2015","author":"Enviroscop","date":"3 juin 2015","format":false,"excerpt":"Le parc \u00e9olien fran\u00e7ais atteint une puissance install\u00e9e de 9 482 MW \u00e0 fin mars 2015. Sur l\u2019ensemble de l\u2019ann\u00e9e 2014, la puissance raccord\u00e9e a \u00e9t\u00e9 r\u00e9\u00e9valu\u00e9e \u00e0 la hausse, \u00e0 1 071 MW, soit un niveau in\u00e9gal\u00e9 depuis 2010. Par rapport \u00e0 2013, la puissance raccord\u00e9e en 2014 a\u2026","rel":"","context":"Dans &quot;Enviroscop&quot;","block_context":{"text":"Enviroscop","link":"https:\/\/www.enviroscop.fr\/actu\/category\/non-classe\/"},"img":{"alt_text":"","src":"","width":0,"height":0},"classes":[]},{"id":2296,"url":"https:\/\/www.enviroscop.fr\/actu\/2015\/04\/tableau-de-bord-eolien-photovoltaique-2014-marque-un-retour-a-la-hausse-ministere-du-developpement-durable\/","url_meta":{"origin":2754,"position":4},"title":"Tableau de bord \u00e9olien photovolta\u00efque : 2014 marque un retour \u00e0 la hausse &#8211; Minist\u00e8re du D\u00e9veloppement durable","author":"Enviroscop","date":"13 avril 2015","format":false,"excerpt":"2014 s\u2019inscrit respectivement pour l\u2019\u00e9olien et le photovolta\u00efque comme la quatri\u00e8me et la troisi\u00e8me meilleure ann\u00e9e en termes de puissance raccord\u00e9e. Les capacit\u00e9s des deux fili\u00e8res progressent au m\u00eame rythme, avec pr\u00e8s de 1 000 MW suppl\u00e9mentaires sur l\u2019ann\u00e9e. \u00c9olien\u00a0: hausse de 6\u00a0% de la production La fili\u00e8re \u00e9olienne, apr\u00e8s\u2026","rel":"","context":"Dans &quot;Energie&quot;","block_context":{"text":"Energie","link":"https:\/\/www.enviroscop.fr\/actu\/category\/energie\/"},"img":{"alt_text":"","src":"https:\/\/i0.wp.com\/www.developpement-durable.gouv.fr\/IMG\/png\/courbe_e-pv.png?resize=350%2C200","width":350,"height":200},"classes":[]},{"id":4533,"url":"https:\/\/www.enviroscop.fr\/actu\/2021\/12\/panorama-de-lelectricite-renouvelable-au-30-septembre-2021\/","url_meta":{"origin":2754,"position":5},"title":"Panorama de l&rsquo;\u00e9lectricit\u00e9 renouvelable au 30 septembre 2021","author":"Enviroscop","date":"10 d\u00e9cembre 2021","format":false,"excerpt":"La puissance totale du parc \u00e9lectrique EnR \u2013 \u00e9olien, solaire, hydro\u00e9lectricit\u00e9 et bio\u00e9nergies \u2013 s\u2019\u00e9l\u00e8ve, au 30 septembre 2021, \u00e0 58 759 MW, en hausse de 2 876 MW sur les trois premiers trimestres de l\u2019ann\u00e9e 2021 (3 543 MW sur les douze derniers mois), chiffre d\u00e9j\u00e0 sup\u00e9rieur au record\u2026","rel":"","context":"Dans &quot;Energie&quot;","block_context":{"text":"Energie","link":"https:\/\/www.enviroscop.fr\/actu\/category\/energie\/"},"img":{"alt_text":"RTE","src":"https:\/\/i0.wp.com\/ccibusiness.fr\/sites\/default\/files\/styles\/article_detail_620_320\/public\/2021-12\/RTE_logo.svg_.png?resize=350%2C200&ssl=1","width":350,"height":200},"classes":[]}],"jetpack_sharing_enabled":true,"_links":{"self":[{"href":"https:\/\/www.enviroscop.fr\/actu\/wp-json\/wp\/v2\/posts\/2754","targetHints":{"allow":["GET"]}}],"collection":[{"href":"https:\/\/www.enviroscop.fr\/actu\/wp-json\/wp\/v2\/posts"}],"about":[{"href":"https:\/\/www.enviroscop.fr\/actu\/wp-json\/wp\/v2\/types\/post"}],"author":[{"embeddable":true,"href":"https:\/\/www.enviroscop.fr\/actu\/wp-json\/wp\/v2\/users\/1"}],"replies":[{"embeddable":true,"href":"https:\/\/www.enviroscop.fr\/actu\/wp-json\/wp\/v2\/comments?post=2754"}],"version-history":[{"count":0,"href":"https:\/\/www.enviroscop.fr\/actu\/wp-json\/wp\/v2\/posts\/2754\/revisions"}],"wp:attachment":[{"href":"https:\/\/www.enviroscop.fr\/actu\/wp-json\/wp\/v2\/media?parent=2754"}],"wp:term":[{"taxonomy":"category","embeddable":true,"href":"https:\/\/www.enviroscop.fr\/actu\/wp-json\/wp\/v2\/categories?post=2754"},{"taxonomy":"post_tag","embeddable":true,"href":"https:\/\/www.enviroscop.fr\/actu\/wp-json\/wp\/v2\/tags?post=2754"}],"curies":[{"name":"wp","href":"https:\/\/api.w.org\/{rel}","templated":true}]}}