{"id":2758,"date":"2017-03-13T08:19:12","date_gmt":"2017-03-13T07:19:12","guid":{"rendered":"http:\/\/www.enviroscop.fr\/actu\/?p=2758"},"modified":"2018-01-09T16:55:03","modified_gmt":"2018-01-09T15:55:03","slug":"appel-a-candidatures-plui-2017-ministere-du-logement-de-lhabitat-durable","status":"publish","type":"post","link":"https:\/\/www.enviroscop.fr\/actu\/2017\/03\/appel-a-candidatures-plui-2017-ministere-du-logement-de-lhabitat-durable\/","title":{"rendered":"Appel \u00e0 candidatures PLUi 2017 &#8211; Minist\u00e8re du Logement et de l&rsquo;Habitat durable"},"content":{"rendered":"<p>Appel \u00e0 candidatures pour valoriser les bonnes pratiques en mati\u00e8re de Plan local d\u2019urbanisme intercommunal (PLUi).<\/p>\n<p>Le minist\u00e8re du Logement et de l\u2019Habitat durable souhaite promouvoir activement le d\u00e9veloppement des plans locaux d\u2019urbanisme intercommunaux (PLUi) en soutenant les communaut\u00e9s lanc\u00e9es dans la d\u00e9marche.<\/p>\n<p>Pour tout conna\u00eetre des conditions\u00a0: <em><a href=\"http:\/\/www.logement.gouv.fr\/appel-a-candidatures-plui-2017\">Appel \u00e0 candidatures PLUi 2017 &#8211; Minist\u00e8re du Logement et de l&rsquo;Habitat durable<\/a><\/em><\/p>\n","protected":false},"excerpt":{"rendered":"<p>Appel \u00e0 candidatures pour valoriser les bonnes pratiques en mati\u00e8re de Plan local d\u2019urbanisme intercommunal (PLUi). Le minist\u00e8re du Logement et de l\u2019Habitat durable souhaite promouvoir activement le d\u00e9veloppement des plans locaux d\u2019urbanisme intercommunaux (PLUi) en soutenant les communaut\u00e9s lanc\u00e9es dans la d\u00e9marche. Pour tout conna\u00eetre des conditions\u00a0: Appel \u00e0 candidatures PLUi 2017 &#8211; Minist\u00e8re &hellip; <\/p>\n<p><a class=\"more-link btn\" href=\"https:\/\/www.enviroscop.fr\/actu\/2017\/03\/appel-a-candidatures-plui-2017-ministere-du-logement-de-lhabitat-durable\/\">Lire la suite<\/a><\/p>\n","protected":false},"author":1,"featured_media":0,"comment_status":"open","ping_status":"open","sticky":false,"template":"","format":"standard","meta":{"jetpack_post_was_ever_published":false,"_jetpack_newsletter_access":"","_jetpack_dont_email_post_to_subs":false,"_jetpack_newsletter_tier_id":0,"_jetpack_memberships_contains_paywalled_content":false,"_jetpack_memberships_contains_paid_content":false,"footnotes":"","jetpack_publicize_message":"","jetpack_publicize_feature_enabled":true,"jetpack_social_post_already_shared":true,"jetpack_social_options":{"image_generator_settings":{"template":"highway","default_image_id":0,"font":"","enabled":false},"version":2}},"categories":[44,57],"tags":[],"class_list":["post-2758","post","type-post","status-publish","format-standard","hentry","category-plu","category-urbanisme","item-wrap"],"jetpack_publicize_connections":[],"jetpack_featured_media_url":"","jetpack_shortlink":"https:\/\/wp.me\/p3rXAp-Iu","jetpack_likes_enabled":true,"jetpack-related-posts":[{"id":2226,"url":"https:\/\/www.enviroscop.fr\/actu\/2015\/01\/lappel-a-projets-plans-de-paysage-2015-est-lance\/","url_meta":{"origin":2758,"position":0},"title":"L&rsquo;appel \u00e0 projets \u00ab\u00a0plans de paysage\u00a0\u00bb 2015 est lanc\u00e9","author":"Enviroscop","date":"22 janvier 2015","format":false,"excerpt":"Le minist\u00e8re lance un nouvel appel \u00e0 projets \"Plans de paysage\" pour mieux prendre en compte le paysage dans les politiques publiques. Les dossiers de candidatures sont \u00e0 d\u00e9poser avant le 15 f\u00e9vrier 2015 aupr\u00e8s des Directions r\u00e9gionales de l\u2019environnement, de l\u2019am\u00e9nagement et du logement (DREAL) de chaque territoire. Toutes\u2026","rel":"","context":"Dans &quot;Minist\u00e8re&quot;","block_context":{"text":"Minist\u00e8re","link":"https:\/\/www.enviroscop.fr\/actu\/category\/juridique\/ministere\/"},"img":{"alt_text":"","src":"","width":0,"height":0},"classes":[]},{"id":1451,"url":"https:\/\/www.enviroscop.fr\/actu\/2013\/09\/projet-de-loi-alur-les-deputes-adoptent-le-volet-urbanisme-avec-le-plui-localtis-info-un-service-caisse-des-depots\/","url_meta":{"origin":2758,"position":1},"title":"Projet de loi Alur : les d\u00e9put\u00e9s adoptent le volet urbanisme avec le PLUi &#8211; Localtis.info un service Caisse des D\u00e9p\u00f4ts","author":"Enviroscop","date":"18 septembre 2013","format":false,"excerpt":"L'Assembl\u00e9e nationale a adopt\u00e9 ce 17 septembre en premi\u00e8re lecture le projet de loi pour l'acc\u00e8s au logement et un urbanisme r\u00e9nov\u00e9 (Alur). Lors de l'examen du volet urbanisme du texte le 13 septembre, les d\u00e9put\u00e9s ont vot\u00e9 sans modification les dispositions concernant le plan local d'urbanisme intercommunal. Ils ont\u2026","rel":"","context":"Dans &quot;Juridique&quot;","block_context":{"text":"Juridique","link":"https:\/\/www.enviroscop.fr\/actu\/category\/juridique\/"},"img":{"alt_text":"","src":"","width":0,"height":0},"classes":[]},{"id":1320,"url":"https:\/\/www.enviroscop.fr\/actu\/2013\/07\/prix-entreprises-et-environnement-2013-appel-a-candidatures\/","url_meta":{"origin":2758,"position":2},"title":"Prix Entreprises et Environnement 2013 : appel \u00e0 candidatures","author":"Enviroscop","date":"30 juillet 2013","format":false,"excerpt":"Le minist\u00e8re de l\u2019\u00c9cologie, du D\u00e9veloppement durable et de l\u2019\u00c9nergie lance, en partenariat avec l\u2019ADEME, l\u2019\u00e9dition 2013 des Prix Entreprises et Environnement. Pour cette nouvelle \u00e9dition, une cat\u00e9gorie \u00ab\u00a0\u00c9conomie circulaire\u00a0\u00bb\u00a0voit le jour afin d\u2019encourager la production des biens et des services limitant la consommation et le gaspillage des mati\u00e8res premi\u00e8res,\u2026","rel":"","context":"Dans &quot;durable&quot;","block_context":{"text":"durable","link":"https:\/\/www.enviroscop.fr\/actu\/category\/durable\/"},"img":{"alt_text":"","src":"","width":0,"height":0},"classes":[]},{"id":5231,"url":"https:\/\/www.enviroscop.fr\/actu\/2023\/05\/mise-en-oeuvre-du-zan-les-intercommunalites-appellent-a-generaliser-le-plui\/","url_meta":{"origin":2758,"position":3},"title":"Mise en \u0153uvre du ZAN : les intercommunalit\u00e9s appellent \u00e0 g\u00e9n\u00e9raliser le PLUi","author":"Enviroscop","date":"5 mai 2023","format":false,"excerpt":"Nul besoin d'une nouvelle loi pour faciliter la mise en \u0153uvre de l'objectif de z\u00e9ro artificialisation nette (ZAN) : pour les \u00e9lus d'Intercommunalit\u00e9s de France, la g\u00e9n\u00e9ralisation des plans locaux d'urbanisme intercommunaux (PLUi) est le meilleur moyen de porter l'enjeu de sobri\u00e9t\u00e9 fonci\u00e8re tout en prenant en compte les besoins\u2026","rel":"","context":"Dans &quot;Concertation&quot;","block_context":{"text":"Concertation","link":"https:\/\/www.enviroscop.fr\/actu\/category\/concertation\/"},"img":{"alt_text":"artificialisation des sols","src":"https:\/\/i0.wp.com\/www.banquedesterritoires.fr\/sites\/default\/files\/styles\/landscape_auto_crop\/public\/2023-05\/REA10148046.jpg?resize=350%2C200&ssl=1","width":350,"height":200,"srcset":"https:\/\/i0.wp.com\/www.banquedesterritoires.fr\/sites\/default\/files\/styles\/landscape_auto_crop\/public\/2023-05\/REA10148046.jpg?resize=350%2C200&ssl=1 1x, https:\/\/i0.wp.com\/www.banquedesterritoires.fr\/sites\/default\/files\/styles\/landscape_auto_crop\/public\/2023-05\/REA10148046.jpg?resize=525%2C300&ssl=1 1.5x, https:\/\/i0.wp.com\/www.banquedesterritoires.fr\/sites\/default\/files\/styles\/landscape_auto_crop\/public\/2023-05\/REA10148046.jpg?resize=700%2C400&ssl=1 2x"},"classes":[]},{"id":338,"url":"https:\/\/www.enviroscop.fr\/actu\/2011\/10\/trame-verte-et-bleue-installation-du-comite-n\/","url_meta":{"origin":2758,"position":4},"title":"Trame verte et bleue : Installation du Comit\u00e9 national","author":"Enviroscop","date":"19 octobre 2011","format":false,"excerpt":"Le premier Comit?? s'est tenu ce 18 octobre (lien vers le communiqu?? de presse) Sa composition : D??put?? et Pr??sident du CNTVB : J??r??me BIGNON Un S??nateur Association des r??gions de France Assembl??e des d??partements de France Ma...","rel":"","context":"Dans &quot;Minist\u00e8re&quot;","block_context":{"text":"Minist\u00e8re","link":"https:\/\/www.enviroscop.fr\/actu\/category\/juridique\/ministere\/"},"img":{"alt_text":"","src":"","width":0,"height":0},"classes":[]},{"id":1071,"url":"https:\/\/www.enviroscop.fr\/actu\/2013\/05\/creation-du-cerema\/","url_meta":{"origin":2758,"position":5},"title":"Cr\u00e9ation du CEREMA","author":"Enviroscop","date":"29 mai 2013","format":false,"excerpt":"Un nouvel \u00e9tablissement public pour le r\u00e9seau scientifique et technique \u00e0 partir du 1er janvier 2014 La loi portant sur les infrastructures et services de transports a \u00e9t\u00e9 promulgu\u00e9e ce jour permettant ainsi la cr\u00e9ation du CEREMA (centre d\u2019\u00e9tudes et d\u2019expertise sur les risques, l\u2019environnement, la mobilit\u00e9 et l\u2019am\u00e9nagement). R\u00e9pondant\u2026","rel":"","context":"Dans &quot;France&quot;","block_context":{"text":"France","link":"https:\/\/www.enviroscop.fr\/actu\/category\/europe\/france\/"},"img":{"alt_text":"","src":"","width":0,"height":0},"classes":[]}],"jetpack_sharing_enabled":true,"_links":{"self":[{"href":"https:\/\/www.enviroscop.fr\/actu\/wp-json\/wp\/v2\/posts\/2758","targetHints":{"allow":["GET"]}}],"collection":[{"href":"https:\/\/www.enviroscop.fr\/actu\/wp-json\/wp\/v2\/posts"}],"about":[{"href":"https:\/\/www.enviroscop.fr\/actu\/wp-json\/wp\/v2\/types\/post"}],"author":[{"embeddable":true,"href":"https:\/\/www.enviroscop.fr\/actu\/wp-json\/wp\/v2\/users\/1"}],"replies":[{"embeddable":true,"href":"https:\/\/www.enviroscop.fr\/actu\/wp-json\/wp\/v2\/comments?post=2758"}],"version-history":[{"count":0,"href":"https:\/\/www.enviroscop.fr\/actu\/wp-json\/wp\/v2\/posts\/2758\/revisions"}],"wp:attachment":[{"href":"https:\/\/www.enviroscop.fr\/actu\/wp-json\/wp\/v2\/media?parent=2758"}],"wp:term":[{"taxonomy":"category","embeddable":true,"href":"https:\/\/www.enviroscop.fr\/actu\/wp-json\/wp\/v2\/categories?post=2758"},{"taxonomy":"post_tag","embeddable":true,"href":"https:\/\/www.enviroscop.fr\/actu\/wp-json\/wp\/v2\/tags?post=2758"}],"curies":[{"name":"wp","href":"https:\/\/api.w.org\/{rel}","templated":true}]}}