{"id":278,"date":"2011-06-23T06:48:00","date_gmt":"2011-06-23T06:48:00","guid":{"rendered":"http:\/\/actu.enviroscop.com\/la-concertation-en-france"},"modified":"2011-06-23T06:48:00","modified_gmt":"2011-06-23T06:48:00","slug":"la-concertation-en-france","status":"publish","type":"post","link":"https:\/\/www.enviroscop.fr\/actu\/2011\/06\/la-concertation-en-france\/","title":{"rendered":"La concertation en France"},"content":{"rendered":"<p><span style=\"font-family:arial, helvetica, sans-serif;\"><span style=\"font-size:10pt;\"><span style=\"color:#000000;\"><span style=\"font-size:12pt;color:#000080;\"><span style=\"font-size:10pt;color:#333333;\"><\/p>\n<div class='p_embed p_image_embed'><img data-recalc-dims=\"1\" loading=\"lazy\" decoding=\"async\" alt=\"Couv_rex\" height=\"273\" src=\"https:\/\/i0.wp.com\/www.enviroscop.fr\/actu\/wp-content\/uploads\/2013\/02\/couv_rex-scaled500.png?resize=203%2C273&#038;ssl=1\" width=\"203\" \/><\/div>\n<p>D&eacute;cider  ensemble a publi&eacute; une &eacute;tude sur les pratiques fran&ccedil;aises de la  concertation sur projet, entreprise en 2009 gr&acirc;ce au soutien de l&rsquo;ADEME  et avec la participation de l&rsquo;Universit&eacute; de Technologie de Compi&egrave;gne.<\/p>\n<p \/>Men&eacute;e  aupr&egrave;s de ma&icirc;tres d&rsquo;ouvrages priv&eacute;s et publics, d&rsquo;entreprises et de  collectivit&eacute;s locales, l&rsquo;&eacute;tude de D&eacute;cider ensemble fait &eacute;merger des  pratiques, des m&eacute;thodes et des outils de concertation portant sur des  projets d&rsquo;am&eacute;nagement, des projets industriels ou des projets de  politique publique.???<\/p>\n<p \/>Elle s&rsquo;adresse aux praticiens de la  concertation en charge de porter des projets dans les territoires ainsi  qu&rsquo;aux d&eacute;cideurs nationaux en charge de construire une gouvernance  prenant acte des r&eacute;centes &eacute;volutions en mati&egrave;re de participation des  parties prenantes et du public. <\/span><\/span><\/span><\/span><\/span><\/p>\n<p><span style=\"font-family:arial, helvetica, sans-serif;\"><span style=\"font-size:10pt;\"><span style=\"color:#000000;\"><span style=\"font-size:12pt;color:#000080;\"><span style=\"font-size:10pt;color:#333333;\">Lire le reste de l&rsquo;article et t&eacute;l&eacute;charger l&rsquo;&eacute;tude sur le site de <a href=\"http:\/\/www.deciderensemble.com\/travaux\/experiences\" target=\"_blank\">\u00ab\u00a0D&eacute;cider ensemble\u00a0\u00bb<\/a><br \/><\/span><\/span><\/span><\/span><\/span><\/p>\n","protected":false},"excerpt":{"rendered":"<p>D??cider ensemble a publi?? une ??tude sur les pratiques fran??aises de la concertation sur projet, entreprise en 2009 gr??ce au soutien de l???ADEME et avec la participation de l???Universit?? de Technologie de Compi??gne.Men??e aupr??s de ma??tres d???ouvrages &#8230;<\/p>\n","protected":false},"author":1,"featured_media":0,"comment_status":"open","ping_status":"open","sticky":false,"template":"","format":"standard","meta":{"jetpack_post_was_ever_published":false,"_jetpack_newsletter_access":"","_jetpack_dont_email_post_to_subs":false,"_jetpack_newsletter_tier_id":0,"_jetpack_memberships_contains_paywalled_content":false,"_jetpack_memberships_contains_paid_content":false,"footnotes":"","jetpack_publicize_message":"","jetpack_publicize_feature_enabled":true,"jetpack_social_post_already_shared":false,"jetpack_social_options":{"image_generator_settings":{"template":"highway","default_image_id":0,"font":"","enabled":false},"version":2}},"categories":[16,8,9],"tags":[],"class_list":["post-278","post","type-post","status-publish","format-standard","hentry","category-concertation","category-eolien","category-etude-dimpact","item-wrap"],"jetpack_publicize_connections":[],"jetpack_featured_media_url":"","jetpack_shortlink":"https:\/\/wp.me\/p3rXAp-4u","jetpack_likes_enabled":true,"jetpack-related-posts":[{"id":2653,"url":"https:\/\/www.enviroscop.fr\/actu\/2016\/08\/enquete-publique-des-projets-ayant-impact-sur-lenvironnement\/","url_meta":{"origin":278,"position":0},"title":"Enqu\u00eate publique des projets ayant un impact sur l&rsquo;environnement","author":"Enviroscop","date":"29 ao\u00fbt 2016","format":false,"excerpt":"La participation du public \u00e0 l'\u00e9laboration des d\u00e9cisions publiques ayant une incidence sur l'environnement est mise en \u0153uvre en vue : \u00ab 1\u00b0 D'am\u00e9liorer la qualit\u00e9 de la d\u00e9cision publique et de contribuer \u00e0 sa l\u00e9gitimit\u00e9 d\u00e9mocratique ; \u00ab 2\u00b0 D'assurer la pr\u00e9servation d'un environnement sain pour les g\u00e9n\u00e9rations actuelles\u2026","rel":"","context":"Dans &quot;Enqu\u00eate publique&quot;","block_context":{"text":"Enqu\u00eate publique","link":"https:\/\/www.enviroscop.fr\/actu\/category\/evaluation\/enquete-publique\/"},"img":{"alt_text":"","src":"","width":0,"height":0},"classes":[]},{"id":87,"url":"https:\/\/www.enviroscop.fr\/actu\/2011\/10\/la-picardie-lance-une-concertation-sur-le-spo\/","url_meta":{"origin":278,"position":1},"title":"La Picardie lance une concertation sur le sport","author":"Enviroscop","date":"31 octobre 2011","format":false,"excerpt":"Le Conseil R??gional de Picardie en lien avec le Comit?? R??gional Olympique et Sportif a engag?? une r??flexion concert??e sur le d??veloppement du sport avec l???ensemble des acteurs du monde sportif picard. Au sein d???ateliers th??matiques, lanc??e en avri...","rel":"","context":"Dans &quot;Concertation&quot;","block_context":{"text":"Concertation","link":"https:\/\/www.enviroscop.fr\/actu\/category\/concertation\/"},"img":{"alt_text":"","src":"","width":0,"height":0},"classes":[]},{"id":5208,"url":"https:\/\/www.enviroscop.fr\/actu\/2023\/04\/solaire-photovoltaique-au-sol-une-charte-pour-poser-les-conditions-de-son-developpement\/","url_meta":{"origin":278,"position":2},"title":"Solaire photovolta\u00efque au sol : une charte pour poser les conditions de son d\u00e9veloppement","author":"Enviroscop","date":"4 avril 2023","format":false,"excerpt":"\u00c9nergie Partag\u00e9e vient de publier une charte pour proposer des rep\u00e8res de qualit\u00e9 et de progression \u00e0 l\u2019attention des collectivit\u00e9s, collectifs ou professionnels des \u00e9nergies renouvelables, porteurs de projets solaires photovolta\u00efques au sol.\u00a0Elle se focalise sur 2 enjeux : la protection de la biodiversit\u00e9 et de l\u2019agriculture. Apr\u00e8s les publications\u2026","rel":"","context":"Dans &quot;Citoyen&quot;","block_context":{"text":"Citoyen","link":"https:\/\/www.enviroscop.fr\/actu\/category\/humain\/citoyen\/"},"img":{"alt_text":"","src":"","width":0,"height":0},"classes":[]},{"id":2493,"url":"https:\/\/www.enviroscop.fr\/actu\/2015\/10\/signature-dune-charte-entre-fee-amorce-en-faveur-de-la-concertation-dans-le-developpement-eolien\/","url_meta":{"origin":278,"position":3},"title":"SIGNATURE D\u2019UNE CHARTE ENTRE FEE ET AMORCE EN FAVEUR DE LA CONCERTATION DANS LE D\u00c9VELOPPEMENT \u00c9OLIEN","author":"Enviroscop","date":"7 octobre 2015","format":false,"excerpt":"\u00c0 l\u2019occasion de la conf\u00e9rence d\u00e9bat sur l\u2019\u00e9olien au c\u0153ur des territoires qui se tient \u00e0\u00a0Dijon ce vendredi 02 octobre, France Energie Eolienne et AMORCE ont sign\u00e9\u00a0une charte de bonnes pratiques en faveur de projets \u00e9oliens territoriaux et concert\u00e9s. Le communiqu\u00e9 de presse est ICI","rel":"","context":"Dans &quot;Concertation&quot;","block_context":{"text":"Concertation","link":"https:\/\/www.enviroscop.fr\/actu\/category\/concertation\/"},"img":{"alt_text":"","src":"","width":0,"height":0},"classes":[]},{"id":5251,"url":"https:\/\/www.enviroscop.fr\/actu\/2023\/06\/eolien-en-mer-la-concertation-est-lancee-en-vue-de-la-planification-par-facade-maritime\/","url_meta":{"origin":278,"position":4},"title":"\u00c9olien en mer : la concertation est lanc\u00e9e en vue de la planification par fa\u00e7ade maritime","author":"Enviroscop","date":"9 juin 2023","format":false,"excerpt":"Le Gouvernement demande aux pr\u00e9fets de lancer la concertation par fa\u00e7ade maritime en vue d'identifier des zones de d\u00e9veloppement de l'\u00e9olien offshore. Objectif\u00a0: lancer 18 GW de projets d'ici \u00e0 2035 et 14 GW suppl\u00e9mentaires d'ici 2050. Le Gouvernement a demand\u00e9 ce 7 juin, par circulaire, aux pr\u00e9fets de lancer\u2026","rel":"","context":"Dans &quot;Am\u00e9nagement&quot;","block_context":{"text":"Am\u00e9nagement","link":"https:\/\/www.enviroscop.fr\/actu\/category\/amenagement\/"},"img":{"alt_text":"","src":"","width":0,"height":0},"classes":[]},{"id":2062,"url":"https:\/\/www.enviroscop.fr\/actu\/2014\/09\/energies-renouvelables-le-financement-participatif-bientot-facilite\/","url_meta":{"origin":278,"position":5},"title":"Energies renouvelables : le financement participatif bient\u00f4t facilit\u00e9","author":"Enviroscop","date":"23 septembre 2014","format":false,"excerpt":"\u00a9 imagedepotpro Apr\u00e8s avoir recueilli 6,5 millions d'euros lors de deux\u00a0collectes d'investissements citoyens\u00a0en 2011 et 2012, le fonds d'investissement Energie partag\u00e9e r\u00e9cidive, en lan\u00e7ant une troisi\u00e8me collecte.\u00a0\"L'objectif est de collecter trois millions d'euros pour financer en fonds propre les nombreux projets citoyens en attente de soutien\", souligne le mouvement. Jusqu'ici,\u2026","rel":"","context":"Dans &quot;Concertation&quot;","block_context":{"text":"Concertation","link":"https:\/\/www.enviroscop.fr\/actu\/category\/concertation\/"},"img":{"alt_text":"Energies renouvelables : le financement participatif bient\u00f4t facilit\u00e9","src":"https:\/\/i0.wp.com\/www.actu-environnement.com\/images\/illustrations\/news\/22717_une.jpg?resize=350%2C200","width":350,"height":200,"srcset":"https:\/\/i0.wp.com\/www.actu-environnement.com\/images\/illustrations\/news\/22717_une.jpg?resize=350%2C200 1x, https:\/\/i0.wp.com\/www.actu-environnement.com\/images\/illustrations\/news\/22717_une.jpg?resize=525%2C300 1.5x"},"classes":[]}],"jetpack_sharing_enabled":true,"_links":{"self":[{"href":"https:\/\/www.enviroscop.fr\/actu\/wp-json\/wp\/v2\/posts\/278","targetHints":{"allow":["GET"]}}],"collection":[{"href":"https:\/\/www.enviroscop.fr\/actu\/wp-json\/wp\/v2\/posts"}],"about":[{"href":"https:\/\/www.enviroscop.fr\/actu\/wp-json\/wp\/v2\/types\/post"}],"author":[{"embeddable":true,"href":"https:\/\/www.enviroscop.fr\/actu\/wp-json\/wp\/v2\/users\/1"}],"replies":[{"embeddable":true,"href":"https:\/\/www.enviroscop.fr\/actu\/wp-json\/wp\/v2\/comments?post=278"}],"version-history":[{"count":0,"href":"https:\/\/www.enviroscop.fr\/actu\/wp-json\/wp\/v2\/posts\/278\/revisions"}],"wp:attachment":[{"href":"https:\/\/www.enviroscop.fr\/actu\/wp-json\/wp\/v2\/media?parent=278"}],"wp:term":[{"taxonomy":"category","embeddable":true,"href":"https:\/\/www.enviroscop.fr\/actu\/wp-json\/wp\/v2\/categories?post=278"},{"taxonomy":"post_tag","embeddable":true,"href":"https:\/\/www.enviroscop.fr\/actu\/wp-json\/wp\/v2\/tags?post=278"}],"curies":[{"name":"wp","href":"https:\/\/api.w.org\/{rel}","templated":true}]}}