{"id":2816,"date":"2017-05-10T12:51:57","date_gmt":"2017-05-10T11:51:57","guid":{"rendered":"http:\/\/www.enviroscop.fr\/actu\/?p=2816"},"modified":"2017-05-10T12:51:57","modified_gmt":"2017-05-10T11:51:57","slug":"complement-de-remuneration-des-parcs-eoliens","status":"publish","type":"post","link":"https:\/\/www.enviroscop.fr\/actu\/2017\/05\/complement-de-remuneration-des-parcs-eoliens\/","title":{"rendered":"Compl\u00e9ment de r\u00e9mun\u00e9ration des parcs \u00e9oliens"},"content":{"rendered":"<div class=\"enteteTexte\"><\/div>\n<div>\n<div>\n<div class=\"article\">\n<p>Cet arr\u00eat\u00e9 fixe les conditions n\u00e9cessaires pour b\u00e9n\u00e9ficier du compl\u00e9ment de r\u00e9mun\u00e9ration pour les parcs pr\u00e9sentant 6 a\u00e9rog\u00e9n\u00e9rateurs au maximum, pour une puissance nominale maximum de 3 MW.<\/p>\n<\/div>\n<div class=\"article\"><\/div>\n<\/div>\n<\/div>\n<div><\/div>\n<p>Source\u00a0: <em><a href=\"https:\/\/www.legifrance.gouv.fr\/affichTexte.do?cidTexte=JORFTEXT000034631361&amp;dateTexte=&amp;categorieLien=id\">Arr\u00eat\u00e9 du 6 mai 2017 fixant les conditions du compl\u00e9ment de r\u00e9mun\u00e9ration de l&rsquo;\u00e9lectricit\u00e9 produite par les installations de production d&rsquo;\u00e9lectricit\u00e9 utilisant l&rsquo;\u00e9nergie m\u00e9canique du vent, de 6 a\u00e9rog\u00e9n\u00e9rateurs au maximum | Legifrance<\/a><\/em><\/p>\n","protected":false},"excerpt":{"rendered":"<p>Cet arr\u00eat\u00e9 fixe les conditions n\u00e9cessaires pour b\u00e9n\u00e9ficier du compl\u00e9ment de r\u00e9mun\u00e9ration pour les parcs pr\u00e9sentant 6 a\u00e9rog\u00e9n\u00e9rateurs au maximum, pour une puissance nominale maximum de 3 MW. Source\u00a0: Arr\u00eat\u00e9 du 6 mai 2017 fixant les conditions du compl\u00e9ment de r\u00e9mun\u00e9ration de l&rsquo;\u00e9lectricit\u00e9 produite par les installations de production d&rsquo;\u00e9lectricit\u00e9 utilisant l&rsquo;\u00e9nergie m\u00e9canique du vent, &hellip; <\/p>\n<p><a class=\"more-link btn\" href=\"https:\/\/www.enviroscop.fr\/actu\/2017\/05\/complement-de-remuneration-des-parcs-eoliens\/\">Lire la suite<\/a><\/p>\n","protected":false},"author":1,"featured_media":0,"comment_status":"open","ping_status":"open","sticky":false,"template":"","format":"standard","meta":{"jetpack_post_was_ever_published":false,"_jetpack_newsletter_access":"","_jetpack_dont_email_post_to_subs":false,"_jetpack_newsletter_tier_id":0,"_jetpack_memberships_contains_paywalled_content":false,"_jetpack_memberships_contains_paid_content":false,"footnotes":"","jetpack_publicize_message":"","jetpack_publicize_feature_enabled":true,"jetpack_social_post_already_shared":true,"jetpack_social_options":{"image_generator_settings":{"template":"highway","default_image_id":0,"font":"","enabled":false},"version":2}},"categories":[71,7,8,68],"tags":[],"class_list":["post-2816","post","type-post","status-publish","format-standard","hentry","category-arrete","category-energie","category-eolien","category-france","item-wrap"],"jetpack_publicize_connections":[],"jetpack_featured_media_url":"","jetpack_shortlink":"https:\/\/wp.me\/p3rXAp-Jq","jetpack_likes_enabled":true,"jetpack-related-posts":[{"id":3793,"url":"https:\/\/www.enviroscop.fr\/actu\/2020\/06\/arretes-du-22-juin-2020\/","url_meta":{"origin":2816,"position":0},"title":"Arr\u00eat\u00e9s du 22 juin 2020","author":"Enviroscop","date":"30 juin 2020","format":false,"excerpt":"Arr\u00eat\u00e9 du\u00a022 juin 2020\u00a0modifiant l'arr\u00eat\u00e9 du 26 ao\u00fbt 2011 relatif aux installations de production d'\u00e9lectricit\u00e9 utilisant l'\u00e9nergie m\u00e9canique du vent au sein d'une installation soumise \u00e0 d\u00e9claration au titre de la rubrique 2980 de la l\u00e9gislation des installations class\u00e9es pour la protection de l'environnement Arr\u00eat\u00e9 du\u00a022 juin 2020\u00a0portant modification des\u2026","rel":"","context":"Dans &quot;Energie&quot;","block_context":{"text":"Energie","link":"https:\/\/www.enviroscop.fr\/actu\/category\/energie\/"},"img":{"alt_text":"","src":"https:\/\/i0.wp.com\/www.enviroscop.fr\/actu\/wp-content\/uploads\/2013\/03\/Graphique-1-300x163.png?resize=350%2C200","width":350,"height":200},"classes":[]},{"id":2152,"url":"https:\/\/www.enviroscop.fr\/actu\/2014\/11\/eolien-arrete-du-6-novembre-2014\/","url_meta":{"origin":2816,"position":1},"title":"Eolien : Arr\u00eat\u00e9 du 6 novembre 2014","author":"Enviroscop","date":"25 novembre 2014","format":false,"excerpt":"Arr\u00eat\u00e9 du 6 novembre 2014 modifiant l'arr\u00eat\u00e9 du 26 ao\u00fbt 2011 relatif aux installations de production d'\u00e9lectricit\u00e9 utilisant l'\u00e9nergie m\u00e9canique du vent au sein d'une installation soumise \u00e0 autorisation au titre de la rubrique 2980 de la l\u00e9gislation des installations class\u00e9es pour la protection de l'environnement et l'arr\u00eat\u00e9 du 26\u2026","rel":"","context":"Dans &quot;Energie&quot;","block_context":{"text":"Energie","link":"https:\/\/www.enviroscop.fr\/actu\/category\/energie\/"},"img":{"alt_text":"","src":"","width":0,"height":0},"classes":[]},{"id":311,"url":"https:\/\/www.enviroscop.fr\/actu\/2011\/05\/projet-de-decret-modifiant-la-nomenclature-de\/","url_meta":{"origin":2816,"position":2},"title":"Projet de d\u00e9cret modifiant la nomenclature des installations class\u00e9es (cr\u00e9ation de la rubrique 2980 &#8211; \u00e9oliennes)","author":"Enviroscop","date":"19 mai 2011","format":false,"excerpt":"La loi Grenelle 2 du 12 juillet 2010 a pr??vu l'entr??e des ??oliennes dans le r??gime des installations class??es partir du 13 juillet prochain. Si la loi a fix?? le principe du r??gime de l'autorisation a minima pour les a??rog??n??rateurs \/ ...","rel":"","context":"Dans &quot;Eolien&quot;","block_context":{"text":"Eolien","link":"https:\/\/www.enviroscop.fr\/actu\/category\/energie\/renouvelable\/eolien\/"},"img":{"alt_text":"","src":"","width":0,"height":0},"classes":[]},{"id":4552,"url":"https:\/\/www.enviroscop.fr\/actu\/2021\/12\/acoustique-et-eolien-nouvel-arrete\/","url_meta":{"origin":2816,"position":3},"title":"Acoustique et \u00e9olien : nouvel arr\u00eat\u00e9","author":"Enviroscop","date":"21 d\u00e9cembre 2021","format":false,"excerpt":"Arr\u00eat\u00e9s du 19 d\u00e9cembre 2021 apportant de multiples modifications \u00e0 l'arr\u00eat\u00e9 du 26 ao\u00fbt 2011 relatif aux installations \u00e9oliennes class\u00e9es pour la protection de l'environnement (ICPE). Le premier arr\u00eat\u00e9 supprime, dans ses articles 14 et 15, les niveaux de tol\u00e9rance des \u00e9missions sonores admis jusqu'\u00e0 pr\u00e9sent. La r\u00e9glementation pr\u00e9voyait pr\u00e9c\u00e9demment\u2026","rel":"","context":"Dans &quot;Arr\u00eat\u00e9&quot;","block_context":{"text":"Arr\u00eat\u00e9","link":"https:\/\/www.enviroscop.fr\/actu\/category\/juridique\/arrete\/"},"img":{"alt_text":"","src":"https:\/\/i0.wp.com\/www.enviroscop.fr\/actu\/wp-content\/uploads\/2013\/03\/Evaluation.png?resize=350%2C200","width":350,"height":200},"classes":[]},{"id":4714,"url":"https:\/\/www.enviroscop.fr\/actu\/2022\/04\/arrete-du-29-mars-2022-modifiant-larrete-du-23-avril-2018-relatif-a-la-realisation-du-balisage-des-obstacles-a-la-navigation-aerienne\/","url_meta":{"origin":2816,"position":4},"title":"Arr\u00eat\u00e9 du 29 mars 2022 modifiant l&rsquo;arr\u00eat\u00e9 du 23 avril 2018 relatif \u00e0 la r\u00e9alisation du balisage des obstacles \u00e0 la navigation a\u00e9rienne","author":"Enviroscop","date":"19 avril 2022","format":false,"excerpt":"Publics concern\u00e9s : exploitants de parcs \u00e9oliens et propri\u00e9taires d'obstacles. Objet : modification de l'arr\u00eat\u00e9 du 23 avril 2018 relatif \u00e0 la r\u00e9alisation du balisage des obstacles \u00e0 la navigation a\u00e9rienne. Entr\u00e9e en vigueur : l'arr\u00eat\u00e9 entre en vigueur le lendemain de sa publication au Journal officiel de la R\u00e9publique\u2026","rel":"","context":"Dans &quot;durable&quot;","block_context":{"text":"durable","link":"https:\/\/www.enviroscop.fr\/actu\/category\/durable\/"},"img":{"alt_text":"","src":"https:\/\/i0.wp.com\/www.enviroscop.fr\/actu\/wp-content\/uploads\/2022\/04\/eole.jpg?resize=350%2C200","width":350,"height":200},"classes":[]},{"id":2678,"url":"https:\/\/www.enviroscop.fr\/actu\/2016\/10\/arrete-du-30-septembre-2016-modifiant-larrete-du-22-septembre-1994-relatif-aux-exploitations-de-carrieres-aux-installations-de-premier-traitement-des-materiaux-de-carrieres\/","url_meta":{"origin":2816,"position":5},"title":"Arr\u00eat\u00e9 du 30 septembre 2016 modifiant l&rsquo;arr\u00eat\u00e9 du 22 septembre 1994 relatif aux exploitations de carri\u00e8res et aux installations de premier traitement des mat\u00e9riaux de carri\u00e8res","author":"Enviroscop","date":"12 octobre 2016","format":false,"excerpt":"Publics concern\u00e9s : exploitants de carri\u00e8res soumises au r\u00e9gime de l'autorisation au titre des installations class\u00e9es pour la protection de l'environnement. Objet : surveillance environnementale des poussi\u00e8res \u00e9mises par les exploitations de carri\u00e8res, remblayage des carri\u00e8res et profil des zones d'extraction. Abrogation de l'arr\u00eat\u00e9 du 23 f\u00e9vrier 1998 fixant les\u2026","rel":"","context":"Dans &quot;Carri\u00e8res&quot;","block_context":{"text":"Carri\u00e8res","link":"https:\/\/www.enviroscop.fr\/actu\/category\/icpe\/carrieres\/"},"img":{"alt_text":"17141_une","src":"https:\/\/i0.wp.com\/www.enviroscop.fr\/actu\/wp-content\/uploads\/2013\/05\/17141_une-300x152.jpg?resize=350%2C200","width":350,"height":200},"classes":[]}],"jetpack_sharing_enabled":true,"_links":{"self":[{"href":"https:\/\/www.enviroscop.fr\/actu\/wp-json\/wp\/v2\/posts\/2816","targetHints":{"allow":["GET"]}}],"collection":[{"href":"https:\/\/www.enviroscop.fr\/actu\/wp-json\/wp\/v2\/posts"}],"about":[{"href":"https:\/\/www.enviroscop.fr\/actu\/wp-json\/wp\/v2\/types\/post"}],"author":[{"embeddable":true,"href":"https:\/\/www.enviroscop.fr\/actu\/wp-json\/wp\/v2\/users\/1"}],"replies":[{"embeddable":true,"href":"https:\/\/www.enviroscop.fr\/actu\/wp-json\/wp\/v2\/comments?post=2816"}],"version-history":[{"count":0,"href":"https:\/\/www.enviroscop.fr\/actu\/wp-json\/wp\/v2\/posts\/2816\/revisions"}],"wp:attachment":[{"href":"https:\/\/www.enviroscop.fr\/actu\/wp-json\/wp\/v2\/media?parent=2816"}],"wp:term":[{"taxonomy":"category","embeddable":true,"href":"https:\/\/www.enviroscop.fr\/actu\/wp-json\/wp\/v2\/categories?post=2816"},{"taxonomy":"post_tag","embeddable":true,"href":"https:\/\/www.enviroscop.fr\/actu\/wp-json\/wp\/v2\/tags?post=2816"}],"curies":[{"name":"wp","href":"https:\/\/api.w.org\/{rel}","templated":true}]}}