{"id":284,"date":"2012-04-19T07:01:00","date_gmt":"2012-04-19T06:01:00","guid":{"rendered":"http:\/\/actu.enviroscop.com\/mise-en-ligne-de-la-version-beta-2-de-datagou"},"modified":"2013-04-26T11:01:48","modified_gmt":"2013-04-26T10:01:48","slug":"mise-en-ligne-de-la-version-beta-2-de-datagou","status":"publish","type":"post","link":"https:\/\/www.enviroscop.fr\/actu\/2012\/04\/mise-en-ligne-de-la-version-beta-2-de-datagou\/","title":{"rendered":"Mise en ligne de la version beta 2 de Data.gouv.fr"},"content":{"rendered":"<p>Bo&icirc;te &agrave; id&eacute;es, espaces de travail collaboratif, le site data.gouv.fr passe &agrave; la version 2.0 en jouant la carte de la communication. Forum, flux RSS, mots clefs, statistiques en temps r&eacute;el vont enfin permettre aux producteurs et aux utilisateurs de donn&eacute;es d&rsquo;&eacute;changer afin d&rsquo;instituer un mode de gouvernance plus ouvert sur  l&rsquo;ext&eacute;rieur&#8230;<\/p>\n<p>Pour se renseigner ou se connecter, <a href=\"http:\/\/www.etalab.gouv.fr\/article-mise-en-ligne-de-la-version-beta-2-de-data-gouv-fr-103503751.html\" target=\"_blank\">c&rsquo;est ICI.<\/a><\/p>\n","protected":false},"excerpt":{"rendered":"<p>Bo??te   id??es, espaces de travail collaboratif, le site data.gouv.fr passe   la version 2.0 en jouant la carte de la communication. Forum, flux RSS, mots clefs, statistiques en temps r??el vont enfin permettre aux producteurs et aux utilisateu&#8230;<\/p>\n","protected":false},"author":1,"featured_media":0,"comment_status":"open","ping_status":"open","sticky":false,"template":"","format":"standard","meta":{"jetpack_post_was_ever_published":false,"_jetpack_newsletter_access":"","_jetpack_dont_email_post_to_subs":false,"_jetpack_newsletter_tier_id":0,"_jetpack_memberships_contains_paywalled_content":false,"_jetpack_memberships_contains_paid_content":false,"footnotes":"","jetpack_publicize_message":"","jetpack_publicize_feature_enabled":true,"jetpack_social_post_already_shared":false,"jetpack_social_options":{"image_generator_settings":{"template":"highway","default_image_id":0,"font":"","enabled":false},"version":2}},"categories":[38],"tags":[],"class_list":["post-284","post","type-post","status-publish","format-standard","hentry","category-ministere","item-wrap"],"jetpack_publicize_connections":[],"jetpack_featured_media_url":"","jetpack_shortlink":"https:\/\/wp.me\/p3rXAp-4A","jetpack_likes_enabled":true,"jetpack-related-posts":[{"id":1988,"url":"https:\/\/www.enviroscop.fr\/actu\/2014\/07\/decret-n-2014-760-du-2-juillet-2014-modifiant-le-decret-n-2012-533-du-20-avril-2012-relatif-aux-schemas-regionaux-de-raccordement-au-reseau-des-energies-renouvelables-prevus-par-larticle\/","url_meta":{"origin":284,"position":0},"title":"D\u00e9cret n\u00b0 2014-760 du 2 juillet 2014 modifiant le d\u00e9cret n\u00b0 2012-533 du 20 avril 2012 relatif aux sch\u00e9mas r\u00e9gionaux de raccordement au r\u00e9seau des \u00e9nergies renouvelables pr\u00e9vus par l&rsquo;article L. 321-7 du code de l&rsquo;\u00e9nergie | Legifrance","author":"Enviroscop","date":"4 juillet 2014","format":false,"excerpt":"Le d\u00e9cret modifie le d\u00e9cret n\u00b0 2012-533 du 20 avril 2012 relatif aux sch\u00e9mas r\u00e9gionaux de raccordement au r\u00e9seau des \u00e9nergies renouvelables. Ces sch\u00e9mas, institu\u00e9s par la loi n\u00b0 2010-788 du 12 juillet 2010 portant engagement national pour l'environnement, d\u00e9finissent les ouvrages \u00e0 cr\u00e9er ou \u00e0 renforcer pour atteindre les\u2026","rel":"","context":"Dans &quot;Energie&quot;","block_context":{"text":"Energie","link":"https:\/\/www.enviroscop.fr\/actu\/category\/energie\/"},"img":{"alt_text":"","src":"","width":0,"height":0},"classes":[]},{"id":90,"url":"https:\/\/www.enviroscop.fr\/actu\/2011\/03\/connaissance-et-preservation-des-espaces-natu\/","url_meta":{"origin":284,"position":1},"title":"Connaissance et pr??servation des espaces naturels","author":"Enviroscop","date":"31 mars 2011","format":false,"excerpt":"Le SOeS vient de faire para??tre ses derni??res statistiques.","rel":"","context":"Dans &quot;biodiversit\u00e9&quot;","block_context":{"text":"biodiversit\u00e9","link":"https:\/\/www.enviroscop.fr\/actu\/category\/nature\/biodiversite\/"},"img":{"alt_text":"","src":"","width":0,"height":0},"classes":[]},{"id":4199,"url":"https:\/\/www.enviroscop.fr\/actu\/2021\/05\/objectif-zan-zero-artificialisation-nette-dans-les-territoires-le-guide-de-cdc-biodiversite\/","url_meta":{"origin":284,"position":2},"title":"Objectif ZAN (z\u00e9ro artificialisation nette) dans les territoires : le guide de CDC biodiversit\u00e9","author":"Enviroscop","date":"4 mai 2021","format":false,"excerpt":"CDC Biodiversit\u00e9 et Humanit\u00e9 et Biodiversit\u00e9 viennent de publier une \u00e9tude visant la mise en \u0153uvre de l'objectif de z\u00e9ro artificialisation nette dans les territoires. Elle propose des pistes pour \u00e0 la fois limiter la consommation d'espace et mieux ins\u00e9rer la biodiversit\u00e9 au sein des espaces artificialis\u00e9s. C\u2019est un d\u00e9fi\u2026","rel":"","context":"Dans &quot;Agriculture&quot;","block_context":{"text":"Agriculture","link":"https:\/\/www.enviroscop.fr\/actu\/category\/activite\/agriculture\/"},"img":{"alt_text":"","src":"","width":0,"height":0},"classes":[]},{"id":3118,"url":"https:\/\/www.enviroscop.fr\/actu\/2018\/07\/s3renr-publication-du-decret-n-2018-544-du-28-juin-2018-portant-modification-de-la-partie-reglementaire-du-code-de-lenergie-relative-aux-schemas-regionaux-de-raccordement-au-reseau-des-energi\/","url_meta":{"origin":284,"position":3},"title":"S3RENR : publication du d\u00e9cret n\u00b0 2018-544 du 28 juin 2018 portant modification de la partie r\u00e9glementaire du code de l&rsquo;\u00e9nergie relative aux sch\u00e9mas r\u00e9gionaux de raccordement au r\u00e9seau des \u00e9nergies renouvelables et aux raccordements multi-producteurs","author":"Enviroscop","date":"10 juillet 2018","format":false,"excerpt":"A noter au Journal officiel du 30 juin 2018 : la publication du d\u00e9cret n\u00b0 2018-544 du 28 juin 2018 portant modification de la partie r\u00e9glementaire du code de l'\u00e9nergie relative aux sch\u00e9mas r\u00e9gionaux de raccordement au r\u00e9seau des \u00e9nergies renouvelables et aux raccordements multi-producteurs. Le d\u00e9cret peut \u00eatre consult\u00e9\u2026","rel":"","context":"Dans &quot;Biomasse&quot;","block_context":{"text":"Biomasse","link":"https:\/\/www.enviroscop.fr\/actu\/category\/energie\/renouvelable\/biomasse\/"},"img":{"alt_text":"","src":"","width":0,"height":0},"classes":[]},{"id":2111,"url":"https:\/\/www.enviroscop.fr\/actu\/2014\/10\/le-sentiment-dexposition-aux-risques-environnementaux-ministere-du-developpement-durable\/","url_meta":{"origin":284,"position":4},"title":"Le sentiment d\u2019exposition aux risques environnementaux","author":"Enviroscop","date":"21 octobre 2014","format":false,"excerpt":"\u00a0 Chiffres et statistiques - Num\u00e9ro 567 - Octobre 2014 Interrog\u00e9s \u00e0 six ans d\u2019intervalle sur leur sentiment d\u2019exposition aux risques environnementaux, les Fran\u00e7ais semblent moins inquiets en 2013 qu\u2019ils ne l\u2019\u00e9taient en 2007. S\u2019ils expriment une forte pr\u00e9occupation \u00e0 l\u2019\u00e9gard des risques induits par la pollution atmosph\u00e9rique, une grande\u2026","rel":"","context":"Dans &quot;France&quot;","block_context":{"text":"France","link":"https:\/\/www.enviroscop.fr\/actu\/category\/europe\/france\/"},"img":{"alt_text":"le sentiment d'exposition aux risques environnementaux - ","src":"https:\/\/i0.wp.com\/www.developpement-durable.gouv.fr\/IMG\/arton41179.jpg?resize=350%2C200","width":350,"height":200},"classes":[]},{"id":223,"url":"https:\/\/www.enviroscop.fr\/actu\/2011\/12\/consommation-des-terres-agricoles-periurbaine\/","url_meta":{"origin":284,"position":5},"title":"Consommation des terres agricoles p\u00e9riurbaines","author":"Enviroscop","date":"5 d\u00e9cembre 2011","format":false,"excerpt":"Ce 30 novembre et 1er d??cembres'est tenu le congr??s annuel de la SAFER sur le th??me \"L'action des Safer en zones p??riurbaines\" Les zones p??riurbaines s???accroissent au d??triment des espaces agricoles et naturels. Entre 1999 et 2008, les espaces p??r...","rel":"","context":"Dans &quot;Am\u00e9nagement&quot;","block_context":{"text":"Am\u00e9nagement","link":"https:\/\/www.enviroscop.fr\/actu\/category\/amenagement\/"},"img":{"alt_text":"","src":"","width":0,"height":0},"classes":[]}],"jetpack_sharing_enabled":true,"_links":{"self":[{"href":"https:\/\/www.enviroscop.fr\/actu\/wp-json\/wp\/v2\/posts\/284","targetHints":{"allow":["GET"]}}],"collection":[{"href":"https:\/\/www.enviroscop.fr\/actu\/wp-json\/wp\/v2\/posts"}],"about":[{"href":"https:\/\/www.enviroscop.fr\/actu\/wp-json\/wp\/v2\/types\/post"}],"author":[{"embeddable":true,"href":"https:\/\/www.enviroscop.fr\/actu\/wp-json\/wp\/v2\/users\/1"}],"replies":[{"embeddable":true,"href":"https:\/\/www.enviroscop.fr\/actu\/wp-json\/wp\/v2\/comments?post=284"}],"version-history":[{"count":0,"href":"https:\/\/www.enviroscop.fr\/actu\/wp-json\/wp\/v2\/posts\/284\/revisions"}],"wp:attachment":[{"href":"https:\/\/www.enviroscop.fr\/actu\/wp-json\/wp\/v2\/media?parent=284"}],"wp:term":[{"taxonomy":"category","embeddable":true,"href":"https:\/\/www.enviroscop.fr\/actu\/wp-json\/wp\/v2\/categories?post=284"},{"taxonomy":"post_tag","embeddable":true,"href":"https:\/\/www.enviroscop.fr\/actu\/wp-json\/wp\/v2\/tags?post=284"}],"curies":[{"name":"wp","href":"https:\/\/api.w.org\/{rel}","templated":true}]}}