{"id":286,"date":"2013-01-19T07:51:00","date_gmt":"2013-01-19T07:51:00","guid":{"rendered":"http:\/\/actu.enviroscop.com\/loi-brottes-un-nouveau-souffle-pour-leolien"},"modified":"2013-03-01T21:51:31","modified_gmt":"2013-03-01T20:51:31","slug":"loi-brottes-un-nouveau-souffle-pour-leolien","status":"publish","type":"post","link":"https:\/\/www.enviroscop.fr\/actu\/2013\/01\/loi-brottes-un-nouveau-souffle-pour-leolien\/","title":{"rendered":"Loi Brottes, un nouveau souffle pour l&rsquo;\u00e9olien ?"},"content":{"rendered":"<p>21\/01\/13<\/p>\n<p>Au terme de l&rsquo;adoption de la loi Brottes, quelques points \u00ab\u00a0positifs\u00a0\u00bb pour la simplification des projets \u00e9oliens :<\/p>\n<p>1\/ suppression de la proc\u00e9dure de cr\u00e9ation de Zones de D\u00e9veloppement Eolien (suppressionde l\u2019article L.314-9 du code de l\u2019\u00e9nergie et modification de l&rsquo;art. L.314-10) : les sch\u00e9mas r\u00e9gionaux et d\u00e9partementaux suffisent \u00e0 d\u00e9finir les zones favorables&#8230; (Cf. 3)<\/p>\n<p>2\/ suppression de la r\u00e8gle des 5 m\u00e2ts (plus de minimum pour la cr\u00e9ation d&rsquo;un parc) : un plus pour certaines zones, mais cela favorise le \u00ab\u00a0mitage\u00a0\u00bb<\/p>\n<p>3\/ l&rsquo;autorisation d&rsquo;exploiter (ICPE) s&rsquo;appuie sur les sch\u00e9mas existants et doit tenir compte des zones favorables d\u00e9finies si elles existent&#8230; alors que c&rsquo;est au PC de d\u00e9finir un \u00e9ventuel am\u00e9nagement du territoire&#8230;<\/p>\n<p>Se posent les questions des ZDE en cours (voire en recours&#8230;) des r\u00e9gions sans sch\u00e9mas, des sch\u00e9mas mal faits (il en existe) ou de \u00ab\u00a0l&rsquo;\u00e9paisseur du trait\u00a0\u00bb !<\/p>\n","protected":false},"excerpt":{"rendered":"<p>21\/01\/13 Au terme de l&rsquo;adoption de la loi Brottes, quelques points \u00ab\u00a0positifs\u00a0\u00bb pour la simplification des projets ??oliens : 1\/ suppression de la proc??dure de cr??ation de Zones de D??veloppement Eolien (suppressionde l???article L.314-9 du code d&#8230;<\/p>\n","protected":false},"author":1,"featured_media":0,"comment_status":"open","ping_status":"open","sticky":false,"template":"","format":"standard","meta":{"jetpack_post_was_ever_published":false,"_jetpack_newsletter_access":"","_jetpack_dont_email_post_to_subs":false,"_jetpack_newsletter_tier_id":0,"_jetpack_memberships_contains_paywalled_content":false,"_jetpack_memberships_contains_paid_content":false,"footnotes":"","jetpack_publicize_message":"","jetpack_publicize_feature_enabled":true,"jetpack_social_post_already_shared":false,"jetpack_social_options":{"image_generator_settings":{"template":"highway","default_image_id":0,"font":"","enabled":false},"version":2}},"categories":[8,35],"tags":[],"class_list":["post-286","post","type-post","status-publish","format-standard","hentry","category-eolien","category-juridique","item-wrap"],"jetpack_publicize_connections":[],"jetpack_featured_media_url":"","jetpack_shortlink":"https:\/\/wp.me\/p3rXAp-4C","jetpack_likes_enabled":true,"jetpack-related-posts":[{"id":1227,"url":"https:\/\/www.enviroscop.fr\/actu\/2013\/07\/eolien-les-arretes-definissant-les-zde-etaient-ils-soumis-a-la-participation-du-public\/","url_meta":{"origin":286,"position":0},"title":"Eolien : les arr\u00eat\u00e9s d\u00e9finissant les ZDE \u00e9taient-ils soumis \u00e0 la participation du public ?","author":"Enviroscop","date":"2 juillet 2013","format":false,"excerpt":"Les arr\u00eat\u00e9s pr\u00e9fectoraux d\u00e9finissant les ZDE n'\u00e9taient pas soumis au principe de participation du public tel qu'\u00e9nonc\u00e9 par le code de l'environnement. C'est ce que vient de trancher le Conseil d'Etat, non sans cons\u00e9quences. Par\u00a0une d\u00e9cision du 26 juin 2013, le Conseil d'Etat s'est prononc\u00e9 sur la question de savoir\u2026","rel":"","context":"Dans &quot;Concertation&quot;","block_context":{"text":"Concertation","link":"https:\/\/www.enviroscop.fr\/actu\/category\/concertation\/"},"img":{"alt_text":"Eolien : les arr\u00eat\u00e9s d\u00e9finissant les ZDE \u00e9taient-ils soumis \u00e0 la participation du public ?","src":"https:\/\/i0.wp.com\/www.actu-environnement.com\/images\/illustrations\/news\/18899_une.jpg?resize=350%2C200","width":350,"height":200},"classes":[]},{"id":495,"url":"https:\/\/www.enviroscop.fr\/actu\/2013\/03\/adoption-de-la-loi-brottes\/","url_meta":{"origin":286,"position":1},"title":"Adoption de la Loi Brottes","author":"Enviroscop","date":"13 mars 2013","format":false,"excerpt":"C'est un texte fortement remani\u00e9 par rapport \u00e0 l'original que l'Assembl\u00e9e Nationale vient de voter. Retenons, outre la mise en place du bonus-malus \u00e9nerg\u00e9tique et la tarification sociale de l'eau : - la suppression de la r\u00e8gle des 5 m\u00e2ts pour les parcs \u00e9oliens, permettant le d\u00e9veloppement de parcs \u00e9oliens\u2026","rel":"","context":"Dans &quot;Energie&quot;","block_context":{"text":"Energie","link":"https:\/\/www.enviroscop.fr\/actu\/category\/energie\/"},"img":{"alt_text":"","src":"","width":0,"height":0},"classes":[]},{"id":805,"url":"https:\/\/www.enviroscop.fr\/actu\/2013\/04\/la-loi-brottes-validee-par-le-conseil-constitutionnel\/","url_meta":{"origin":286,"position":2},"title":"La loi Brottes, valid\u00e9e par le Conseil Constitutionnel","author":"Enviroscop","date":"12 avril 2013","format":false,"excerpt":"Le\u00a0 11 avril \u00a0le Conseil constitutionnel s'est prononc\u00e9 sur la loi dite \"Brottes\" sur la transition \u00e9nerg\u00e9tique. Elle abandonne cependant les \u00a0dispositions relatives\u00a0 au \u00ab bonus\u2212malus \u00bb \u00e9nerg\u00e9tique. Le Conseil a cependant valid\u00e9 les dispositions sur l'\u00e9olien : les zones de d\u00e9veloppement \u00e9olien sont supprim\u00e9es la r\u00e8gle des cinq m\u00e2ts\u2026","rel":"","context":"Dans &quot;Conseil Constitutionnel&quot;","block_context":{"text":"Conseil Constitutionnel","link":"https:\/\/www.enviroscop.fr\/actu\/category\/juridique\/conseil-constitutionnel\/"},"img":{"alt_text":"Graphique 1","src":"https:\/\/i0.wp.com\/www.enviroscop.fr\/actu\/wp-content\/uploads\/2013\/03\/Graphique-1-300x163.png?resize=350%2C200","width":350,"height":200},"classes":[]},{"id":5345,"url":"https:\/\/www.enviroscop.fr\/actu\/2023\/09\/ile-de-france-cartographie-regionale-des-zones-de-developpement-favorable-a-leolien\/","url_meta":{"origin":286,"position":3},"title":"Ile-de-France : Cartographie r\u00e9gionale des zones de d\u00e9veloppement favorable \u00e0 l\u2019\u00e9olien","author":"Enviroscop","date":"20 septembre 2023","format":false,"excerpt":"Par circulaire du 26 mai 2021, Madame la Ministre de la Transition \u00e9cologique, a demand\u00e9 aux pr\u00e9fets de r\u00e9gion d\u2019\u00e9laborer une cartographie r\u00e9gionale r\u00e9glementaire des zones favorables au d\u00e9veloppement de l\u2019\u00e9olien. L\u2019\u00e9laboration de cette cartographie s\u2019est effectu\u00e9e en plusieurs \u00e9tapes avant d\u2019aboutir \u00e0 la version finale que vous pouvez retrouver\u2026","rel":"","context":"Dans &quot;Am\u00e9nagement&quot;","block_context":{"text":"Am\u00e9nagement","link":"https:\/\/www.enviroscop.fr\/actu\/category\/amenagement\/"},"img":{"alt_text":"","src":"https:\/\/i0.wp.com\/www.enviroscop.fr\/actu\/wp-content\/uploads\/2023\/09\/Capture-decran-2023-09-20-140732.png?resize=350%2C200&ssl=1","width":350,"height":200,"srcset":"https:\/\/i0.wp.com\/www.enviroscop.fr\/actu\/wp-content\/uploads\/2023\/09\/Capture-decran-2023-09-20-140732.png?resize=350%2C200&ssl=1 1x, https:\/\/i0.wp.com\/www.enviroscop.fr\/actu\/wp-content\/uploads\/2023\/09\/Capture-decran-2023-09-20-140732.png?resize=525%2C300&ssl=1 1.5x, https:\/\/i0.wp.com\/www.enviroscop.fr\/actu\/wp-content\/uploads\/2023\/09\/Capture-decran-2023-09-20-140732.png?resize=700%2C400&ssl=1 2x"},"classes":[]},{"id":5136,"url":"https:\/\/www.enviroscop.fr\/actu\/2023\/01\/energies-renouvelables-eolien-en-mer-et-solaire-les-principales-mesures-du-texte\/","url_meta":{"origin":286,"position":4},"title":"Energies renouvelables : \u00e9olien en mer et solaire, les principales mesures du texte","author":"Enviroscop","date":"11 janvier 2023","format":false,"excerpt":"All\u00e9ger les proc\u00e9dures administratives, installer des panneaux solaires en bord d'autoroute et sur les parkings, d\u00e9velopper massivement l'\u00e9olien en mer: le projet de loi d'acc\u00e9l\u00e9ration des \u00e9nergies renouvelables doit permettre \u00e0 la France de rattraper son retard. - Des objectifs ambitieux - En France, qui s'est longtemps repos\u00e9e sur la\u2026","rel":"","context":"Dans &quot;AFP&quot;","block_context":{"text":"AFP","link":"https:\/\/www.enviroscop.fr\/actu\/category\/source\/afp\/"},"img":{"alt_text":"Eoliennes \u00e0 Campigny, dans l'Eure, le 23 d\u00e9cembre 2022","src":"https:\/\/i0.wp.com\/www.sciencesetavenir.fr\/assets\/img\/2023\/01\/10\/cover-r4x3w1000-63bcd785450b0-62950727228e6b0996d5f41743f12442a54c3775-jpg.jpg?resize=350%2C200&ssl=1","width":350,"height":200,"srcset":"https:\/\/i0.wp.com\/www.sciencesetavenir.fr\/assets\/img\/2023\/01\/10\/cover-r4x3w1000-63bcd785450b0-62950727228e6b0996d5f41743f12442a54c3775-jpg.jpg?resize=350%2C200&ssl=1 1x, https:\/\/i0.wp.com\/www.sciencesetavenir.fr\/assets\/img\/2023\/01\/10\/cover-r4x3w1000-63bcd785450b0-62950727228e6b0996d5f41743f12442a54c3775-jpg.jpg?resize=525%2C300&ssl=1 1.5x, https:\/\/i0.wp.com\/www.sciencesetavenir.fr\/assets\/img\/2023\/01\/10\/cover-r4x3w1000-63bcd785450b0-62950727228e6b0996d5f41743f12442a54c3775-jpg.jpg?resize=700%2C400&ssl=1 2x"},"classes":[]},{"id":68,"url":"https:\/\/www.enviroscop.fr\/actu\/2011\/11\/circulaire-du-25-octobre-2011-sur-les-zones-d\/","url_meta":{"origin":286,"position":5},"title":"Circulaire du 25 octobre 2011 sur les Zones de D\u00e9veloppement de l&rsquo;Eolien","author":"Enviroscop","date":"21 novembre 2011","format":false,"excerpt":"Une circulaire du 25 octobre 2011 relative aux zones de d??veloppement de l?????olien, suite l???entr??e en vigueur de la loi n 2010-788 portant engagement national pour l???environnement. Cette circulaire ne remplace pas, mais compl??te cell...","rel":"","context":"Dans &quot;Eolien&quot;","block_context":{"text":"Eolien","link":"https:\/\/www.enviroscop.fr\/actu\/category\/energie\/renouvelable\/eolien\/"},"img":{"alt_text":"","src":"","width":0,"height":0},"classes":[]}],"jetpack_sharing_enabled":true,"_links":{"self":[{"href":"https:\/\/www.enviroscop.fr\/actu\/wp-json\/wp\/v2\/posts\/286","targetHints":{"allow":["GET"]}}],"collection":[{"href":"https:\/\/www.enviroscop.fr\/actu\/wp-json\/wp\/v2\/posts"}],"about":[{"href":"https:\/\/www.enviroscop.fr\/actu\/wp-json\/wp\/v2\/types\/post"}],"author":[{"embeddable":true,"href":"https:\/\/www.enviroscop.fr\/actu\/wp-json\/wp\/v2\/users\/1"}],"replies":[{"embeddable":true,"href":"https:\/\/www.enviroscop.fr\/actu\/wp-json\/wp\/v2\/comments?post=286"}],"version-history":[{"count":0,"href":"https:\/\/www.enviroscop.fr\/actu\/wp-json\/wp\/v2\/posts\/286\/revisions"}],"wp:attachment":[{"href":"https:\/\/www.enviroscop.fr\/actu\/wp-json\/wp\/v2\/media?parent=286"}],"wp:term":[{"taxonomy":"category","embeddable":true,"href":"https:\/\/www.enviroscop.fr\/actu\/wp-json\/wp\/v2\/categories?post=286"},{"taxonomy":"post_tag","embeddable":true,"href":"https:\/\/www.enviroscop.fr\/actu\/wp-json\/wp\/v2\/tags?post=286"}],"curies":[{"name":"wp","href":"https:\/\/api.w.org\/{rel}","templated":true}]}}