{"id":2965,"date":"2017-12-22T09:50:11","date_gmt":"2017-12-22T08:50:11","guid":{"rendered":"http:\/\/www.enviroscop.fr\/actu\/?p=2965"},"modified":"2017-12-22T09:50:11","modified_gmt":"2017-12-22T08:50:11","slug":"carrieres-environnement-en-normandie","status":"publish","type":"post","link":"https:\/\/www.enviroscop.fr\/actu\/2017\/12\/carrieres-environnement-en-normandie\/","title":{"rendered":"Carri\u00e8res et environnement en Normandie"},"content":{"rendered":"<p><img data-recalc-dims=\"1\" loading=\"lazy\" decoding=\"async\" data-attachment-id=\"2967\" data-permalink=\"https:\/\/www.enviroscop.fr\/actu\/2017\/12\/carrieres-environnement-en-normandie\/carrieresnormandes\/\" data-orig-file=\"https:\/\/i0.wp.com\/www.enviroscop.fr\/actu\/wp-content\/uploads\/2017\/12\/CarrieresNormandes.jpg?fit=631%2C895&amp;ssl=1\" data-orig-size=\"631,895\" data-comments-opened=\"1\" data-image-meta=\"{&quot;aperture&quot;:&quot;0&quot;,&quot;credit&quot;:&quot;Philippe&quot;,&quot;camera&quot;:&quot;&quot;,&quot;caption&quot;:&quot;&quot;,&quot;created_timestamp&quot;:&quot;1513931518&quot;,&quot;copyright&quot;:&quot;&quot;,&quot;focal_length&quot;:&quot;0&quot;,&quot;iso&quot;:&quot;0&quot;,&quot;shutter_speed&quot;:&quot;0&quot;,&quot;title&quot;:&quot;&quot;,&quot;orientation&quot;:&quot;0&quot;}\" data-image-title=\"CarrieresNormandes\" data-image-description=\"\" data-image-caption=\"\" data-large-file=\"https:\/\/i0.wp.com\/www.enviroscop.fr\/actu\/wp-content\/uploads\/2017\/12\/CarrieresNormandes.jpg?fit=631%2C895&amp;ssl=1\" class=\"alignleft size-medium wp-image-2967\" src=\"https:\/\/i0.wp.com\/www.enviroscop.fr\/actu\/wp-content\/uploads\/2017\/12\/CarrieresNormandes.jpg?resize=212%2C300&#038;ssl=1\" alt=\"\" width=\"212\" height=\"300\" srcset=\"https:\/\/i0.wp.com\/www.enviroscop.fr\/actu\/wp-content\/uploads\/2017\/12\/CarrieresNormandes.jpg?resize=212%2C300&amp;ssl=1 212w, https:\/\/i0.wp.com\/www.enviroscop.fr\/actu\/wp-content\/uploads\/2017\/12\/CarrieresNormandes.jpg?w=631&amp;ssl=1 631w\" sizes=\"auto, (max-width: 212px) 100vw, 212px\" \/>Pr\u00e9sent\u00e9e lors de\u00a0la Journ\u00e9e de l\u2019UNICEM Normandie du 29 novembre dernier au M\u00e9morial de CAEN, la brochure <em>Carri\u00e8res et environnement en Normandie<\/em>\u00a0vise \u00e0 pr\u00e9senter les progr\u00e8s effectu\u00e9s par les industries de carri\u00e8res normandes dans l\u2019int\u00e9gration de l\u2019environnement dans leurs activit\u00e9s.<\/p>\n<p>Cette publication illustre les actions concr\u00e8tes r\u00e9alis\u00e9es en faveur de l\u2019environnement. Une pr\u00e9occupation en constante \u00e9volution depuis les ann\u00e9es 90. Cette brochure fait suite \u00e0 une premi\u00e8re publication sur les th\u00e9matiques environnementales dans les carri\u00e8res, publi\u00e9e en 1998. Cette actualisation permet aussi d&rsquo;\u00e9largir les progr\u00e8s environnementaux \u00e0 l\u2019ensemble du territoire normand.<\/p>\n<p>&nbsp;<\/p>\n<p>Pour t\u00e9l\u00e9charger le document, <a href=\"http:\/\/www.unicem.fr\/wp-content\/uploads\/carriere-et-environnement-en-normandie-2017.pdf\">c&rsquo;est ICI<\/a><\/p>\n","protected":false},"excerpt":{"rendered":"<p>Pr\u00e9sent\u00e9e lors de\u00a0la Journ\u00e9e de l\u2019UNICEM Normandie du 29 novembre dernier au M\u00e9morial de CAEN, la brochure Carri\u00e8res et environnement en Normandie\u00a0vise \u00e0 pr\u00e9senter les progr\u00e8s effectu\u00e9s par les industries de carri\u00e8res normandes dans l\u2019int\u00e9gration de l\u2019environnement dans leurs activit\u00e9s. Cette publication illustre les actions concr\u00e8tes r\u00e9alis\u00e9es en faveur de l\u2019environnement. Une pr\u00e9occupation en constante &hellip; <\/p>\n<p><a class=\"more-link btn\" href=\"https:\/\/www.enviroscop.fr\/actu\/2017\/12\/carrieres-environnement-en-normandie\/\">Lire la suite<\/a><\/p>\n","protected":false},"author":1,"featured_media":0,"comment_status":"open","ping_status":"open","sticky":false,"template":"","format":"standard","meta":{"jetpack_post_was_ever_published":false,"_jetpack_newsletter_access":"","_jetpack_dont_email_post_to_subs":false,"_jetpack_newsletter_tier_id":0,"_jetpack_memberships_contains_paywalled_content":false,"_jetpack_memberships_contains_paid_content":false,"footnotes":"","jetpack_publicize_message":"","jetpack_publicize_feature_enabled":true,"jetpack_social_post_already_shared":true,"jetpack_social_options":{"image_generator_settings":{"template":"highway","default_image_id":0,"font":"","enabled":false},"version":2}},"categories":[5,13,10,64,40],"tags":[],"class_list":["post-2965","post","type-post","status-publish","format-standard","hentry","category-amenagement","category-carrieres","category-evaluation","category-infographie","category-normandie","item-wrap"],"jetpack_publicize_connections":[],"jetpack_featured_media_url":"","jetpack_shortlink":"https:\/\/wp.me\/p3rXAp-LP","jetpack_likes_enabled":true,"jetpack-related-posts":[{"id":1666,"url":"https:\/\/www.enviroscop.fr\/actu\/2013\/12\/consultation-du-public-schema-departemental-des-carrieres-de-la-seine-maritime\/","url_meta":{"origin":2965,"position":0},"title":"Consultation du public &#8211; sch\u00e9ma d\u00e9partemental des carri\u00e8res de la Seine-Maritime","author":"Enviroscop","date":"17 d\u00e9cembre 2013","format":false,"excerpt":"Il est port\u00e9 \u00e0 la connaissance du public que dans le cadre de l\u2019\u00e9laboration du sch\u00e9ma d\u00e9partemental des carri\u00e8res de la Seine-Maritime, une consultation du public est organis\u00e9edu lundi 16 d\u00e9cembre 2013 au lundi 17 f\u00e9vrier 2014 inclus. Le projet de sch\u00e9ma pourra \u00eatre consult\u00e9 aux jours et heures habituels\u2026","rel":"","context":"Dans &quot;Carri\u00e8res&quot;","block_context":{"text":"Carri\u00e8res","link":"https:\/\/www.enviroscop.fr\/actu\/category\/icpe\/carrieres\/"},"img":{"alt_text":"","src":"","width":0,"height":0},"classes":[]},{"id":2678,"url":"https:\/\/www.enviroscop.fr\/actu\/2016\/10\/arrete-du-30-septembre-2016-modifiant-larrete-du-22-septembre-1994-relatif-aux-exploitations-de-carrieres-aux-installations-de-premier-traitement-des-materiaux-de-carrieres\/","url_meta":{"origin":2965,"position":1},"title":"Arr\u00eat\u00e9 du 30 septembre 2016 modifiant l&rsquo;arr\u00eat\u00e9 du 22 septembre 1994 relatif aux exploitations de carri\u00e8res et aux installations de premier traitement des mat\u00e9riaux de carri\u00e8res","author":"Enviroscop","date":"12 octobre 2016","format":false,"excerpt":"Publics concern\u00e9s : exploitants de carri\u00e8res soumises au r\u00e9gime de l'autorisation au titre des installations class\u00e9es pour la protection de l'environnement. Objet : surveillance environnementale des poussi\u00e8res \u00e9mises par les exploitations de carri\u00e8res, remblayage des carri\u00e8res et profil des zones d'extraction. Abrogation de l'arr\u00eat\u00e9 du 23 f\u00e9vrier 1998 fixant les\u2026","rel":"","context":"Dans &quot;Carri\u00e8res&quot;","block_context":{"text":"Carri\u00e8res","link":"https:\/\/www.enviroscop.fr\/actu\/category\/icpe\/carrieres\/"},"img":{"alt_text":"17141_une","src":"https:\/\/i0.wp.com\/www.enviroscop.fr\/actu\/wp-content\/uploads\/2013\/05\/17141_une-300x152.jpg?resize=350%2C200","width":350,"height":200},"classes":[]},{"id":2003,"url":"https:\/\/www.enviroscop.fr\/actu\/2014\/07\/la-charte-dun-parc-naturel-regional-peut-imposer-la-localisation-des-carrieres\/","url_meta":{"origin":2965,"position":2},"title":"La charte d&rsquo;un parc naturel r\u00e9gional peut imposer la localisation des carri\u00e8res","author":"Enviroscop","date":"10 juillet 2014","format":false,"excerpt":"Le Conseil d'Etat a rejet\u00e9 le 25 juin une requ\u00eate de l'Union nationale des industries de carri\u00e8res et des mat\u00e9riaux de construction (Unicem) Midi-Pyr\u00e9n\u00e9es et Languedoc-Roussillon, qui visait \u00e0 faire annuler le d\u00e9cret de classement du parc naturel r\u00e9gional du Haut-Languedoc. A cette occasion, le Conseil d'Etat affine sa jurisprudence\u2026","rel":"","context":"Dans &quot;Carri\u00e8res&quot;","block_context":{"text":"Carri\u00e8res","link":"https:\/\/www.enviroscop.fr\/actu\/category\/icpe\/carrieres\/"},"img":{"alt_text":"","src":"","width":0,"height":0},"classes":[]},{"id":2528,"url":"https:\/\/www.enviroscop.fr\/actu\/2015\/12\/decret-n-2015-1676-du-15-decembre-2015-relatif-aux-schemas-regionaux-departementaux-des-carrieres-ainsi-qua-lapplication-du-code-de-lenvironnement-outre-mer\/","url_meta":{"origin":2965,"position":3},"title":"D\u00e9cret n\u00b0 2015-1676 du 15 d\u00e9cembre 2015 relatif aux sch\u00e9mas r\u00e9gionaux et d\u00e9partementaux des carri\u00e8res ainsi qu&rsquo;\u00e0 l&rsquo;application du code de l&rsquo;environnement outre-mer","author":"Enviroscop","date":"17 d\u00e9cembre 2015","format":false,"excerpt":"Ce d\u00e9cret fixe le contenu des sch\u00e9mas r\u00e9gionaux des carri\u00e8res ainsi que leurs modalit\u00e9s d'\u00e9laboration, de r\u00e9vision et de modification. Art. R. 515-2. - Le sch\u00e9ma r\u00e9gional des carri\u00e8res est constitu\u00e9, outre d'une notice le pr\u00e9sentant et le r\u00e9sumant, d'un rapport et de documents cartographiques. \u00ab I. - Le rapport\u2026","rel":"","context":"Dans &quot;Carri\u00e8res&quot;","block_context":{"text":"Carri\u00e8res","link":"https:\/\/www.enviroscop.fr\/actu\/category\/icpe\/carrieres\/"},"img":{"alt_text":"","src":"","width":0,"height":0},"classes":[]},{"id":4146,"url":"https:\/\/www.enviroscop.fr\/actu\/2021\/03\/le-guide-de-recommandation-pour-lelaboration-des-etudes-dimpact-de-carrieres-a-ete-actualise-et-mis-en-ligne\/","url_meta":{"origin":2965,"position":4},"title":"Le guide de recommandation pour l\u2019\u00e9laboration des \u00e9tudes d\u2019impact de carri\u00e8res a \u00e9t\u00e9 actualis\u00e9 et mis en ligne","author":"Enviroscop","date":"24 mars 2021","format":false,"excerpt":"En 2016, l\u2019Union nationale des industries de carri\u00e8res et mat\u00e9riaux de construction publiait un guide de recommandations pour l\u2019\u00e9laboration des \u00e9tudes d\u2019impact de carri\u00e8res afin que les exploitants de carri\u00e8res, l\u2019Administration et les bureaux d\u2019\u00e9tudes partagent la m\u00eame approche de l\u2019\u00e9tude des impacts d\u2019un projet en int\u00e9grant le principe de\u2026","rel":"","context":"Dans &quot;biodiversit\u00e9&quot;","block_context":{"text":"biodiversit\u00e9","link":"https:\/\/www.enviroscop.fr\/actu\/category\/nature\/biodiversite\/"},"img":{"alt_text":"","src":"https:\/\/i0.wp.com\/www.enviroscop.fr\/actu\/wp-content\/uploads\/2021\/03\/image005.jpg?resize=350%2C200","width":350,"height":200},"classes":[]},{"id":2808,"url":"https:\/\/www.enviroscop.fr\/actu\/2017\/04\/arrete-du-24-avril-2017-modifiant-larrete-du-22-septembre-1994-relatif-aux-exploitations-de-carrieres-aux-installations-de-premier-traitement-des-materiaux-de-carrieres-larrete-du-19-avril-2010-rela\/","url_meta":{"origin":2965,"position":5},"title":"Arr\u00eat\u00e9 du 24 avril 2017 modifiant l&rsquo;arr\u00eat\u00e9 du 22 septembre 1994 relatif aux exploitations de carri\u00e8res et aux installations de premier traitement des mat\u00e9riaux de carri\u00e8res et l&rsquo;arr\u00eat\u00e9 du 19 avril 2010 relatif \u00e0 la gestion des d\u00e9chets des industries extractives","author":"Enviroscop","date":"26 avril 2017","format":false,"excerpt":"Publics : exploitants de carri\u00e8res soumises au r\u00e9gime de l'autorisation au titre des installations class\u00e9es pour la protection de l'environnement ; exploitants de stockages de d\u00e9chets d'extraction relevant de la rubrique n\u00b0 2720 de la nomenclature des installations class\u00e9es. Objet : prescriptions techniques applicables aux installations de stockage de d\u00e9chets\u2026","rel":"","context":"Dans &quot;Arr\u00eat\u00e9&quot;","block_context":{"text":"Arr\u00eat\u00e9","link":"https:\/\/www.enviroscop.fr\/actu\/category\/juridique\/arrete\/"},"img":{"alt_text":"","src":"","width":0,"height":0},"classes":[]}],"jetpack_sharing_enabled":true,"_links":{"self":[{"href":"https:\/\/www.enviroscop.fr\/actu\/wp-json\/wp\/v2\/posts\/2965","targetHints":{"allow":["GET"]}}],"collection":[{"href":"https:\/\/www.enviroscop.fr\/actu\/wp-json\/wp\/v2\/posts"}],"about":[{"href":"https:\/\/www.enviroscop.fr\/actu\/wp-json\/wp\/v2\/types\/post"}],"author":[{"embeddable":true,"href":"https:\/\/www.enviroscop.fr\/actu\/wp-json\/wp\/v2\/users\/1"}],"replies":[{"embeddable":true,"href":"https:\/\/www.enviroscop.fr\/actu\/wp-json\/wp\/v2\/comments?post=2965"}],"version-history":[{"count":0,"href":"https:\/\/www.enviroscop.fr\/actu\/wp-json\/wp\/v2\/posts\/2965\/revisions"}],"wp:attachment":[{"href":"https:\/\/www.enviroscop.fr\/actu\/wp-json\/wp\/v2\/media?parent=2965"}],"wp:term":[{"taxonomy":"category","embeddable":true,"href":"https:\/\/www.enviroscop.fr\/actu\/wp-json\/wp\/v2\/categories?post=2965"},{"taxonomy":"post_tag","embeddable":true,"href":"https:\/\/www.enviroscop.fr\/actu\/wp-json\/wp\/v2\/tags?post=2965"}],"curies":[{"name":"wp","href":"https:\/\/api.w.org\/{rel}","templated":true}]}}