{"id":304,"date":"2012-07-30T12:17:00","date_gmt":"2012-07-30T12:17:00","guid":{"rendered":"http:\/\/actu.enviroscop.com\/srcae-centre"},"modified":"2012-07-30T12:17:00","modified_gmt":"2012-07-30T12:17:00","slug":"srcae-centre","status":"publish","type":"post","link":"https:\/\/www.enviroscop.fr\/actu\/2012\/07\/srcae-centre\/","title":{"rendered":"SRCAE Centre"},"content":{"rendered":"<p>Le Sch&eacute;ma R&eacute;gional du Climat, de l&rsquo;Air, de l&rsquo;Energie du Centre a &eacute;t&eacute; adopt&eacute; par arr&ecirc;t&eacute; pr&eacute;fectoral n&deg;12.120 du 28 juin 2012 apr&egrave;s d&eacute;lib&eacute;ration favorable de l&rsquo;assembl&eacute;e d&eacute;lib&eacute;rante du Conseil r&eacute;gional lors de sa s&eacute;ance du 21 juin 2012<\/p>\n<p><a href=\"http:\/\/www.regioncentre.fr\/jahia\/Jahia\/AccueilRegionCentre\/domaines-intervention\/Environnement\/Projet-de-Schema-Regional-Climat-Air-Energie\">Le site de la r&eacute;gion<\/a><\/p>\n","protected":false},"excerpt":{"rendered":"<p>Le Sch??ma R??gional du Climat, de l&rsquo;Air, de l&rsquo;Energie du Centre a ??t?? adopt?? par arr??t?? pr??fectoral n 12.120 du 28 juin 2012 apr??s d??lib??ration favorable de l&rsquo;assembl??e d??lib??rante du Conseil r??gional lors de sa s??ance du 21 juin 2&#8230;<\/p>\n","protected":false},"author":1,"featured_media":0,"comment_status":"open","ping_status":"open","sticky":false,"template":"","format":"standard","meta":{"jetpack_post_was_ever_published":false,"_jetpack_newsletter_access":"","_jetpack_dont_email_post_to_subs":false,"_jetpack_newsletter_tier_id":0,"_jetpack_memberships_contains_paywalled_content":false,"_jetpack_memberships_contains_paid_content":false,"footnotes":"","jetpack_publicize_message":"","jetpack_publicize_feature_enabled":true,"jetpack_social_post_already_shared":false,"jetpack_social_options":{"image_generator_settings":{"template":"highway","default_image_id":0,"font":"","enabled":false},"version":2}},"categories":[8],"tags":[],"class_list":["post-304","post","type-post","status-publish","format-standard","hentry","category-eolien","item-wrap"],"jetpack_publicize_connections":[],"jetpack_featured_media_url":"","jetpack_shortlink":"https:\/\/wp.me\/p3rXAp-4U","jetpack_likes_enabled":true,"jetpack-related-posts":[{"id":125,"url":"https:\/\/www.enviroscop.fr\/actu\/2012\/07\/srcae-picard\/","url_meta":{"origin":304,"position":0},"title":"SRCAE Picard","author":"Enviroscop","date":"6 juillet 2012","format":false,"excerpt":"Le projet de sch??ma r??gional du climat, de l???air et de l?????nergie (SRCAE) de Picardie a ??t?? approuv?? par le conseil r??gional le 30 mars 2012, puis arr??t?? par le Pr??fet de r??gion le 14 juin 2012. Il est donc entr?? officiellement en vigueur le 30 jui...","rel":"","context":"Dans &quot;Air&quot;","block_context":{"text":"Air","link":"https:\/\/www.enviroscop.fr\/actu\/category\/compartiments\/air\/"},"img":{"alt_text":"","src":"","width":0,"height":0},"classes":[]},{"id":98,"url":"https:\/\/www.enviroscop.fr\/actu\/2011\/06\/bilan-regional-climat-air-energies-edition-20\/","url_meta":{"origin":304,"position":1},"title":"Bilan r??gional climat air ??nergies &#8211; Edition 2011 &#8211; Donn??es 2008","author":"Enviroscop","date":"29 juin 2011","format":false,"excerpt":"L'Observatoire Climat-Energies Haute-Normandie lanc?? en 2011, co-pilot?? par le Pr??fet de R??gion et par le Pr??sident du Conseil R??gional, vient de publier le bilan r??gional climat air ??nergies (donn??es de 2008). T??l??charger le document","rel":"","context":"Dans &quot;Climat&quot;","block_context":{"text":"Climat","link":"https:\/\/www.enviroscop.fr\/actu\/category\/climat\/"},"img":{"alt_text":"","src":"","width":0,"height":0},"classes":[]},{"id":47,"url":"https:\/\/www.enviroscop.fr\/actu\/2011\/11\/la-picardie-presente-son-schema-regional-clim\/","url_meta":{"origin":304,"position":2},"title":"La Picardie pr\u00e9sente son sch\u00e9ma r\u00e9gional climat air et \u00e9nergie (SRCAE)","author":"Enviroscop","date":"10 novembre 2011","format":false,"excerpt":"La R??gion soumet son avant-projet de SCRAE la consultation publique. Ce document du Grenelle II a ??t?? ??labor?? par le Conseil R??gional et le Pr??fet de r??gion. Le SRCAE fixe les grandes orientations du territoire en mati??re d'??nergie, d...","rel":"","context":"Dans &quot;Air&quot;","block_context":{"text":"Air","link":"https:\/\/www.enviroscop.fr\/actu\/category\/compartiments\/air\/"},"img":{"alt_text":"","src":"","width":0,"height":0},"classes":[]},{"id":1973,"url":"https:\/\/www.enviroscop.fr\/actu\/2014\/06\/le-schema-regional-climat-air-energie-a-ete-adopte\/","url_meta":{"origin":304,"position":3},"title":"Le sch\u00e9ma r\u00e9gional climat air \u00e9nergie a \u00e9t\u00e9 adopt\u00e9","author":"Enviroscop","date":"25 juin 2014","format":false,"excerpt":"Le Sch\u00e9ma R\u00e9gional Climat Air \u00c9nergie (SRCAE) des Pays de la Loire Direction r\u00e9gionale de l\u2019environnement, de l\u2019am\u00e9nagement et du logement Pays de la Loire (DREAL Pays de la Loire) et Conseil R\u00e9gional des Pays de la Loire - Nantes : DREAL Pays de la Loire, avril 2014, 119p. +\u2026","rel":"","context":"Dans &quot;Air&quot;","block_context":{"text":"Air","link":"https:\/\/www.enviroscop.fr\/actu\/category\/compartiments\/air\/"},"img":{"alt_text":"","src":"","width":0,"height":0},"classes":[]},{"id":1928,"url":"https:\/\/www.enviroscop.fr\/actu\/2014\/05\/schemas-regionaux-du-climat-de-lair-et-de-lenergie-declaration-dinconstitutionnalite-du-conseil-constitutionnel\/","url_meta":{"origin":304,"position":4},"title":"Sch\u00e9mas r\u00e9gionaux du climat, de l&rsquo;air et de l&rsquo;\u00e9nergie : d\u00e9claration d&rsquo;inconstitutionnalit\u00e9 du Conseil constitutionnel","author":"Enviroscop","date":"12 mai 2014","format":false,"excerpt":"Par une d\u00e9cision n\u00b02014-395 QPC du 7 mai 2014, le Conseil constitutionnel a d\u00e9clar\u00e9 contraire \u00e0 l'article 7 de la Charte de l'environnement, les dispositions l\u00e9gislatives cr\u00e9ant les sch\u00e9mas r\u00e9gionaux du climat, de l'air et de l'\u00e9nergie.Dans cette affaire, plusieurs associations oppos\u00e9es au d\u00e9veloppement de l'\u00e9olien terrestre, avaient saisi le\u2026","rel":"","context":"Dans &quot;Air&quot;","block_context":{"text":"Air","link":"https:\/\/www.enviroscop.fr\/actu\/category\/compartiments\/air\/"},"img":{"alt_text":"","src":"","width":0,"height":0},"classes":[]},{"id":510,"url":"https:\/\/www.enviroscop.fr\/actu\/2013\/03\/schema-regional-du-climat-de-lair-et-de-lenergie-de-haute-normandie-srcae-hn\/","url_meta":{"origin":304,"position":5},"title":"Sch\u00e9ma R\u00e9gional du Climat, de l\u2019Air et de l\u2019Energie de Haute-Normandie (SRCAE HN)","author":"Enviroscop","date":"26 mars 2013","format":false,"excerpt":"Le Sch\u00e9ma R\u00e9gional du Climat, de l\u2019Air et de l\u2019Energie de Haute-Normandie a \u00e9t\u00e9\u00a0arr\u00eat\u00e9\u00a0(format pdf - 91.6 ko - 25\/03\/2013)\u00a0le 21 mars 2013 par le Pr\u00e9fet de la r\u00e9gion Haute-Normandie, suite \u00e0 l\u2019approbation du Conseil R\u00e9gional le 18 mars 2013. Pour t\u00e9l\u00e9charger les documents, c'est ICI.","rel":"","context":"Dans &quot;Climat&quot;","block_context":{"text":"Climat","link":"https:\/\/www.enviroscop.fr\/actu\/category\/climat\/"},"img":{"alt_text":"","src":"","width":0,"height":0},"classes":[]}],"jetpack_sharing_enabled":true,"_links":{"self":[{"href":"https:\/\/www.enviroscop.fr\/actu\/wp-json\/wp\/v2\/posts\/304","targetHints":{"allow":["GET"]}}],"collection":[{"href":"https:\/\/www.enviroscop.fr\/actu\/wp-json\/wp\/v2\/posts"}],"about":[{"href":"https:\/\/www.enviroscop.fr\/actu\/wp-json\/wp\/v2\/types\/post"}],"author":[{"embeddable":true,"href":"https:\/\/www.enviroscop.fr\/actu\/wp-json\/wp\/v2\/users\/1"}],"replies":[{"embeddable":true,"href":"https:\/\/www.enviroscop.fr\/actu\/wp-json\/wp\/v2\/comments?post=304"}],"version-history":[{"count":0,"href":"https:\/\/www.enviroscop.fr\/actu\/wp-json\/wp\/v2\/posts\/304\/revisions"}],"wp:attachment":[{"href":"https:\/\/www.enviroscop.fr\/actu\/wp-json\/wp\/v2\/media?parent=304"}],"wp:term":[{"taxonomy":"category","embeddable":true,"href":"https:\/\/www.enviroscop.fr\/actu\/wp-json\/wp\/v2\/categories?post=304"},{"taxonomy":"post_tag","embeddable":true,"href":"https:\/\/www.enviroscop.fr\/actu\/wp-json\/wp\/v2\/tags?post=304"}],"curies":[{"name":"wp","href":"https:\/\/api.w.org\/{rel}","templated":true}]}}