{"id":3080,"date":"2018-06-11T15:36:52","date_gmt":"2018-06-11T14:36:52","guid":{"rendered":"http:\/\/www.enviroscop.fr\/actu\/?p=3080"},"modified":"2018-06-13T15:38:52","modified_gmt":"2018-06-13T14:38:52","slug":"appels-doffres-eolien-en-mer-le-gouvernement-depose-nouvel-amendement-pour-revoir-les-resultats-des-appels-doffres-organises-en-2011-2013-projet-de-loi-etat-au-service-dune-societe-de-confiance","status":"publish","type":"post","link":"https:\/\/www.enviroscop.fr\/actu\/2018\/06\/appels-doffres-eolien-en-mer-le-gouvernement-depose-nouvel-amendement-pour-revoir-les-resultats-des-appels-doffres-organises-en-2011-2013-projet-de-loi-etat-au-service-dune-societe-de-confiance\/","title":{"rendered":"Appels d&rsquo;offres \u00e9olien en mer : le Gouvernement d\u00e9pose un nouvel amendement pour revoir les r\u00e9sultats des appels d&rsquo;offres organis\u00e9s en 2011 et 2013 (Projet de loi \u00c9tat au service d&rsquo;une soci\u00e9t\u00e9 de confiance)"},"content":{"rendered":"<header class=\"box-header\">Par un\u00a0<a style=\"background-color: #ffffff; font-size: 16px;\" href=\"http:\/\/www.assemblee-nationale.fr\/15\/amendements\/0806\/CSCONF\/120.asp\">amendement n\u00b0120 d\u00e9pos\u00e9 \u00e0 l&rsquo;Assembl\u00e9e nationale devant la Commission sp\u00e9ciale charg\u00e9e d&rsquo;examiner le projet de loi pour un \u00c9tat au service d&rsquo;une soci\u00e9t\u00e9 de confiance<\/a><span style=\"color: #4a474b; font-size: 16px;\">, ce 8 juin 2018 , le Gouvernement propose d&rsquo;inscrire \u00e0 l&rsquo;article 34 de ce texte, une proc\u00e9dure d&rsquo;am\u00e9lioration des offres retenues ou d&rsquo;abrogation des d\u00e9cisions d&rsquo;attribution prises au terme des appels d&rsquo;offres \u00ab\u00a0\u00e9olien en mer\u00a0\u00bb organis\u00e9s en 2011 et 2013<\/span><\/header>\n<p>Lire la suite de l&rsquo;article sur le <a href=\"http:\/\/www.arnaudgossement.com\/archive\/2018\/06\/12\/appels-d-offres-eolien-en-mer-le-gouvernement-depose-un-nouvel-amendement-p.html\">site de notre confr\u00e8re Arnaud Gossement<\/a><\/p>\n","protected":false},"excerpt":{"rendered":"<p>Par un\u00a0amendement n\u00b0120 d\u00e9pos\u00e9 \u00e0 l&rsquo;Assembl\u00e9e nationale devant la Commission sp\u00e9ciale charg\u00e9e d&rsquo;examiner le projet de loi pour un \u00c9tat au service d&rsquo;une soci\u00e9t\u00e9 de confiance, ce 8 juin 2018 , le Gouvernement propose d&rsquo;inscrire \u00e0 l&rsquo;article 34 de ce texte, une proc\u00e9dure d&rsquo;am\u00e9lioration des offres retenues ou d&rsquo;abrogation des d\u00e9cisions d&rsquo;attribution prises au terme &hellip; <\/p>\n<p><a class=\"more-link btn\" href=\"https:\/\/www.enviroscop.fr\/actu\/2018\/06\/appels-doffres-eolien-en-mer-le-gouvernement-depose-nouvel-amendement-pour-revoir-les-resultats-des-appels-doffres-organises-en-2011-2013-projet-de-loi-etat-au-service-dune-societe-de-confiance\/\">Lire la suite<\/a><\/p>\n","protected":false},"author":1,"featured_media":0,"comment_status":"open","ping_status":"open","sticky":false,"template":"","format":"standard","meta":{"_acf_changed":false,"footnotes":""},"categories":[15,7,8],"tags":[],"class_list":["post-3080","post","type-post","status-publish","format-standard","hentry","category-climat","category-energie","category-eolien","item-wrap"],"acf":[],"_links":{"self":[{"href":"https:\/\/www.enviroscop.fr\/actu\/wp-json\/wp\/v2\/posts\/3080","targetHints":{"allow":["GET"]}}],"collection":[{"href":"https:\/\/www.enviroscop.fr\/actu\/wp-json\/wp\/v2\/posts"}],"about":[{"href":"https:\/\/www.enviroscop.fr\/actu\/wp-json\/wp\/v2\/types\/post"}],"author":[{"embeddable":true,"href":"https:\/\/www.enviroscop.fr\/actu\/wp-json\/wp\/v2\/users\/1"}],"replies":[{"embeddable":true,"href":"https:\/\/www.enviroscop.fr\/actu\/wp-json\/wp\/v2\/comments?post=3080"}],"version-history":[{"count":0,"href":"https:\/\/www.enviroscop.fr\/actu\/wp-json\/wp\/v2\/posts\/3080\/revisions"}],"wp:attachment":[{"href":"https:\/\/www.enviroscop.fr\/actu\/wp-json\/wp\/v2\/media?parent=3080"}],"wp:term":[{"taxonomy":"category","embeddable":true,"href":"https:\/\/www.enviroscop.fr\/actu\/wp-json\/wp\/v2\/categories?post=3080"},{"taxonomy":"post_tag","embeddable":true,"href":"https:\/\/www.enviroscop.fr\/actu\/wp-json\/wp\/v2\/tags?post=3080"}],"curies":[{"name":"wp","href":"https:\/\/api.w.org\/{rel}","templated":true}]}}