{"id":312,"date":"2013-02-05T07:45:00","date_gmt":"2013-02-05T07:45:00","guid":{"rendered":"http:\/\/actu.enviroscop.com\/arrete-du-24-janvier-2013-portant-nomination"},"modified":"2013-05-01T13:02:38","modified_gmt":"2013-05-01T12:02:38","slug":"arrete-du-24-janvier-2013-portant-nomination","status":"publish","type":"post","link":"https:\/\/www.enviroscop.fr\/actu\/2013\/02\/arrete-du-24-janvier-2013-portant-nomination\/","title":{"rendered":"Arr\u00eat\u00e9 du 24 janvier 2013 portant nomination des membres du Comit\u00e9 national Trames Verte et Bleue"},"content":{"rendered":"<p>La liste des membres du Comit\u00e9 National TVB est fix\u00e9e par Arr\u00eat\u00e9 Minist\u00e9riel :<\/p>\n<p>Pour avoir la liste compl\u00e8te, <a href=\"http:\/\/legifrance.gouv.fr\/affichTexte.do;jsessionid=1FB8B6A25796A710D0CCEEC99B4B857B.tpdjo15v_1?cidTexte=JORFTEXT000027013366&amp;dateTexte=&amp;oldAction=rechJO&amp;categorieLien=id\" target=\"_blank\">lire l&rsquo;AM<\/a><\/p>\n","protected":false},"excerpt":{"rendered":"<p>La liste des membres du Comit?? National TVB est fix??e par Arr??t?? Minist??riel : Pour avoir la liste compl??te, lire l&rsquo;AM<\/p>\n","protected":false},"author":1,"featured_media":0,"comment_status":"open","ping_status":"open","sticky":false,"template":"","format":"standard","meta":{"jetpack_post_was_ever_published":false,"_jetpack_newsletter_access":"","_jetpack_dont_email_post_to_subs":false,"_jetpack_newsletter_tier_id":0,"_jetpack_memberships_contains_paywalled_content":false,"_jetpack_memberships_contains_paid_content":false,"footnotes":"","jetpack_publicize_message":"","jetpack_publicize_feature_enabled":true,"jetpack_social_post_already_shared":false,"jetpack_social_options":{"image_generator_settings":{"template":"highway","default_image_id":0,"font":"","enabled":false},"version":2}},"categories":[35],"tags":[],"class_list":["post-312","post","type-post","status-publish","format-standard","hentry","category-juridique","item-wrap"],"jetpack_publicize_connections":[],"jetpack_featured_media_url":"","jetpack_shortlink":"https:\/\/wp.me\/p3rXAp-52","jetpack_likes_enabled":true,"jetpack-related-posts":[{"id":5189,"url":"https:\/\/www.enviroscop.fr\/actu\/2023\/03\/debut-dun-an-de-travaux-pour-le-nouveau-comite-national-du-trait-de-cote\/","url_meta":{"origin":312,"position":0},"title":"D\u00e9but d\u2019un an de travaux pour le nouveau Comit\u00e9 national du trait de c\u00f4te","author":"Enviroscop","date":"17 mars 2023","format":false,"excerpt":"B\u00e9rang\u00e8re Couillard a officiellement install\u00e9 le 14 mars le Comit\u00e9 national du trait de c\u00f4te, nouveau comit\u00e9 sp\u00e9cialis\u00e9 du Conseil national de la mer et des littoraux r\u00e9unissant \u00e9lus, expert, ONG et citoyens pour \"imaginer nos littoraux de 2050\"\u2026 et une strat\u00e9gie de financement. \u00a9 @BCouillard33\/ B\u00e9rang\u00e8re Couillard \u00a0 Le\u2026","rel":"","context":"Dans &quot;Agriculture&quot;","block_context":{"text":"Agriculture","link":"https:\/\/www.enviroscop.fr\/actu\/category\/activite\/agriculture\/"},"img":{"alt_text":"Trait de c\u00f4te ","src":"https:\/\/i0.wp.com\/www.banquedesterritoires.fr\/sites\/default\/files\/styles\/landscape_auto_crop\/public\/2023-03\/FrNOKrrXgBwo_WU.jpg?resize=350%2C200&ssl=1","width":350,"height":200},"classes":[]},{"id":343,"url":"https:\/\/www.enviroscop.fr\/actu\/2012\/11\/comite-national-trames-verte-et-bleue\/","url_meta":{"origin":312,"position":1},"title":"Comit\u00e9 National Trames verte et bleue","author":"Enviroscop","date":"5 novembre 2012","format":false,"excerpt":"La composition du Comit?? est arr??t??e : Le Comit?? national trames verte et bleue est un organisme caract??re consultatif, con??u comme un lieu d'information et d'??change sur les sujets ayant trait aux continuit??s ??cologiques. Par une ...","rel":"","context":"Dans &quot;Juridique&quot;","block_context":{"text":"Juridique","link":"https:\/\/www.enviroscop.fr\/actu\/category\/juridique\/"},"img":{"alt_text":"","src":"","width":0,"height":0},"classes":[]},{"id":1433,"url":"https:\/\/www.enviroscop.fr\/actu\/2013\/09\/arrete-du-6-septembre-2013-fixant-la-liste-des-organismes-representes-au-sein-du-conseil-national-de-la-transition-ecologique-legifrance\/","url_meta":{"origin":312,"position":2},"title":"Arr\u00eat\u00e9 du 6 septembre 2013 fixant la liste des organismes repr\u00e9sent\u00e9s au sein du Conseil national de la transition \u00e9cologique | Legifrance","author":"Enviroscop","date":"11 septembre 2013","format":false,"excerpt":"Au JO du 11 septembre 2013, est paru l'Arr\u00eat\u00e9 du 6 septembre 2013 fixant la liste des organismes repr\u00e9sent\u00e9s au sein du Conseil national de la transition \u00e9cologique | Legifrance.","rel":"","context":"Dans &quot;Arr\u00eat\u00e9&quot;","block_context":{"text":"Arr\u00eat\u00e9","link":"https:\/\/www.enviroscop.fr\/actu\/category\/juridique\/arrete\/"},"img":{"alt_text":"","src":"","width":0,"height":0},"classes":[]},{"id":1128,"url":"https:\/\/www.enviroscop.fr\/actu\/2013\/06\/arrete-du-23-mai-2013-portant-modification-de-larrete-du-20-janvier-1982-relatif-a-la-liste-des-especes-vegetales-protegees-sur-lensemble-du-territoire-national\/","url_meta":{"origin":312,"position":3},"title":"Arr\u00eat\u00e9 du 23 mai 2013 portant modification de l&rsquo;arr\u00eat\u00e9 du 20 janvier 1982 relatif \u00e0 la liste des esp\u00e8ces v\u00e9g\u00e9tales prot\u00e9g\u00e9es sur l&rsquo;ensemble du territoire national","author":"Enviroscop","date":"7 juin 2013","format":false,"excerpt":"Liste des 19 esp\u00e8ces suppl\u00e9mentaires prot\u00e9g\u00e9es Arr\u00eat\u00e9 du 23 mai 2013 portant modification de l'arr\u00eat\u00e9 du 20 janvier 1982 relatif \u00e0 la liste des esp\u00e8ces v\u00e9g\u00e9tales prot\u00e9g\u00e9es sur l'ensemble du territoire national | Legifrance.","rel":"","context":"Dans &quot;Arr\u00eat\u00e9&quot;","block_context":{"text":"Arr\u00eat\u00e9","link":"https:\/\/www.enviroscop.fr\/actu\/category\/juridique\/arrete\/"},"img":{"alt_text":"","src":"https:\/\/i0.wp.com\/forum.mikroscopia.com\/uploads\/monthly_05_2007\/post-36-1178031972.jpg?resize=350%2C200","width":350,"height":200},"classes":[]},{"id":4098,"url":"https:\/\/www.enviroscop.fr\/actu\/2021\/02\/especes-protegees-les-amphibiens\/","url_meta":{"origin":312,"position":4},"title":"Esp\u00e8ces prot\u00e9g\u00e9es : les amphibiens","author":"Enviroscop","date":"11 f\u00e9vrier 2021","format":false,"excerpt":"Arr\u00eat\u00e9 du 8 janvier 2021 fixant la liste des amphibiens et des reptiles repr\u00e9sent\u00e9s sur le territoire m\u00e9tropolitain prot\u00e9g\u00e9s sur l'ensemble du territoire national et les modalit\u00e9s de leur protection Mise \u00e0 jour de la liste des amphibiens et reptiles prot\u00e9g\u00e9s. L'int\u00e9gralit\u00e9 de la liste et les modalit\u00e9s de protection\u2026","rel":"","context":"Dans &quot;Arr\u00eat\u00e9&quot;","block_context":{"text":"Arr\u00eat\u00e9","link":"https:\/\/www.enviroscop.fr\/actu\/category\/juridique\/arrete\/"},"img":{"alt_text":"R\u00e9sultat de recherche d'images pour \"amp^hibien\"","src":"https:\/\/i0.wp.com\/cdn.pixabay.com\/photo\/2018\/05\/12\/10\/17\/frog-3392860_1280.jpg?resize=350%2C200&ssl=1","width":350,"height":200},"classes":[]},{"id":2390,"url":"https:\/\/www.enviroscop.fr\/actu\/2015\/07\/natureparif-un-guide-pour-preserver-restaurer-les-continuites-ecologiques\/","url_meta":{"origin":312,"position":5},"title":"Natureparif :\u00a0un guide pour pr\u00e9server et restaurer les continuit\u00e9s \u00e9cologiques !","author":"Enviroscop","date":"2 juillet 2015","format":false,"excerpt":"La fragmentation des habitats naturels, leur destruction par la consommation d\u2019espace ou l\u2019artificialisation des sols constituent l\u2019une des premi\u00e8res causes d\u2019\u00e9rosion de la biodiversit\u00e9. La trame verte et bleue (TVB), ensemble de continuit\u00e9s \u00e9cologiques, peut \u00eatre une r\u00e9ponse \u00e0 la restauration et \u00e0 la pr\u00e9servation des milieux.La trame verte et\u2026","rel":"","context":"Dans &quot;Agriculture&quot;","block_context":{"text":"Agriculture","link":"https:\/\/www.enviroscop.fr\/actu\/category\/activite\/agriculture\/"},"img":{"alt_text":"","src":"https:\/\/i0.wp.com\/www.natureparif.fr\/images\/srce\/Couverture_guide_SRCE.jpg?resize=350%2C200","width":350,"height":200},"classes":[]}],"jetpack_sharing_enabled":true,"_links":{"self":[{"href":"https:\/\/www.enviroscop.fr\/actu\/wp-json\/wp\/v2\/posts\/312","targetHints":{"allow":["GET"]}}],"collection":[{"href":"https:\/\/www.enviroscop.fr\/actu\/wp-json\/wp\/v2\/posts"}],"about":[{"href":"https:\/\/www.enviroscop.fr\/actu\/wp-json\/wp\/v2\/types\/post"}],"author":[{"embeddable":true,"href":"https:\/\/www.enviroscop.fr\/actu\/wp-json\/wp\/v2\/users\/1"}],"replies":[{"embeddable":true,"href":"https:\/\/www.enviroscop.fr\/actu\/wp-json\/wp\/v2\/comments?post=312"}],"version-history":[{"count":0,"href":"https:\/\/www.enviroscop.fr\/actu\/wp-json\/wp\/v2\/posts\/312\/revisions"}],"wp:attachment":[{"href":"https:\/\/www.enviroscop.fr\/actu\/wp-json\/wp\/v2\/media?parent=312"}],"wp:term":[{"taxonomy":"category","embeddable":true,"href":"https:\/\/www.enviroscop.fr\/actu\/wp-json\/wp\/v2\/categories?post=312"},{"taxonomy":"post_tag","embeddable":true,"href":"https:\/\/www.enviroscop.fr\/actu\/wp-json\/wp\/v2\/tags?post=312"}],"curies":[{"name":"wp","href":"https:\/\/api.w.org\/{rel}","templated":true}]}}