{"id":328,"date":"2012-05-03T06:54:00","date_gmt":"2012-05-03T06:54:00","guid":{"rendered":"http:\/\/actu.enviroscop.com\/un-nouvel-impact-cumulatif-a-etudier"},"modified":"2013-03-01T21:56:42","modified_gmt":"2013-03-01T20:56:42","slug":"un-nouvel-impact-cumulatif-a-etudier","status":"publish","type":"post","link":"https:\/\/www.enviroscop.fr\/actu\/2012\/05\/un-nouvel-impact-cumulatif-a-etudier\/","title":{"rendered":"Un nouvel impact cumulatif \u00e0 \u00e9tudier ?"},"content":{"rendered":"<p>Les <span class=\"definition\">\u00e9oliennes<\/span> produisent une \u00e9nergie verte, mais cela signifie-t-il pour autant qu\u2019elles n\u2019ont pas d\u2019impact sur leur environnement ? Une nouvelle \u00e9tude satellitaire d\u00e9montre que les grandes fermes \u00e9oliennes peuvent provoquer un r\u00e9chauffement local ou r\u00e9gional des temp\u00e9ratures au niveau du sol. Ce ph\u00e9nom\u00e8ne doit maintenant \u00eatre mieux compris.<\/p>\n<p><a href=\"http:\/\/www.futura-sciences.com\/fr\/news\/t\/developpement-durable-1\/d\/les-fermes-eoliennes-provoquent-un-rechauffement-climatique-local_38486\/#xtor=EPR-17-[QUOTIDIENNE]-20120503-[ACTU-les_fermes_eoliennes_provoquent_un_rechauffement_climatique_local]\" target=\"_blank\">L&rsquo;article compler sur Futura Science<\/a><strong><br \/>\n<\/strong><\/p>\n","protected":false},"excerpt":{"rendered":"<p>Les ??oliennes produisent une ??nergie verte, mais cela signifie-t-il pour autant qu???elles n???ont pas d???impact sur leur environnement ? Une nouvelle ??tude satellitaire d??montre que les grandes fermes ??oliennes peuvent provoquer un r??chauffement local&#8230;<\/p>\n","protected":false},"author":1,"featured_media":0,"comment_status":"open","ping_status":"open","sticky":false,"template":"","format":"standard","meta":{"jetpack_post_was_ever_published":false,"_jetpack_newsletter_access":"","_jetpack_dont_email_post_to_subs":false,"_jetpack_newsletter_tier_id":0,"_jetpack_memberships_contains_paywalled_content":false,"_jetpack_memberships_contains_paid_content":false,"footnotes":"","jetpack_publicize_message":"","jetpack_publicize_feature_enabled":true,"jetpack_social_post_already_shared":false,"jetpack_social_options":{"image_generator_settings":{"template":"highway","default_image_id":0,"font":"","enabled":false},"version":2}},"categories":[8,9],"tags":[],"class_list":["post-328","post","type-post","status-publish","format-standard","hentry","category-eolien","category-etude-dimpact","item-wrap"],"jetpack_publicize_connections":[],"jetpack_featured_media_url":"","jetpack_shortlink":"https:\/\/wp.me\/p3rXAp-5i","jetpack_likes_enabled":true,"jetpack-related-posts":[{"id":1823,"url":"https:\/\/www.enviroscop.fr\/actu\/2014\/02\/simplification-des-etudes-dimpact-les-suggestions-de-lautorite-environnementale\/","url_meta":{"origin":328,"position":0},"title":"Simplification des \u00e9tudes d&rsquo;impact : les suggestions de l&rsquo;Autorit\u00e9 environnementale","author":"Enviroscop","date":"18 f\u00e9vrier 2014","format":false,"excerpt":"L'Ae vient de pr\u00e9senter son rapport annuel 2013. L'occasion de proposer une simplification des proc\u00e9dures \u00e0 r\u00e9glementation constante. Mais en la limitant toutefois aux petits projets. \u00a0 \u00a9 Freezingtime L'Autorit\u00e9 environnementale (Ae) du Conseil g\u00e9n\u00e9ral de l'environnement et du d\u00e9veloppement durable (CGEDD) a rendu public jeudi 13 f\u00e9vrier\u00a0son rapport annuel\u2026","rel":"","context":"Dans &quot;durable&quot;","block_context":{"text":"durable","link":"https:\/\/www.enviroscop.fr\/actu\/category\/durable\/"},"img":{"alt_text":"Simplification des \u00e9tudes d'impact : les suggestions de l'Autorit\u00e9 environnementale","src":"https:\/\/i0.wp.com\/www.actu-environnement.com\/images\/illustrations\/news\/20800_une.jpg?resize=350%2C200","width":350,"height":200,"srcset":"https:\/\/i0.wp.com\/www.actu-environnement.com\/images\/illustrations\/news\/20800_une.jpg?resize=350%2C200 1x, https:\/\/i0.wp.com\/www.actu-environnement.com\/images\/illustrations\/news\/20800_une.jpg?resize=525%2C300 1.5x"},"classes":[]},{"id":2286,"url":"https:\/\/www.enviroscop.fr\/actu\/2015\/04\/vers-une-etude-dimpact-projets-en-milieu-sensible\/","url_meta":{"origin":328,"position":1},"title":"Vers une \u00e9tude d&rsquo;impact \u00ab\u00a0projets en milieu sensible\u00a0\u00bb","author":"Enviroscop","date":"8 avril 2015","format":false,"excerpt":"Ce 3 avril, S\u00e9gol\u00e8ne Royal a re\u00e7u le rapport demand\u00e9\u00a0sur l'\u00e9valuation environnementale dans le cadre des travaux de modernisation du Droit de l'Environnement qui \u00e9met\u00a0des propositions sur le\u00a0r\u00e9gime des \u00e9tudes d'impact et sur\u00a0l'autorit\u00e9 environnementale, dans un objectif de simplification, mais sans pour autant revenir sur les avanc\u00e9es en mati\u00e8re de\u2026","rel":"","context":"Dans &quot;Enqu\u00eate publique&quot;","block_context":{"text":"Enqu\u00eate publique","link":"https:\/\/www.enviroscop.fr\/actu\/category\/evaluation\/enquete-publique\/"},"img":{"alt_text":"","src":"","width":0,"height":0},"classes":[]},{"id":309,"url":"https:\/\/www.enviroscop.fr\/actu\/2010\/11\/barometre-dopinion-2010-sur-lenergie-et-le-cl\/","url_meta":{"origin":328,"position":2},"title":"Barom??tre d&rsquo;opinion 2010 sur l&rsquo;??nergie et le climat : une \u00ab\u00a0large acceptation\u00a0\u00bb des ??oliennes","author":"Enviroscop","date":"5 novembre 2010","format":false,"excerpt":"Le Commissariat g??n??ral au d??veloppement durable du Minist??re de l'Ecologie vient de publier une nouvelle ??dition du barom??tre d'opinion sur l'??nergie et le climat en 2010 qui tend d??montrer que les ??oliennes font l'objet d'une \"large ...","rel":"","context":"Dans &quot;Eolien&quot;","block_context":{"text":"Eolien","link":"https:\/\/www.enviroscop.fr\/actu\/category\/energie\/renouvelable\/eolien\/"},"img":{"alt_text":"","src":"","width":0,"height":0},"classes":[]},{"id":2052,"url":"https:\/\/www.enviroscop.fr\/actu\/2014\/09\/eoliennes-et-radars-larmee-envisagerait-une-etude-au-cas-par-cas\/","url_meta":{"origin":328,"position":3},"title":"Eoliennes et radars : l&rsquo;arm\u00e9e envisagerait une \u00e9tude au cas par cas","author":"Enviroscop","date":"19 septembre 2014","format":false,"excerpt":"Il n'y aura pas d'interdiction globale mais une \u00e9tude au cas par cas des projets de parcs \u00e9oliens qui pourraient entrer en conflit avec des zones d'entra\u00eenement de l'arm\u00e9e ou des radars militaires, rapporte l'AFP ce mardi 16 septembre. \"Le ministre de la D\u00e9fense s'est personnellement engag\u00e9 \u00e0 ce qu'il\u2026","rel":"","context":"Dans &quot;Energie&quot;","block_context":{"text":"Energie","link":"https:\/\/www.enviroscop.fr\/actu\/category\/energie\/"},"img":{"alt_text":"","src":"","width":0,"height":0},"classes":[]},{"id":172,"url":"https:\/\/www.enviroscop.fr\/actu\/2010\/11\/leurope-natura-2000-et-les-eoliennes\/","url_meta":{"origin":328,"position":4},"title":"L&rsquo;Europe, Natura 2000 et les \u00e9oliennes","author":"Enviroscop","date":"9 novembre 2010","format":false,"excerpt":"Un rapport vient d'??tre publi?? sur les potentialit??s de d??veloppement de parcs ??oliens en zone Natura 2000 R??dig?? en anglais, vous pouvez le t??l??charger ici. Les parcs ??oliens bien con??us ne sont pas une menace pour la biodiversit??. Malheureusemen...","rel":"","context":"Dans &quot;Eolien&quot;","block_context":{"text":"Eolien","link":"https:\/\/www.enviroscop.fr\/actu\/category\/energie\/renouvelable\/eolien\/"},"img":{"alt_text":"","src":"","width":0,"height":0},"classes":[]},{"id":5199,"url":"https:\/\/www.enviroscop.fr\/actu\/2023\/03\/etude-dimpact-le-porteur-de-projet-doit-analyser-les-incidences-directes-de-louvrage-sur-lenvironnement-mais-aussi-les-incidences-indirectes-de-son-utilisation-et-de-son-exploitation\/","url_meta":{"origin":328,"position":5},"title":"Etude d&rsquo;impact : le porteur de projet doit analyser les incidences directes de l&rsquo;ouvrage sur l&rsquo;environnement mais aussi les incidences indirectes de son utilisation et de son exploitation","author":"Enviroscop","date":"29 mars 2023","format":false,"excerpt":"Par une d\u00e9cision - tr\u00e8s importante - n\u00b0450135 du 27 mars 2023, le Conseil d'Etat a confirm\u00e9 l'annulation de l'autorisation d'exploiter la centrale biomasse de Provence (Gardanne). Cette autorisation proc\u00e8de en effet d'une \u00e9tude d'impact insuffisante, cette derni\u00e8re ne comportant pas d'analyse\u00a0des incidences pr\u00e9visibles de l'utilisation et de l'exploitation de\u2026","rel":"","context":"Dans &quot;Arnaud Gossement&quot;","block_context":{"text":"Arnaud Gossement","link":"https:\/\/www.enviroscop.fr\/actu\/category\/source\/arnaud-gossement\/"},"img":{"alt_text":"","src":"https:\/\/i0.wp.com\/www.enviroscop.fr\/actu\/wp-content\/uploads\/2013\/05\/17141_une.jpg?resize=350%2C200","width":350,"height":200},"classes":[]}],"jetpack_sharing_enabled":true,"_links":{"self":[{"href":"https:\/\/www.enviroscop.fr\/actu\/wp-json\/wp\/v2\/posts\/328","targetHints":{"allow":["GET"]}}],"collection":[{"href":"https:\/\/www.enviroscop.fr\/actu\/wp-json\/wp\/v2\/posts"}],"about":[{"href":"https:\/\/www.enviroscop.fr\/actu\/wp-json\/wp\/v2\/types\/post"}],"author":[{"embeddable":true,"href":"https:\/\/www.enviroscop.fr\/actu\/wp-json\/wp\/v2\/users\/1"}],"replies":[{"embeddable":true,"href":"https:\/\/www.enviroscop.fr\/actu\/wp-json\/wp\/v2\/comments?post=328"}],"version-history":[{"count":0,"href":"https:\/\/www.enviroscop.fr\/actu\/wp-json\/wp\/v2\/posts\/328\/revisions"}],"wp:attachment":[{"href":"https:\/\/www.enviroscop.fr\/actu\/wp-json\/wp\/v2\/media?parent=328"}],"wp:term":[{"taxonomy":"category","embeddable":true,"href":"https:\/\/www.enviroscop.fr\/actu\/wp-json\/wp\/v2\/categories?post=328"},{"taxonomy":"post_tag","embeddable":true,"href":"https:\/\/www.enviroscop.fr\/actu\/wp-json\/wp\/v2\/tags?post=328"}],"curies":[{"name":"wp","href":"https:\/\/api.w.org\/{rel}","templated":true}]}}