{"id":3293,"date":"2019-04-25T09:21:31","date_gmt":"2019-04-25T08:21:31","guid":{"rendered":"http:\/\/www.enviroscop.fr\/actu\/?p=3293"},"modified":"2019-04-25T09:21:31","modified_gmt":"2019-04-25T08:21:31","slug":"grand-est-conference-technique-regionale-de-leolien-2019","status":"publish","type":"post","link":"https:\/\/www.enviroscop.fr\/actu\/2019\/04\/grand-est-conference-technique-regionale-de-leolien-2019\/","title":{"rendered":"Grand-Est : Conf\u00e9rence technique r\u00e9gionale de l\u2019\u00e9olien 2019"},"content":{"rendered":"<p>Vendredi 5 avril 2019, s\u2019est tenue la troisi\u00e8me conf\u00e9rence technique r\u00e9gionale de l\u2019\u00e9olien \u00e0 l\u2019\u00e9chelle de la r\u00e9gion Grand Est. Cet \u00e9v\u00e9nement, organis\u00e9 par la DREAL, a permis de r\u00e9unir \u00e0 Ch\u00e2lons-en-Champagne un peu plus de 140 personnes (porteurs de projets, exploitants, bureaux d\u2019\u00e9tudes, gestionnaires de r\u00e9seaux et institutionnels).<\/p>\n<p><img data-recalc-dims=\"1\" decoding=\"async\" src=\"https:\/\/i0.wp.com\/www.grand-est.developpement-durable.gouv.fr\/IMG\/jpg\/photo_conf-eolien_1.jpg?w=750\" \/><\/p>\n<p>Le compte-rendu et les <a href=\"http:\/\/www.grand-est.developpement-durable.gouv.fr\/conference-technique-regionale-de-l-eolien-2019-a18476.html\">documents \u00e0 t\u00e9l\u00e9charger sont ICI<\/a>.<\/p>\n","protected":false},"excerpt":{"rendered":"<p>Vendredi 5 avril 2019, s\u2019est tenue la troisi\u00e8me conf\u00e9rence technique r\u00e9gionale de l\u2019\u00e9olien \u00e0 l\u2019\u00e9chelle de la r\u00e9gion Grand Est. Cet \u00e9v\u00e9nement, organis\u00e9 par la DREAL, a permis de r\u00e9unir \u00e0 Ch\u00e2lons-en-Champagne un peu plus de 140 personnes (porteurs de projets, exploitants, bureaux d\u2019\u00e9tudes, gestionnaires de r\u00e9seaux et institutionnels). Le compte-rendu et les documents \u00e0 &hellip; <\/p>\n<p><a class=\"more-link btn\" href=\"https:\/\/www.enviroscop.fr\/actu\/2019\/04\/grand-est-conference-technique-regionale-de-leolien-2019\/\">Lire la suite<\/a><\/p>\n","protected":false},"author":1,"featured_media":0,"comment_status":"open","ping_status":"open","sticky":false,"template":"","format":"standard","meta":{"jetpack_post_was_ever_published":false,"_jetpack_newsletter_access":"","_jetpack_dont_email_post_to_subs":false,"_jetpack_newsletter_tier_id":0,"_jetpack_memberships_contains_paywalled_content":false,"_jetpack_memberships_contains_paid_content":false,"footnotes":"","jetpack_publicize_message":"","jetpack_publicize_feature_enabled":true,"jetpack_social_post_already_shared":true,"jetpack_social_options":{"image_generator_settings":{"template":"highway","default_image_id":0,"font":"","enabled":false},"version":2}},"categories":[7,8,9,10,30,33,69],"tags":[],"class_list":["post-3293","post","type-post","status-publish","format-standard","hentry","category-energie","category-eolien","category-etude-dimpact","category-evaluation","category-guide","category-indicateur","category-regions","item-wrap"],"jetpack_publicize_connections":[],"jetpack_featured_media_url":"","jetpack_shortlink":"https:\/\/wp.me\/p3rXAp-R7","jetpack_likes_enabled":true,"jetpack-related-posts":[{"id":5345,"url":"https:\/\/www.enviroscop.fr\/actu\/2023\/09\/ile-de-france-cartographie-regionale-des-zones-de-developpement-favorable-a-leolien\/","url_meta":{"origin":3293,"position":0},"title":"Ile-de-France : Cartographie r\u00e9gionale des zones de d\u00e9veloppement favorable \u00e0 l\u2019\u00e9olien","author":"Enviroscop","date":"20 septembre 2023","format":false,"excerpt":"Par circulaire du 26 mai 2021, Madame la Ministre de la Transition \u00e9cologique, a demand\u00e9 aux pr\u00e9fets de r\u00e9gion d\u2019\u00e9laborer une cartographie r\u00e9gionale r\u00e9glementaire des zones favorables au d\u00e9veloppement de l\u2019\u00e9olien. L\u2019\u00e9laboration de cette cartographie s\u2019est effectu\u00e9e en plusieurs \u00e9tapes avant d\u2019aboutir \u00e0 la version finale que vous pouvez retrouver\u2026","rel":"","context":"Dans &quot;Am\u00e9nagement&quot;","block_context":{"text":"Am\u00e9nagement","link":"https:\/\/www.enviroscop.fr\/actu\/category\/amenagement\/"},"img":{"alt_text":"","src":"https:\/\/i0.wp.com\/www.enviroscop.fr\/actu\/wp-content\/uploads\/2023\/09\/Capture-decran-2023-09-20-140732.png?resize=350%2C200&ssl=1","width":350,"height":200,"srcset":"https:\/\/i0.wp.com\/www.enviroscop.fr\/actu\/wp-content\/uploads\/2023\/09\/Capture-decran-2023-09-20-140732.png?resize=350%2C200&ssl=1 1x, https:\/\/i0.wp.com\/www.enviroscop.fr\/actu\/wp-content\/uploads\/2023\/09\/Capture-decran-2023-09-20-140732.png?resize=525%2C300&ssl=1 1.5x, https:\/\/i0.wp.com\/www.enviroscop.fr\/actu\/wp-content\/uploads\/2023\/09\/Capture-decran-2023-09-20-140732.png?resize=700%2C400&ssl=1 2x"},"classes":[]},{"id":3848,"url":"https:\/\/www.enviroscop.fr\/actu\/2020\/09\/lobservatoire-fee-de-leolien-2020-est-disponible\/","url_meta":{"origin":3293,"position":1},"title":"L&rsquo;Observatoire FEE de l&rsquo;Eolien 2020 est disponible","author":"Enviroscop","date":"25 septembre 2020","format":false,"excerpt":"Etabli en association avec\u00a0Capgemini Invent, l\u2019\u00e9dition 2020 de l\u2019Observatoire permets d\u2019\u00e9valuer les emplois et le march\u00e9 de l\u2019\u00e9olien en France. Avec un total de 20 200 emplois en France l\u2019\u00e9olien est le premier employeur \u201c\u00e9nergies renouvelables\u201d en France et s\u2019impose comme levier de cr\u00e9ation d\u2019emplois durables dans les territoires. R\u00e9v\u00e9lateur\u2026","rel":"","context":"Dans &quot;Climat&quot;","block_context":{"text":"Climat","link":"https:\/\/www.enviroscop.fr\/actu\/category\/climat\/"},"img":{"alt_text":"Logo FEE bleu","src":"https:\/\/i0.wp.com\/ccibusiness.fr\/sites\/default\/files\/styles\/article_detail_620_320\/public\/2020-09\/Logo_FEE_RVB.png?resize=350%2C200&ssl=1","width":350,"height":200},"classes":[]},{"id":3816,"url":"https:\/\/www.enviroscop.fr\/actu\/2020\/08\/grand-est-panorama-des-energies-renouvelables-et-de-recuperation-edition-2020\/","url_meta":{"origin":3293,"position":2},"title":"Grand-Est : Panorama des \u00e9nergies renouvelables et de r\u00e9cup\u00e9ration \u2013 \u00e9dition 2020","author":"Enviroscop","date":"31 ao\u00fbt 2020","format":false,"excerpt":"Pour la cinqui\u00e8me ann\u00e9e cons\u00e9cutive, la DREAL publie le Panorama des \u00c9nergies Renouvelables et de R\u00e9cup\u00e9ration du Grand Est. Ce panorama consacr\u00e9 \u00e0 l\u2019ann\u00e9e 2019 illustre, une fois encore, le dynamisme de ces fili\u00e8res dans notre r\u00e9gion. Le Grand Est est toujours la deuxi\u00e8me r\u00e9gion fran\u00e7aise en \u00e9olien en puissance\u2026","rel":"","context":"Dans &quot;Energie&quot;","block_context":{"text":"Energie","link":"https:\/\/www.enviroscop.fr\/actu\/category\/energie\/"},"img":{"alt_text":"","src":"","width":0,"height":0},"classes":[]},{"id":5003,"url":"https:\/\/www.enviroscop.fr\/actu\/2022\/10\/observatoire-de-leolien-2022\/","url_meta":{"origin":3293,"position":3},"title":"Observatoire de l\u2019\u00e9olien 2022","author":"Enviroscop","date":"6 octobre 2022","format":false,"excerpt":"Etabli en association avec\u00a0Capgemini Invent, l\u2019\u00e9dition 2022 de l\u2019Observatoire permets d\u2019\u00e9valuer les emplois et le march\u00e9 de l\u2019\u00e9olien en France. Avec un total de 25 500 emplois en France l\u2019\u00e9olien est le premier employeur \u00ab\u00a0\u00e9nergies renouvelables\u00a0\u00bb en France et s\u2019impose comme levier de cr\u00e9ation d\u2019emplois durables dans les territoires. R\u00e9v\u00e9lateur\u2026","rel":"","context":"Dans &quot;Economie&quot;","block_context":{"text":"Economie","link":"https:\/\/www.enviroscop.fr\/actu\/category\/activite\/economie\/"},"img":{"alt_text":"","src":"https:\/\/i0.wp.com\/www.enviroscop.fr\/actu\/wp-content\/uploads\/2022\/10\/FEE2210.jpg?resize=350%2C200","width":350,"height":200,"srcset":"https:\/\/i0.wp.com\/www.enviroscop.fr\/actu\/wp-content\/uploads\/2022\/10\/FEE2210.jpg?resize=350%2C200 1x, https:\/\/i0.wp.com\/www.enviroscop.fr\/actu\/wp-content\/uploads\/2022\/10\/FEE2210.jpg?resize=525%2C300 1.5x, https:\/\/i0.wp.com\/www.enviroscop.fr\/actu\/wp-content\/uploads\/2022\/10\/FEE2210.jpg?resize=700%2C400 2x, https:\/\/i0.wp.com\/www.enviroscop.fr\/actu\/wp-content\/uploads\/2022\/10\/FEE2210.jpg?resize=1050%2C600 3x"},"classes":[]},{"id":5374,"url":"https:\/\/www.enviroscop.fr\/actu\/2023\/11\/observatoire-de-leolien-2023\/","url_meta":{"origin":3293,"position":4},"title":"Observatoire de l\u2019\u00e9olien 2023","author":"Enviroscop","date":"13 novembre 2023","format":false,"excerpt":"Etablie en association avec\u00a0Capgemini Invent, l\u2019\u00e9dition 2023 de l\u2019Observatoire permet d\u2019\u00e9valuer les emplois et le march\u00e9 de l\u2019\u00e9olien en France. Avec un total de 28 266 emplois en France, l\u2019\u00e9olien est le premier employeur des \u00e9nergies renouvelables \u00e9lectriques dans notre pays et s\u2019impose comme un levier de cr\u00e9ation d\u2019emplois durables\u2026","rel":"","context":"Dans &quot;Economie&quot;","block_context":{"text":"Economie","link":"https:\/\/www.enviroscop.fr\/actu\/category\/activite\/economie\/"},"img":{"alt_text":"","src":"https:\/\/i0.wp.com\/fee.asso.fr\/wp-content\/uploads\/2023\/10\/diapositive2.png?resize=350%2C200&ssl=1","width":350,"height":200,"srcset":"https:\/\/i0.wp.com\/fee.asso.fr\/wp-content\/uploads\/2023\/10\/diapositive2.png?resize=350%2C200&ssl=1 1x, https:\/\/i0.wp.com\/fee.asso.fr\/wp-content\/uploads\/2023\/10\/diapositive2.png?resize=525%2C300&ssl=1 1.5x, https:\/\/i0.wp.com\/fee.asso.fr\/wp-content\/uploads\/2023\/10\/diapositive2.png?resize=700%2C400&ssl=1 2x, https:\/\/i0.wp.com\/fee.asso.fr\/wp-content\/uploads\/2023\/10\/diapositive2.png?resize=1050%2C600&ssl=1 3x"},"classes":[]},{"id":4089,"url":"https:\/\/www.enviroscop.fr\/actu\/2021\/02\/enquete-harris-lopinion-des-francais-sur-leolien-tres-stable-et-largement-favorable\/","url_meta":{"origin":3293,"position":5},"title":"Enqu\u00eate Harris : l\u2019opinion des Fran\u00e7ais sur l\u2019\u00e9olien tr\u00e8s stable et largement favorable","author":"Enviroscop","date":"1 f\u00e9vrier 2021","format":false,"excerpt":"Harris Interactive a r\u00e9alis\u00e9 en novembre 2020 pour France Energie Eolienne une vaste enqu\u00eate sur la perception de l\u2019\u00e9olien par les Fran\u00e7ais \u2013 et plus particuli\u00e8rement ceux habitant \u00e0 moins de 5 kilom\u00e8tres d\u2019un parc \u00e9olien. Cette \u00e9tude d\u00e9montre une nouvelle fois que les Fran\u00e7ais ont une opinion positive de\u2026","rel":"","context":"Dans &quot;Air&quot;","block_context":{"text":"Air","link":"https:\/\/www.enviroscop.fr\/actu\/category\/compartiments\/air\/"},"img":{"alt_text":"Enqu\u00eate Harris : l'opinion des Fran\u00e7ais sur l'\u00e9olien tr\u00e8s stable et largement favorable | Veille | Scoop.it","src":"https:\/\/img.scoop.it\/Ru8JChAp-C2Wr71rE8jQBjl72eJkfbmt4t8yenImKBVvK0kTmF0xjctABnaLJIm9","width":350,"height":200},"classes":[]}],"jetpack_sharing_enabled":true,"_links":{"self":[{"href":"https:\/\/www.enviroscop.fr\/actu\/wp-json\/wp\/v2\/posts\/3293","targetHints":{"allow":["GET"]}}],"collection":[{"href":"https:\/\/www.enviroscop.fr\/actu\/wp-json\/wp\/v2\/posts"}],"about":[{"href":"https:\/\/www.enviroscop.fr\/actu\/wp-json\/wp\/v2\/types\/post"}],"author":[{"embeddable":true,"href":"https:\/\/www.enviroscop.fr\/actu\/wp-json\/wp\/v2\/users\/1"}],"replies":[{"embeddable":true,"href":"https:\/\/www.enviroscop.fr\/actu\/wp-json\/wp\/v2\/comments?post=3293"}],"version-history":[{"count":0,"href":"https:\/\/www.enviroscop.fr\/actu\/wp-json\/wp\/v2\/posts\/3293\/revisions"}],"wp:attachment":[{"href":"https:\/\/www.enviroscop.fr\/actu\/wp-json\/wp\/v2\/media?parent=3293"}],"wp:term":[{"taxonomy":"category","embeddable":true,"href":"https:\/\/www.enviroscop.fr\/actu\/wp-json\/wp\/v2\/categories?post=3293"},{"taxonomy":"post_tag","embeddable":true,"href":"https:\/\/www.enviroscop.fr\/actu\/wp-json\/wp\/v2\/tags?post=3293"}],"curies":[{"name":"wp","href":"https:\/\/api.w.org\/{rel}","templated":true}]}}