{"id":330,"date":"2013-01-23T07:31:00","date_gmt":"2013-01-23T07:31:00","guid":{"rendered":"http:\/\/actu.enviroscop.com\/letat-investit-dans-le-deploiement-des-eolien"},"modified":"2013-03-01T21:54:47","modified_gmt":"2013-03-01T20:54:47","slug":"letat-investit-dans-le-deploiement-des-eolien","status":"publish","type":"post","link":"https:\/\/www.enviroscop.fr\/actu\/2013\/01\/letat-investit-dans-le-deploiement-des-eolien\/","title":{"rendered":"L&rsquo;Etat investit dans le d\u00e9ploiement des \u00e9oliennes offshore"},"content":{"rendered":"<p>23\/01\/13<\/p>\n<div class=\"petit\" style=\"font-family: Verdana, Arial, sans-serif; font-size: 11px; color: #000000; font-weight: normal; padding-left: 15px;\">Lundi 21 janvier 2013, le premier ministre Jean-Marc Ayrault,en pr\u00e9sence de Fran\u00e7ois Moisan Directeur ex\u00e9cutif de l\u2019ADEME, de Patrick Kron pr\u00e9sident d&rsquo;Alstom, des ministres Pierre Moscovici ministre de l&rsquo;\u00c9conomie et des Finances, Arnaud Montebourg ministre du Redressement productif, Delphine Batho ministre du D\u00e9veloppement durable et du Commissaire G\u00e9n\u00e9ral \u00e0 l\u2019Investissement, Louis Gallois ont lanc\u00e9 les\u00a0<strong>travaux de construction des deux premi\u00e8res usines de turbines \u00e9oliennes offshore<\/strong>\u00a0\u00e0 Saint Nazaire (44). Dans le cadre du Programme d&rsquo;Investissements d\u2019Avenir et pour le compte de l&rsquo;Etat,<strong>l\u2019ADEME est intervenue en fonds propres et en qualit\u00e9 d&rsquo;insvestisseur avis\u00e9 pour cr\u00e9er avec Alstom Power la soci\u00e9t\u00e9 Alstom Offshore France SAS<\/strong>\u00a0qui porte aujourd&rsquo;hui les investissements dans 3 des 4 usines destin\u00e9es \u00e0 construire<strong>\u00a0la nouvelle g\u00e9n\u00e9ration d\u2019\u00e9oliennes de grande puissance (6MW).<\/strong>\u00a0Le r\u00f4le de l\u2019ADEME consiste \u00e0 financer ces investissements structurants afin d\u2019accompagner les entreprises dans la prise de risques sur des projets de taille importante &#8211; de l&rsquo;ordre de plusieurs dizaines de millions d&rsquo;euros d\u2019investissement &#8211; apportant innovation, comp\u00e9titivit\u00e9, emplois et b\u00e9n\u00e9fices environnementaux.<\/div>\n<ul class=\"consulter2 consulter2ProdServ\" style=\"font-family: Verdana, Arial, sans-serif; color: #000000; font-size: medium; font-weight: normal; margin-left: 0!important;\">\n<li style=\"padding: 0; font-weight: bold; font-size: 11px;\"><a style=\"text-decoration: initial; color: #800080;\" title=\"En savoir plus sur ce projet d'\u00e9oliennes offshore (nouvelle fen\u00eatre)\" href=\"http:\/\/ademe.typepad.fr\/presse\/2013\/01\/letat-investit-dans-le-deploiement-de-leolien-offshore.html\" target=\"_blank\">En savoir plus sur ce projet d&rsquo;\u00e9oliennes offshore<\/a><\/li>\n<\/ul>\n<ul class=\"consulter2 consulter2ProdServ\" style=\"font-family: Verdana, Arial, sans-serif; color: #000000; font-size: medium; font-weight: normal; margin-left: 0!important;\">\n<li style=\"padding: 0; font-weight: bold; font-size: 11px;\"><a style=\"text-decoration: initial; color: #800080;\" title=\"Lire le communiqu\u00e9 de presse (nouvelle fen\u00eatre)\" href=\"http:\/\/www.alstom.com\/press-centre\/fr\/2013\/1\/alstom-lance-la-construction-de-ses-usines-de-saint-nazaire-en-presence-du-premier-ministre-\/\" target=\"_blank\">Lire le communiqu\u00e9 de presse<\/a><\/li>\n<\/ul>\n<ul class=\"plus2 plus2ProdServ\" style=\"font-family: Verdana, Arial, sans-serif; color: #000000; font-size: medium; font-weight: normal; margin-left: 0!important;\">\n<li style=\"padding: 0; font-weight: bold; font-size: 11px;\"><a style=\"text-decoration: initial; color: #800080;\" title=\"En savoir plus sur les Investissements d'Avenir (nouvelle fen\u00eatre)\" href=\"http:\/\/www2.ademe.fr\/servlet\/KBaseShow?sort=-1&amp;cid=96&amp;m=3&amp;catid=24707\" target=\"_top\">En savoir plus sur les Investissements d&rsquo;Avenir<\/a><\/li>\n<\/ul>\n<p>Source : ADEME<\/p>\n","protected":false},"excerpt":{"rendered":"<p>23\/01\/13 Lundi 21 janvier 2013, le premier ministre Jean-Marc Ayrault,en pr??sence de Fran??ois Moisan Directeur ex??cutif de l???ADEME, de Patrick Kron pr??sident d&rsquo;Alstom, des ministres Pierre Moscovici ministre de l&rsquo;??conomie et des Finances, A&#8230;<\/p>\n","protected":false},"author":1,"featured_media":0,"comment_status":"open","ping_status":"open","sticky":false,"template":"","format":"standard","meta":{"jetpack_post_was_ever_published":false,"_jetpack_newsletter_access":"","_jetpack_dont_email_post_to_subs":false,"_jetpack_newsletter_tier_id":0,"_jetpack_memberships_contains_paywalled_content":false,"_jetpack_memberships_contains_paid_content":false,"footnotes":"","jetpack_publicize_message":"","jetpack_publicize_feature_enabled":true,"jetpack_social_post_already_shared":false,"jetpack_social_options":{"image_generator_settings":{"template":"highway","default_image_id":0,"font":"","enabled":false},"version":2}},"categories":[2,8],"tags":[],"class_list":["post-330","post","type-post","status-publish","format-standard","hentry","category-ademe","category-eolien","item-wrap"],"jetpack_publicize_connections":[],"jetpack_featured_media_url":"","jetpack_shortlink":"https:\/\/wp.me\/p3rXAp-5k","jetpack_likes_enabled":true,"jetpack-related-posts":[{"id":1098,"url":"https:\/\/www.enviroscop.fr\/actu\/2013\/06\/eolien-offshore-consortium-reduit-edf-et-wpd-offshore-avec-alstom-comme-fournisseur\/","url_meta":{"origin":330,"position":0},"title":"\u00c9olien offshore : consortium r\u00e9duit EDF et WPD Offshore, avec Alstom comme fournisseur","author":"Enviroscop","date":"3 juin 2013","format":false,"excerpt":"EDF \u00c9nergies Nouvelles et l\u2019allemand WPD Offshore vont cr\u00e9er une soci\u00e9t\u00e9 commune pour r\u00e9pondre au second appel d\u2019offres gouvernemental pour l\u2019\u00e9olien en mer. EDF Energies Nouvelles EDF EN et WPD Offshore ont annonc\u00e9 la signature d\u2019un accord de partenariat. Les deux groupes veulent ainsi r\u00e9pondre ensemble au second appel d\u2019offres\u2026","rel":"","context":"Dans &quot;Energie&quot;","block_context":{"text":"Energie","link":"https:\/\/www.enviroscop.fr\/actu\/category\/energie\/"},"img":{"alt_text":"eole3","src":"https:\/\/i0.wp.com\/www.enviroscop.fr\/actu\/wp-content\/uploads\/2013\/04\/eole3.jpg?resize=350%2C200","width":350,"height":200},"classes":[]},{"id":1604,"url":"https:\/\/www.enviroscop.fr\/actu\/2013\/11\/alstom-installe-son-eolienne-geante-sur-le-site-de-belwind-en-belgique-eolien-enerzine-com\/","url_meta":{"origin":330,"position":1},"title":"Alstom installe son \u00e9olienne g\u00e9ante sur le site de Belwind en Belgique > Eolien &#8211; Enerzine.com","author":"Enviroscop","date":"21 novembre 2013","format":false,"excerpt":"Alstom a annonc\u00e9 mercredi avoir finalis\u00e9 ce week-end l'installation en mer de son \u00e9olienne offshore nouvelle g\u00e9n\u00e9ration Haliade 150 - 6MW, au large des c\u00f4tes d'Ostende sur le site de Belwind en Belgique. Il s'agit selon l'industriel fran\u00e7ais de la plus grande \u00e9olienne jamais install\u00e9e en mer. Avec un rotor\u2026","rel":"","context":"Dans &quot;Eolien&quot;","block_context":{"text":"Eolien","link":"https:\/\/www.enviroscop.fr\/actu\/category\/energie\/renouvelable\/eolien\/"},"img":{"alt_text":"","src":"","width":0,"height":0},"classes":[]},{"id":1936,"url":"https:\/\/www.enviroscop.fr\/actu\/2014\/05\/eolien-en-mer-une-pluie-de-retombees-attendues-sur-le-littoral-localtis-info-un-service-caisse-des-depots\/","url_meta":{"origin":330,"position":2},"title":"Eolien en mer : une pluie de retomb\u00e9es attendues sur le littoral &#8211; Localtis.info un service Caisse des D\u00e9p\u00f4ts","author":"Enviroscop","date":"13 mai 2014","format":false,"excerpt":"Le 7 mai, la ministre de l'Ecologie, S\u00e9gol\u00e8ne Royal, a d\u00e9voil\u00e9 les r\u00e9sultats du second appel d'offres du gouvernement sur l'\u00e9olien en mer. GDF Suez et Areva remportent, au d\u00e9triment d'EDF et Alstom, l'installation et l'exploitation des deux parcs \u00e9oliens de Yeu-Noirmoutier (Vend\u00e9e) et du Tr\u00e9port (Seine-Maritime). Une bonne nouvelle\u2026","rel":"","context":"Dans &quot;durable&quot;","block_context":{"text":"durable","link":"https:\/\/www.enviroscop.fr\/actu\/category\/durable\/"},"img":{"alt_text":"","src":"","width":0,"height":0},"classes":[]},{"id":1870,"url":"https:\/\/www.enviroscop.fr\/actu\/2014\/03\/offshore-veulettes-sur-mer-prochain-parc-dessais\/","url_meta":{"origin":330,"position":3},"title":"Offshore &#8211; Veulettes-sur-Mer, prochain parc d&rsquo;essais ?","author":"Enviroscop","date":"28 mars 2014","format":false,"excerpt":"Le premier projet fran\u00e7ais de parc offshore \u00e0 avoir remport\u00e9 un appel d'offres en 2005 n'a jusqu'\u00e0 pr\u00e9sent pas vu le jour. Port\u00e9 par Enertrag, ce projet pr\u00e9voyait l'implantation au large de Veulettes-sur-Mer (Seine-Maritime) de 21 \u00e9oliennes, pour une puissance totale de 105 MW. Apr\u00e8s neuf ans de proc\u00e9dure, le\u2026","rel":"","context":"Dans &quot;ADEME&quot;","block_context":{"text":"ADEME","link":"https:\/\/www.enviroscop.fr\/actu\/category\/source\/ademe\/"},"img":{"alt_text":"","src":"","width":0,"height":0},"classes":[]},{"id":4665,"url":"https:\/\/www.enviroscop.fr\/actu\/2022\/03\/22-territoires-experimentent-des-leviers-daction-contre-lartificialisation-des-sols\/","url_meta":{"origin":330,"position":4},"title":"22 territoires exp\u00e9rimentent des leviers d\u2019action contre l\u2019artificialisation des sols","author":"Enviroscop","date":"22 mars 2022","format":false,"excerpt":"La ministre d\u00e9l\u00e9gu\u00e9e en charge du Logement, Emmanuelle Wargon, B\u00e9rang\u00e8re Abba, Secr\u00e9taire d\u2019Etat charg\u00e9e de la Biodiversit\u00e9 et Arnaud Leroy, pr\u00e9sident de l\u2019Ademe, d\u00e9voilent les 22 projets retenus pour l\u2019exp\u00e9rimentation \u00ab Objectif ZAN (Z\u00e9ro Artificialisation nette) \u00bb.\u00a0 La loi Climat et R\u00e9silience place d\u00e9sormais les territoires au c\u0153ur des enjeux\u2026","rel":"","context":"Dans &quot;ADEME&quot;","block_context":{"text":"ADEME","link":"https:\/\/www.enviroscop.fr\/actu\/category\/source\/ademe\/"},"img":{"alt_text":"","src":"","width":0,"height":0},"classes":[]},{"id":2052,"url":"https:\/\/www.enviroscop.fr\/actu\/2014\/09\/eoliennes-et-radars-larmee-envisagerait-une-etude-au-cas-par-cas\/","url_meta":{"origin":330,"position":5},"title":"Eoliennes et radars : l&rsquo;arm\u00e9e envisagerait une \u00e9tude au cas par cas","author":"Enviroscop","date":"19 septembre 2014","format":false,"excerpt":"Il n'y aura pas d'interdiction globale mais une \u00e9tude au cas par cas des projets de parcs \u00e9oliens qui pourraient entrer en conflit avec des zones d'entra\u00eenement de l'arm\u00e9e ou des radars militaires, rapporte l'AFP ce mardi 16 septembre. \"Le ministre de la D\u00e9fense s'est personnellement engag\u00e9 \u00e0 ce qu'il\u2026","rel":"","context":"Dans &quot;Energie&quot;","block_context":{"text":"Energie","link":"https:\/\/www.enviroscop.fr\/actu\/category\/energie\/"},"img":{"alt_text":"","src":"","width":0,"height":0},"classes":[]}],"jetpack_sharing_enabled":true,"_links":{"self":[{"href":"https:\/\/www.enviroscop.fr\/actu\/wp-json\/wp\/v2\/posts\/330","targetHints":{"allow":["GET"]}}],"collection":[{"href":"https:\/\/www.enviroscop.fr\/actu\/wp-json\/wp\/v2\/posts"}],"about":[{"href":"https:\/\/www.enviroscop.fr\/actu\/wp-json\/wp\/v2\/types\/post"}],"author":[{"embeddable":true,"href":"https:\/\/www.enviroscop.fr\/actu\/wp-json\/wp\/v2\/users\/1"}],"replies":[{"embeddable":true,"href":"https:\/\/www.enviroscop.fr\/actu\/wp-json\/wp\/v2\/comments?post=330"}],"version-history":[{"count":0,"href":"https:\/\/www.enviroscop.fr\/actu\/wp-json\/wp\/v2\/posts\/330\/revisions"}],"wp:attachment":[{"href":"https:\/\/www.enviroscop.fr\/actu\/wp-json\/wp\/v2\/media?parent=330"}],"wp:term":[{"taxonomy":"category","embeddable":true,"href":"https:\/\/www.enviroscop.fr\/actu\/wp-json\/wp\/v2\/categories?post=330"},{"taxonomy":"post_tag","embeddable":true,"href":"https:\/\/www.enviroscop.fr\/actu\/wp-json\/wp\/v2\/tags?post=330"}],"curies":[{"name":"wp","href":"https:\/\/api.w.org\/{rel}","templated":true}]}}