{"id":332,"date":"2011-08-31T06:47:00","date_gmt":"2011-08-31T06:47:00","guid":{"rendered":"http:\/\/actu.enviroscop.com\/lespace-urbain-augmente-de-19-en-une-decennie"},"modified":"2013-05-01T12:38:06","modified_gmt":"2013-05-01T11:38:06","slug":"lespace-urbain-augmente-de-19-en-une-decennie","status":"publish","type":"post","link":"https:\/\/www.enviroscop.fr\/actu\/2011\/08\/lespace-urbain-augmente-de-19-en-une-decennie\/","title":{"rendered":"L&rsquo;espace urbain augmente de 19 % en une d\u00e9cennie"},"content":{"rendered":"<p>En 10 ans, la superficie de l\u2019espace urbain en m\u00e9tropole progresse de 19 %. Les villes occupent d\u00e9sormais 22 % du territoire et abritent 47,9 millions d\u2019habitants, soit 77,5 % de la population. De nouvelles petites unit\u00e9s urbaines sont apparues, et le p\u00e9rim\u00e8tre de certaines grandes unit\u00e9s urbaines s\u2019est agrandi.<br \/>\n10,3 millions de personnes habitent dans l\u2019agglom\u00e9ration parisienne et plus de 1,5 million dans celles de Marseille et de Lyon. L\u2019urbanisation progresse surtout le long des littoraux atlantique et m\u00e9diterran\u00e9en, mais aussi dans les r\u00e9gions alpines.<br \/>\nC\u2019est \u00e0 la campagne que la croissance d\u00e9mographique est la plus importante.<br \/>\nElle est aussi plus forte dans les petites unit\u00e9s urbaines que dans les grandes.<\/p>\n<p><a href=\"http:\/\/www.insee.fr\/fr\/ffc\/ipweb\/ip1364\/ip1364.pdf\" target=\"_blank\">Pour lire la publication de l&rsquo;INSEE, c&rsquo;est ICI.<\/a><\/p>\n<p><a href=\"http:\/\/www.insee.fr\/fr\/themes\/document.asp?ref_id=ip1364\" target=\"_blank\">Pour plus de d\u00e9tail, le site de l&rsquo;\u00e9tude.<\/a><\/p>\n","protected":false},"excerpt":{"rendered":"<p>En 10 ans, la superficie de l???espace urbain en m??tropole progresse de 19 %. Les villes occupent d??sormais 22 % du territoire et abritent 47,9 millions d???habitants, soit 77,5 % de la population. De nouvelles petites unit??s urbaines sont appa&#8230;<\/p>\n","protected":false},"author":1,"featured_media":0,"comment_status":"open","ping_status":"open","sticky":false,"template":"","format":"standard","meta":{"jetpack_post_was_ever_published":false,"_jetpack_newsletter_access":"","_jetpack_dont_email_post_to_subs":false,"_jetpack_newsletter_tier_id":0,"_jetpack_memberships_contains_paywalled_content":false,"_jetpack_memberships_contains_paid_content":false,"footnotes":"","jetpack_publicize_message":"","jetpack_publicize_feature_enabled":true,"jetpack_social_post_already_shared":false,"jetpack_social_options":{"image_generator_settings":{"template":"highway","default_image_id":0,"font":"","enabled":false},"version":2}},"categories":[49,56],"tags":[],"class_list":["post-332","post","type-post","status-publish","format-standard","hentry","category-scot","category-urbanisation","item-wrap"],"jetpack_publicize_connections":[],"jetpack_featured_media_url":"","jetpack_shortlink":"https:\/\/wp.me\/p3rXAp-5m","jetpack_likes_enabled":true,"jetpack-related-posts":[{"id":210,"url":"https:\/\/www.enviroscop.fr\/actu\/2012\/04\/la-multifonctionnalite-des-trames-vertes-et-b\/","url_meta":{"origin":332,"position":0},"title":"La multifonctionnalit\u00e9 des trames vertes et bleues en zones urbaines","author":"Enviroscop","date":"24 avril 2012","format":false,"excerpt":"Ce travail, initi?? par l'IAU IDF, vise faire un ??tat de l'art sur la question des TVB en zones urbaines. L'objectif est de mettre en lumi??re les diff??rentes fonctions des TVB en milieu urbain et comment actuellement, cette d??marche est app...","rel":"","context":"Dans &quot;Trames verte et bleue&quot;","block_context":{"text":"Trames verte et bleue","link":"https:\/\/www.enviroscop.fr\/actu\/category\/nature\/trames-verte-et-bleue\/"},"img":{"alt_text":"","src":"","width":0,"height":0},"classes":[]},{"id":4261,"url":"https:\/\/www.enviroscop.fr\/actu\/2021\/05\/lancement-de-la-plateforme-experimentations-urbaines-de-lademe\/","url_meta":{"origin":332,"position":1},"title":"LANCEMENT DE LA PLATEFORME \u00ab\u00a0EXP\u00c9RIMENTATIONS URBAINES\u00a0\u00bb DE L&rsquo;ADEME","author":"Enviroscop","date":"27 mai 2021","format":false,"excerpt":"La plateforme digitale co-\u00e9labor\u00e9e par OR\u00c9E met en avant les travaux d'innovation urbaine et d'urbanisme durable port\u00e9s par l'ADEME Dans le cadre de son activit\u00e9 de lutte contre le r\u00e9chauffement climatique et la d\u00e9gradation des ressources, l'Agence de la transition \u00e9cologique (ADEME), accompagne les acteurs de la planification et de\u2026","rel":"","context":"Dans &quot;ADEME&quot;","block_context":{"text":"ADEME","link":"https:\/\/www.enviroscop.fr\/actu\/category\/source\/ademe\/"},"img":{"alt_text":"","src":"https:\/\/i0.wp.com\/www.oree.org\/source\/_257.jpg?resize=350%2C200","width":350,"height":200,"srcset":"https:\/\/i0.wp.com\/www.oree.org\/source\/_257.jpg?resize=350%2C200 1x, https:\/\/i0.wp.com\/www.oree.org\/source\/_257.jpg?resize=525%2C300 1.5x"},"classes":[]},{"id":155,"url":"https:\/\/www.enviroscop.fr\/actu\/2011\/10\/le-nouveau-zonage-en-aires-urbaines-de-2010\/","url_meta":{"origin":332,"position":2},"title":"Le nouveau zonage en aires urbaines de 2010","author":"Enviroscop","date":"20 octobre 2011","format":false,"excerpt":"61 millions de personnes, soit 95 % de la population, vivent sous l???influence de la ville. Pour l???essentiel, il s???agit de personnes r??sidant dans des aires, zones d?????changes intensifs entre les lieux de domicile et de travail. Les aires ...","rel":"","context":"Dans &quot;urbanisation&quot;","block_context":{"text":"urbanisation","link":"https:\/\/www.enviroscop.fr\/actu\/category\/amenagement\/urbanisme\/urbanisation\/"},"img":{"alt_text":"","src":"","width":0,"height":0},"classes":[]},{"id":341,"url":"https:\/\/www.enviroscop.fr\/actu\/2011\/06\/letalement-urbain-enjeu-societal-et-environne\/","url_meta":{"origin":332,"position":3},"title":"L&rsquo;??talement urbain, enjeu soci??tal et environnemental, ??tude de la FNAUT","author":"Enviroscop","date":"16 juin 2011","format":false,"excerpt":"L???Etalement urbain, enjeu soci??tal et environnemental??? Etude de la FNAUT Une r??cente ??tude initi??e par la f??d??ration nationale des associations d'usagers des transports (FNAUT) et financ??e par l???Ademe aborde le th??me de l?????talemen...","rel":"","context":"Dans &quot;Energie&quot;","block_context":{"text":"Energie","link":"https:\/\/www.enviroscop.fr\/actu\/category\/energie\/"},"img":{"alt_text":"FNAUT.jpg","src":"https:\/\/i0.wp.com\/img.over-blog.com\/458x600\/3\/90\/58\/51\/Environnement\/Ecoquartier\/FNAUT.jpg?resize=350%2C200","width":350,"height":200},"classes":[]},{"id":3686,"url":"https:\/\/www.enviroscop.fr\/actu\/2020\/04\/trames-vertes-et-infrastructures-lineaires-de-transport-urbaines\/","url_meta":{"origin":332,"position":4},"title":"Trames vertes et infrastructures lin\u00e9aires de transport urbaines","author":"Enviroscop","date":"6 avril 2020","format":false,"excerpt":"Le projet de recherche RENATU vise \u00e0 comprendre dans quelle mesure, dans un milieu urbain dense, l\u2019implantation d\u2019Infrastructures Lin\u00e9aires de Transport et de leurs emprises (ILTe), peut \u00eatre b\u00e9n\u00e9fique \u00e0 la biodiversit\u00e9 et quel r\u00f4le jouent les ILTe dans le d\u00e9placement des esp\u00e8ces.Il s\u2019attache \u00e0 analyser le rapport des acteurs\u2026","rel":"","context":"Dans &quot;Am\u00e9nagement&quot;","block_context":{"text":"Am\u00e9nagement","link":"https:\/\/www.enviroscop.fr\/actu\/category\/amenagement\/"},"img":{"alt_text":"","src":"","width":0,"height":0},"classes":[]},{"id":262,"url":"https:\/\/www.enviroscop.fr\/actu\/2012\/01\/publicite-exterieure-enseignes-et-preenseigne\/","url_meta":{"origin":332,"position":5},"title":"Publicit\u00e9 ext\u00e9rieure, enseignes et pr\u00e9enseignes : un nouveau d\u00e9cret pour le cadre de vie et la biodiversit\u00e9","author":"Enviroscop","date":"31 janvier 2012","format":false,"excerpt":"Le d??cret n 2012-118 du 30 janvier 2012 entrera en vigueur le 1er juillet 2012. De nouvelles limitations vont s'imposer la publicit?? ext??rieure, et notamment : les formats des dispositifs publicitaires muraux seront r??duits, en fonction d...","rel":"","context":"Dans &quot;Juridique&quot;","block_context":{"text":"Juridique","link":"https:\/\/www.enviroscop.fr\/actu\/category\/juridique\/"},"img":{"alt_text":"","src":"","width":0,"height":0},"classes":[]}],"jetpack_sharing_enabled":true,"_links":{"self":[{"href":"https:\/\/www.enviroscop.fr\/actu\/wp-json\/wp\/v2\/posts\/332","targetHints":{"allow":["GET"]}}],"collection":[{"href":"https:\/\/www.enviroscop.fr\/actu\/wp-json\/wp\/v2\/posts"}],"about":[{"href":"https:\/\/www.enviroscop.fr\/actu\/wp-json\/wp\/v2\/types\/post"}],"author":[{"embeddable":true,"href":"https:\/\/www.enviroscop.fr\/actu\/wp-json\/wp\/v2\/users\/1"}],"replies":[{"embeddable":true,"href":"https:\/\/www.enviroscop.fr\/actu\/wp-json\/wp\/v2\/comments?post=332"}],"version-history":[{"count":0,"href":"https:\/\/www.enviroscop.fr\/actu\/wp-json\/wp\/v2\/posts\/332\/revisions"}],"wp:attachment":[{"href":"https:\/\/www.enviroscop.fr\/actu\/wp-json\/wp\/v2\/media?parent=332"}],"wp:term":[{"taxonomy":"category","embeddable":true,"href":"https:\/\/www.enviroscop.fr\/actu\/wp-json\/wp\/v2\/categories?post=332"},{"taxonomy":"post_tag","embeddable":true,"href":"https:\/\/www.enviroscop.fr\/actu\/wp-json\/wp\/v2\/tags?post=332"}],"curies":[{"name":"wp","href":"https:\/\/api.w.org\/{rel}","templated":true}]}}